{"id":5559,"date":"2025-07-04T17:04:57","date_gmt":"2025-07-04T21:04:57","guid":{"rendered":"https:\/\/fim7p3z92e.onrocket.site\/?p=5559"},"modified":"2025-09-12T17:43:10","modified_gmt":"2025-09-12T21:43:10","slug":"remodelage-des-reseaux-sociaux","status":"publish","type":"post","link":"https:\/\/sooma.ca\/fr\/remodelage-des-reseaux-sociaux\/","title":{"rendered":"Remodelage des r\u00e9seaux sociaux"},"content":{"rendered":"\t\t<div data-elementor-type=\"wp-post\" data-elementor-id=\"5559\" class=\"elementor elementor-5559 elementor-5527\" data-elementor-post-type=\"post\">\n\t\t\t\t<div class=\"elementor-element elementor-element-1fdb902d e-flex e-con-boxed e-con e-parent\" data-id=\"1fdb902d\" data-element_type=\"container\" data-e-type=\"container\" data-settings=\"{&quot;background_background&quot;:&quot;classic&quot;}\">\n\t\t\t\t\t<div class=\"e-con-inner\">\n\t\t<div class=\"elementor-element elementor-element-4453ec e-con-full e-flex e-con e-child\" data-id=\"4453ec\" data-element_type=\"container\" data-e-type=\"container\" data-settings=\"{&quot;background_background&quot;:&quot;classic&quot;}\">\n\t\t<div class=\"elementor-element elementor-element-7d0e2d6f e-con-full e-flex e-con e-child\" data-id=\"7d0e2d6f\" data-element_type=\"container\" data-e-type=\"container\">\n\t\t\t\t<div class=\"elementor-element elementor-element-bedea8a elementor-widget elementor-widget-heading\" data-id=\"bedea8a\" data-element_type=\"widget\" data-e-type=\"widget\" data-widget_type=\"heading.default\">\n\t\t\t\t<div class=\"elementor-widget-container\">\n\t\t\t\t\t<h1 class=\"elementor-heading-title elementor-size-default\">Remodelage des r\u00e9seaux sociaux<\/h1>\t\t\t\t<\/div>\n\t\t\t\t<\/div>\n\t\t\t\t<div class=\"elementor-element elementor-element-389fa42e elementor-align-center elementor-widget elementor-widget-post-info\" data-id=\"389fa42e\" data-element_type=\"widget\" data-e-type=\"widget\" data-widget_type=\"post-info.default\">\n\t\t\t\t<div class=\"elementor-widget-container\">\n\t\t\t\t\t\t\t<ul class=\"elementor-inline-items elementor-icon-list-items elementor-post-info\">\n\t\t\t\t\t\t\t\t<li class=\"elementor-icon-list-item elementor-repeater-item-7f530f1 elementor-inline-item\" itemprop=\"datePublished\">\n\t\t\t\t\t\t<a href=\"https:\/\/sooma.ca\/fr\/2025\/07\/04\/\">\n\t\t\t\t\t\t\t\t\t\t\t\t\t\t<span class=\"elementor-icon-list-text elementor-post-info__item elementor-post-info__item--type-date\">\n\t\t\t\t\t\t\t\t\t\t<time>juillet 4, 2025<\/time>\t\t\t\t\t<\/span>\n\t\t\t\t\t\t\t\t\t<\/a>\n\t\t\t\t<\/li>\n\t\t\t\t<\/ul>\n\t\t\t\t\t\t<\/div>\n\t\t\t\t<\/div>\n\t\t\t\t<\/div>\n\t\t\t\t<\/div>\n\t\t\t\t\t<\/div>\n\t\t\t\t<\/div>\n\t\t<div class=\"elementor-element elementor-element-36051f1d e-flex e-con-boxed e-con e-parent\" data-id=\"36051f1d\" data-element_type=\"container\" data-e-type=\"container\">\n\t\t\t\t\t<div class=\"e-con-inner\">\n\t\t\t\t<div class=\"elementor-element elementor-element-3b15f775 elementor-widget elementor-widget-heading\" data-id=\"3b15f775\" data-element_type=\"widget\" data-e-type=\"widget\" data-widget_type=\"heading.default\">\n\t\t\t\t<div class=\"elementor-widget-container\">\n\t\t\t\t\t<h4 class=\"elementor-heading-title elementor-size-default\"><a href=\"https:\/\/fuelingforrecovery.com\/why-athletes-cant-stop-thinking-about-food\/\" rel=\"noopener\">Les m\u00e9dias sociaux sont omnipr\u00e9sents dans notre vie quotidienne, et beaucoup passent des heures \u00e0 parcourir inconsciemment Instagram ou Facebook et \u00e0 publier sur leurs comptes. Les r\u00e9seaux sociaux pr\u00e9sentent de nombreux avantages, tels que la connexion et l\u2019interaction avec les amis et la famille et l\u2019obtention de mises \u00e0 jour sur la vie des autres, mais avez-vous d\u00e9j\u00e0 pens\u00e9 aux inconv\u00e9nients des r\u00e9seaux sociaux et vous \u00eates-vous d\u00e9j\u00e0 demand\u00e9 si tous ces messages pouvaient avoir un impact sur la fa\u00e7on dont vous vous perceviez ?<\/a><\/h4>\t\t\t\t<\/div>\n\t\t\t\t<\/div>\n\t\t\t\t\t<\/div>\n\t\t\t\t<\/div>\n\t\t<div class=\"elementor-element elementor-element-2e8c622c e-flex e-con-boxed e-con e-parent\" data-id=\"2e8c622c\" data-element_type=\"container\" data-e-type=\"container\">\n\t\t\t\t\t<div class=\"e-con-inner\">\n\t\t<div class=\"elementor-element elementor-element-58db83a7 e-con-full e-flex e-con e-child\" data-id=\"58db83a7\" data-element_type=\"container\" data-e-type=\"container\">\n\t\t\t\t<div class=\"elementor-element elementor-element-2f2349d5 elementor-widget elementor-widget-image\" data-id=\"2f2349d5\" data-element_type=\"widget\" data-e-type=\"widget\" data-widget_type=\"image.default\">\n\t\t\t\t<div class=\"elementor-widget-container\">\n\t\t\t\t\t\t\t\t\t\t\t\t\t\t\t<img fetchpriority=\"high\" decoding=\"async\" width=\"300\" height=\"300\" src=\"https:\/\/sooma.ca\/wp-content\/uploads\/2025\/07\/47-300x300.png\" class=\"attachment-medium size-medium wp-image-5537\" alt=\"\" srcset=\"https:\/\/sooma.ca\/wp-content\/uploads\/2025\/07\/47-300x300.png 300w, https:\/\/sooma.ca\/wp-content\/uploads\/2025\/07\/47-1024x1024.png 1024w, https:\/\/sooma.ca\/wp-content\/uploads\/2025\/07\/47-150x150.png 150w, https:\/\/sooma.ca\/wp-content\/uploads\/2025\/07\/47-768x768.png 768w, https:\/\/sooma.ca\/wp-content\/uploads\/2025\/07\/47.png 1080w\" sizes=\"(max-width: 300px) 100vw, 300px\" \/>\t\t\t\t\t\t\t\t\t\t\t\t\t\t\t<\/div>\n\t\t\t\t<\/div>\n\t\t\t\t<\/div>\n\t\t<div class=\"elementor-element elementor-element-15c87b22 e-con-full e-flex e-con e-child\" data-id=\"15c87b22\" data-element_type=\"container\" data-e-type=\"container\">\n\t\t\t\t<div class=\"elementor-element elementor-element-31247f6b elementor-widget elementor-widget-text-editor\" data-id=\"31247f6b\" data-element_type=\"widget\" data-e-type=\"widget\" data-widget_type=\"text-editor.default\">\n\t\t\t\t<div class=\"elementor-widget-container\">\n\t\t\t\t\t\t\t\t\t<div class=\"vc_row wpb_row vc_row-fluid\"><div class=\"wpb_column vc_column_container vc_col-sm-12\"><div class=\"vc_column-inner\"><div class=\"wpb_wrapper\"><div class=\"wpb_text_column wpb_content_element \"><div class=\"wpb_wrapper\"><h3><strong>Le lien entre les m\u00e9dias sociaux et l\u2019image corporelle<\/strong><\/h3><\/div><\/div><\/div><\/div><\/div><\/div><div class=\"vc_row wpb_row vc_row-fluid\"><div class=\"wpb_column vc_column_container vc_col-sm-12\"><div class=\"vc_column-inner\"><div class=\"wpb_wrapper\"><div class=\"wpb_text_column wpb_content_element \"><div class=\"wpb_wrapper\"><p>\u00a0<\/p><p>De nombreux chercheurs ont \u00e9tudi\u00e9 le lien entre l\u2019utilisation des m\u00e9dias sociaux et l\u2019image corporelle. En effet, lorsque nous parcourons les r\u00e9seaux sociaux, nous avons tendance \u00e0 nous comparer aux autres ; m\u00eame si ce n\u2019est pas ce que nous voulons faire, nous avons tendance \u00e0 le faire inconsciemment. Des recherches ont montr\u00e9 que les femmes ont tendance \u00e0 se comparer \u00e0 des c\u00e9l\u00e9brit\u00e9s et \u00e0 des pairs ou connaissances \u00e9loign\u00e9s, plut\u00f4t qu\u2019\u00e0 leur famille et \u00e0 leurs amis. V\u00e9ritablement, c\u2019est cette comparaison qui a un impact n\u00e9gatif sur l\u2019image corporelle, qui diminue l\u2019estime de soi des gens et qui ruine les relations des gens avec la nourriture et leur corps.<\/p><p>Certains de nos clients ont trouv\u00e9 tr\u00e8s utile le fait de ne plus suivre certains comptes ou de masquer les publications qui menaient vers une r\u00e9flexion n\u00e9gative sur eux-m\u00eames. Par exemple, si votre fil d\u2019actualit\u00e9 est rempli de femmes tr\u00e8s minces, d\u2019hommes tr\u00e8s muscl\u00e9s, ou de comptes qui utilisent des filtres et qui retouchent toutes leurs photos, il est naturel que vous vous jugez sur la base de ces normes corporelles irr\u00e9alistes. Non seulement pourrait-il \u00eatre important de vous d\u00e9barrasser de ces attentes n\u00e9gatives, mais aussi de les remplir d\u2019attentes r\u00e9alistes. C\u2019est pourquoi nous vous sugg\u00e9rons de suivre de nouveaux comptes, ceux qui vous exposeront \u00e0 la diversit\u00e9 corporelle.<\/p><\/div><\/div><\/div><\/div><\/div><\/div>\t\t\t\t\t\t\t\t<\/div>\n\t\t\t\t<\/div>\n\t\t\t\t<\/div>\n\t\t\t\t\t<\/div>\n\t\t\t\t<\/div>\n\t\t<div class=\"elementor-element elementor-element-25f8777d e-flex e-con-boxed e-con e-parent\" data-id=\"25f8777d\" data-element_type=\"container\" data-e-type=\"container\">\n\t\t\t\t\t<div class=\"e-con-inner\">\n\t\t<div class=\"elementor-element elementor-element-6286813f e-con-full e-flex e-con e-child\" data-id=\"6286813f\" data-element_type=\"container\" data-e-type=\"container\">\n\t\t\t\t<div class=\"elementor-element elementor-element-59c7eb0 elementor-widget elementor-widget-image\" data-id=\"59c7eb0\" data-element_type=\"widget\" data-e-type=\"widget\" data-widget_type=\"image.default\">\n\t\t\t\t<div class=\"elementor-widget-container\">\n\t\t\t\t\t\t\t\t\t\t\t\t\t\t\t<img decoding=\"async\" width=\"300\" height=\"300\" src=\"https:\/\/sooma.ca\/wp-content\/uploads\/2025\/07\/48-300x300.png\" class=\"attachment-medium size-medium wp-image-5539\" alt=\"\" srcset=\"https:\/\/sooma.ca\/wp-content\/uploads\/2025\/07\/48-300x300.png 300w, https:\/\/sooma.ca\/wp-content\/uploads\/2025\/07\/48-1024x1024.png 1024w, https:\/\/sooma.ca\/wp-content\/uploads\/2025\/07\/48-150x150.png 150w, https:\/\/sooma.ca\/wp-content\/uploads\/2025\/07\/48-768x768.png 768w, https:\/\/sooma.ca\/wp-content\/uploads\/2025\/07\/48.png 1080w\" sizes=\"(max-width: 300px) 100vw, 300px\" \/>\t\t\t\t\t\t\t\t\t\t\t\t\t\t\t<\/div>\n\t\t\t\t<\/div>\n\t\t\t\t<\/div>\n\t\t<div class=\"elementor-element elementor-element-4167030a e-con-full e-flex e-con e-child\" data-id=\"4167030a\" data-element_type=\"container\" data-e-type=\"container\">\n\t\t\t\t<div class=\"elementor-element elementor-element-f1e3201 elementor-widget elementor-widget-text-editor\" data-id=\"f1e3201\" data-element_type=\"widget\" data-e-type=\"widget\" data-widget_type=\"text-editor.default\">\n\t\t\t\t<div class=\"elementor-widget-container\">\n\t\t\t\t\t\t\t\t\t<div class=\"vc_row wpb_row vc_row-fluid\"><div class=\"wpb_column vc_column_container vc_col-sm-12\"><div class=\"vc_column-inner\"><div class=\"wpb_wrapper\"><div class=\"wpb_text_column wpb_content_element \"><div class=\"wpb_wrapper\"><h3><strong>Plusieurs comptes Instagram pour embellir votre fil d\u2019actualit\u00e9<\/strong><\/h3><\/div><\/div><\/div><\/div><\/div><\/div><div class=\"vc_row wpb_row vc_row-fluid\"><div class=\"wpb_column vc_column_container vc_col-sm-12\"><div class=\"vc_column-inner\"><div class=\"wpb_wrapper\"><div class=\"wpb_text_column wpb_content_element \"><div class=\"wpb_wrapper\"><div class=\"vc_row wpb_row vc_row-fluid\"><div class=\"wpb_column vc_column_container vc_col-sm-12\"><div class=\"vc_column-inner\"><div class=\"wpb_wrapper\"><div class=\"wpb_text_column wpb_content_element \"><div class=\"wpb_wrapper\"><h4>\u00a0<\/h4><h4><strong>Comptes Anglais<\/strong><\/h4><\/div><\/div><\/div><\/div><\/div><\/div><div class=\"vc_row wpb_row vc_row-fluid\"><div class=\"wpb_column vc_column_container vc_col-sm-3\"><div class=\"vc_column-inner\"><div class=\"wpb_wrapper\"><div class=\"wpb_single_image wpb_content_element vc_align_center\">\u00a0<\/div><\/div><\/div><\/div><div class=\"wpb_column vc_column_container vc_col-sm-9\"><div class=\"vc_column-inner\"><div class=\"wpb_wrapper\"><div class=\"wpb_text_column wpb_content_element \"><div class=\"wpb_wrapper\"><p><a href=\"https:\/\/www.instagram.com\/theintuitive_rd\/?hl=en\" rel=\"noopener\"><b>Theintuitive_rd<\/b><\/a><strong>:<\/strong>\u00a0Ce compte est g\u00e9r\u00e9 par Kristen Ackerman, une di\u00e9t\u00e9tiste professionnelle qui est une conseill\u00e8re certifi\u00e9e en alimentation intuitive et qui a pour objectif de vous aider \u00e0 faire la paix avec la nourriture et votre corps. Sa page Instagram est remplie de courtes vid\u00e9os et de messages traitant de tout, des mythes nutritionnels et des pens\u00e9es courantes aux conseils pour vous aider \u00e0 manger plus intuitivement et \u00e0 avoir une meilleure relation avec la nourriture et votre corps.<\/p><\/div><\/div><\/div><\/div><\/div><\/div><div class=\"vc_row wpb_row vc_row-fluid\"><div class=\"wpb_column vc_column_container vc_col-sm-3\"><div class=\"vc_column-inner\"><div class=\"wpb_wrapper\"><div class=\"wpb_single_image wpb_content_element vc_align_center\">\u00a0<\/div><\/div><\/div><\/div><div class=\"wpb_column vc_column_container vc_col-sm-9\"><div class=\"vc_column-inner\"><div class=\"wpb_wrapper\"><div class=\"wpb_text_column wpb_content_element \"><div class=\"wpb_wrapper\"><p><b><a href=\"https:\/\/www.instagram.com\/thebodypositive\/\" rel=\"noopener\">Thebodypositive<\/a>:\u00a0<\/b>Ce compte repr\u00e9sente The Body Positive, une organisation \u00e0 but non lucratif anti-r\u00e9gime qui aide les gens \u00e0 surmonter les conflits avec leur corps dans le but de mener une vie plus heureuse. Leur page Instagram c\u00e9l\u00e8bre tous les types de corps et promeut l\u2019amour de soi pour vous permettre de vous sentir mieux dans votre peau.<\/p><\/div><\/div><\/div><\/div><\/div><\/div><div class=\"vc_row wpb_row vc_row-fluid\"><div class=\"wpb_column vc_column_container vc_col-sm-3\"><div class=\"vc_column-inner\"><div class=\"wpb_wrapper\"><div class=\"wpb_single_image wpb_content_element vc_align_center\">\u00a0<\/div><\/div><\/div><\/div><div class=\"wpb_column vc_column_container vc_col-sm-9\"><div class=\"vc_column-inner\"><div class=\"wpb_wrapper\"><div class=\"wpb_text_column wpb_content_element \"><div class=\"wpb_wrapper\"><p><b><a href=\"https:\/\/www.instagram.com\/yrfatfriend\/\" rel=\"noopener\">Yrfatfriend<\/a>:\u00a0<\/b>Ce compte est g\u00e9r\u00e9 par Aubrey Gordon, un activiste qui se bat pour l\u2019acceptation des gros et qui parle des pr\u00e9jug\u00e9s anti-gros. Elle vous guide sur ce qu\u2019il ne faut pas dire aux personnes ob\u00e8ses et explique comment nous pourrions lutter pour l\u2019acceptation des gros.<\/p><\/div><\/div><\/div><\/div><\/div><\/div><div class=\"vc_row wpb_row vc_row-fluid\"><div class=\"wpb_column vc_column_container vc_col-sm-3\"><div class=\"vc_column-inner\"><div class=\"wpb_wrapper\"><div class=\"wpb_single_image wpb_content_element vc_align_center\">\u00a0<\/div><\/div><\/div><\/div><div class=\"wpb_column vc_column_container vc_col-sm-9\"><div class=\"vc_column-inner\"><div class=\"wpb_wrapper\"><div class=\"wpb_text_column wpb_content_element \"><div class=\"wpb_wrapper\"><p><b><a href=\"https:\/\/www.instagram.com\/dietitiananna\/\" rel=\"noopener\">Dietitiananna<\/a>:\u00a0<\/b>Ce compte est g\u00e9r\u00e9 par Anna Sweeney, une di\u00e9t\u00e9tiste anti-r\u00e9gime sp\u00e9cialis\u00e9e dans les troubles alimentaires et dans l\u2019alimentation intuitive qui publie des citations sur l\u2019image corporelle, des conseils de r\u00e9tablissement des troubles de l\u2019alimentation ainsi que des informations nutritionnelles. Son objectif est d\u2019aider les gens \u00e0 se sentir mieux dans leurs corps et de leur montrer comment leurs corps et la nourriture soutiennent la vie.<\/p><\/div><\/div><\/div><\/div><\/div><\/div><div class=\"vc_row wpb_row vc_row-fluid\"><div class=\"wpb_column vc_column_container vc_col-sm-3\"><div class=\"vc_column-inner\"><div class=\"wpb_wrapper\"><div class=\"wpb_single_image wpb_content_element vc_align_center\">\u00a0<\/div><\/div><\/div><\/div><div class=\"wpb_column vc_column_container vc_col-sm-9\"><div class=\"vc_column-inner\"><div class=\"wpb_wrapper\"><div class=\"wpb_text_column wpb_content_element \"><div class=\"wpb_wrapper\"><p><b><a href=\"https:\/\/www.instagram.com\/nonairbrushedme\/\" rel=\"noopener\">Nonairbrushedme<\/a>:\u00a0<\/b>Ce compte en est un brut, diversifi\u00e9 et inclusif qui se concentre sur l\u2019acceptation du corps et la positivit\u00e9 corporelle. Il aide les gens \u00e0 embrasser leur beaut\u00e9 en publiant des images brutes et non \u00e9dit\u00e9es de femmes pour montrer que les images que nous voyons normalement en ligne ne montrent pas le vrai c\u00f4t\u00e9 des gens, mais en fait des versions \u00e9dit\u00e9es et embellies d\u2019eux-m\u00eames.<\/p><\/div><\/div><\/div><\/div><\/div><\/div><div class=\"vc_row wpb_row vc_row-fluid\"><div class=\"wpb_column vc_column_container vc_col-sm-12\"><div class=\"vc_column-inner\"><div class=\"wpb_wrapper\"><div class=\"wpb_text_column wpb_content_element \"><div class=\"wpb_wrapper\">\u00a0<\/div><\/div><\/div><\/div><\/div><\/div><\/div><\/div><\/div><\/div><\/div><\/div>\t\t\t\t\t\t\t\t<\/div>\n\t\t\t\t<\/div>\n\t\t\t\t<\/div>\n\t\t\t\t\t<\/div>\n\t\t\t\t<\/div>\n\t\t<div class=\"elementor-element elementor-element-6e397cd5 e-transform e-flex e-con-boxed e-con e-parent\" data-id=\"6e397cd5\" data-element_type=\"container\" data-e-type=\"container\" data-settings=\"{&quot;_transform_translateY_effect_hover&quot;:{&quot;unit&quot;:&quot;px&quot;,&quot;size&quot;:-5,&quot;sizes&quot;:[]},&quot;_transform_translateX_effect_hover&quot;:{&quot;unit&quot;:&quot;px&quot;,&quot;size&quot;:&quot;&quot;,&quot;sizes&quot;:[]},&quot;_transform_translateX_effect_hover_tablet&quot;:{&quot;unit&quot;:&quot;px&quot;,&quot;size&quot;:&quot;&quot;,&quot;sizes&quot;:[]},&quot;_transform_translateX_effect_hover_mobile&quot;:{&quot;unit&quot;:&quot;px&quot;,&quot;size&quot;:&quot;&quot;,&quot;sizes&quot;:[]},&quot;_transform_translateY_effect_hover_tablet&quot;:{&quot;unit&quot;:&quot;px&quot;,&quot;size&quot;:&quot;&quot;,&quot;sizes&quot;:[]},&quot;_transform_translateY_effect_hover_mobile&quot;:{&quot;unit&quot;:&quot;px&quot;,&quot;size&quot;:&quot;&quot;,&quot;sizes&quot;:[]}}\">\n\t\t\t\t\t<div class=\"e-con-inner\">\n\t\t<div class=\"elementor-element elementor-element-6c47d0c8 e-con-full e-flex e-con e-child\" data-id=\"6c47d0c8\" data-element_type=\"container\" data-e-type=\"container\">\n\t\t\t\t<div class=\"elementor-element elementor-element-38415745 elementor-widget elementor-widget-image\" data-id=\"38415745\" data-element_type=\"widget\" data-e-type=\"widget\" data-widget_type=\"image.default\">\n\t\t\t\t<div class=\"elementor-widget-container\">\n\t\t\t\t\t\t\t\t\t\t\t\t\t\t\t<img decoding=\"async\" width=\"300\" height=\"300\" src=\"https:\/\/sooma.ca\/wp-content\/uploads\/2025\/07\/49-300x300.png\" class=\"attachment-medium size-medium wp-image-5543\" alt=\"\" srcset=\"https:\/\/sooma.ca\/wp-content\/uploads\/2025\/07\/49-300x300.png 300w, https:\/\/sooma.ca\/wp-content\/uploads\/2025\/07\/49-1024x1024.png 1024w, https:\/\/sooma.ca\/wp-content\/uploads\/2025\/07\/49-150x150.png 150w, https:\/\/sooma.ca\/wp-content\/uploads\/2025\/07\/49-768x768.png 768w, https:\/\/sooma.ca\/wp-content\/uploads\/2025\/07\/49.png 1080w\" sizes=\"(max-width: 300px) 100vw, 300px\" \/>\t\t\t\t\t\t\t\t\t\t\t\t\t\t\t<\/div>\n\t\t\t\t<\/div>\n\t\t\t\t<\/div>\n\t\t<div class=\"elementor-element elementor-element-1b9dd5a e-con-full e-flex e-con e-child\" data-id=\"1b9dd5a\" data-element_type=\"container\" data-e-type=\"container\">\n\t\t\t\t<div class=\"elementor-element elementor-element-63d635be elementor-widget elementor-widget-text-editor\" data-id=\"63d635be\" data-element_type=\"widget\" data-e-type=\"widget\" data-widget_type=\"text-editor.default\">\n\t\t\t\t<div class=\"elementor-widget-container\">\n\t\t\t\t\t\t\t\t\t<div class=\"vc_row wpb_row vc_row-fluid\"><div class=\"wpb_column vc_column_container vc_col-sm-12\"><div class=\"vc_column-inner\"><div class=\"wpb_wrapper\"><div class=\"wpb_text_column wpb_content_element \"><div class=\"wpb_wrapper\"><h4><strong>Comptes Fran\u00e7ais<\/strong><\/h4><\/div><\/div><\/div><\/div><\/div><\/div><div class=\"vc_row wpb_row vc_row-fluid\"><div class=\"wpb_column vc_column_container vc_col-sm-3\"><div class=\"vc_column-inner\"><div class=\"wpb_wrapper\"><div class=\"wpb_single_image wpb_content_element vc_align_center\">\u00a0<\/div><\/div><\/div><\/div><div class=\"wpb_column vc_column_container vc_col-sm-9\"><div class=\"vc_column-inner\"><div class=\"wpb_wrapper\"><div class=\"wpb_text_column wpb_content_element \"><div class=\"wpb_wrapper\"><p><a href=\"https:\/\/www.instagram.com\/bienavecmoncorps\/\" rel=\"noopener\"><b>Bienavecmoncorps:\u00a0<\/b><\/a>Ce compte a pour objectif de vous faire sentir plus confiants dans votre peau. Il publie des photos brutes et diverses de personnes pour contrer les normes de beaut\u00e9 irr\u00e9alistes et pour vous montrer qu\u2019il est normal de ne pas \u00eatre mince et qu\u2019avoir de la graisse et des poils est NORMAL ! Ce compte publie \u00e9galement des affirmations positives, des citations de th\u00e9rapeutes et des histoires sur la positivit\u00e9 corporelle.<\/p><\/div><\/div><\/div><\/div><\/div><\/div><div class=\"vc_row wpb_row vc_row-fluid\"><div class=\"wpb_column vc_column_container vc_col-sm-3\"><div class=\"vc_column-inner\"><div class=\"wpb_wrapper\"><div class=\"wpb_single_image wpb_content_element vc_align_center\">\u00a0<\/div><\/div><\/div><\/div><div class=\"wpb_column vc_column_container vc_col-sm-9\"><div class=\"vc_column-inner\"><div class=\"wpb_wrapper\"><div class=\"wpb_text_column wpb_content_element \"><div class=\"wpb_wrapper\"><p><b><a href=\"https:\/\/www.instagram.com\/mangerenharmonie\/\" rel=\"noopener\">Mangerenharmonie<\/a>:\u00a0<\/b>Ce compte est g\u00e9r\u00e9 par Marilou Morin, une di\u00e9t\u00e9tiste professionnelle certifi\u00e9e en alimentation intuitive qui pratique \u00e0 travers d\u2019une approche Health At Every Size et qui utilise sa plateforme pour lutter pour la positivit\u00e9 corporelle. Elle a pour objectif d\u2019aider les gens \u00e0 faire la paix avec la nourriture, \u00e0 respecter leur corps et \u00e0 le nourrir sans culpabilit\u00e9.<\/p><\/div><\/div><\/div><\/div><\/div><\/div><div class=\"vc_row wpb_row vc_row-fluid\"><div class=\"wpb_column vc_column_container vc_col-sm-3\"><div class=\"vc_column-inner\"><div class=\"wpb_wrapper\"><div class=\"wpb_single_image wpb_content_element vc_align_center\">\u00a0<\/div><\/div><\/div><\/div><div class=\"wpb_column vc_column_container vc_col-sm-9\"><div class=\"vc_column-inner\"><div class=\"wpb_wrapper\"><div class=\"wpb_text_column wpb_content_element \"><div class=\"wpb_wrapper\"><p><b><a href=\"https:\/\/www.instagram.com\/lespiedsdanslesplats_\/\" rel=\"noopener\">Lespiedsdanslesplats_<\/a>:\u00a0<\/b>Ce compte est g\u00e9r\u00e9 par Marjolaine Cadieux, di\u00e9t\u00e9tiste professionnelle anti-di\u00e8te sp\u00e9cialis\u00e9e en alimentation intuitive et qui pratique selon une approche Health At Every Size. Elle fait des publications sur la grossophobie, l\u2019image corporelle, l\u2019alimentation intuitive et la culture des di\u00e8tes \u00e0 travers des \u00ab memes \u00bb humoristiques et des articles convaincants. Son objectif est d\u2019aider les gens \u00e0 avoir une meilleure relation avec la nourriture et leur corps.<\/p><\/div><\/div><\/div><\/div><\/div><\/div><div class=\"vc_row wpb_row vc_row-fluid\"><div class=\"wpb_column vc_column_container vc_col-sm-3\"><div class=\"vc_column-inner\"><div class=\"wpb_wrapper\"><div class=\"wpb_single_image wpb_content_element vc_align_center\">\u00a0<\/div><\/div><\/div><\/div><div class=\"wpb_column vc_column_container vc_col-sm-9\"><div class=\"vc_column-inner\"><div class=\"wpb_wrapper\"><div class=\"wpb_text_column wpb_content_element \"><div class=\"wpb_wrapper\"><p><b><a href=\"https:\/\/www.instagram.com\/corpsgros\/\" rel=\"noopener\">Corpsgros<\/a>:\u00a0<\/b>Ce compte a pour objectif de lutter contre la grossophobie et de parler de l\u2019image corporelle pour aider les gens \u00e0 avoir plus de positivit\u00e9 corporelle. Elle parle \u00e9galement de la fa\u00e7on dont les chaises et les meubles sont cens\u00e9s \u00eatre de taille inclusive, car quand on y pense, de nombreuses entreprises ne fabriquent pas de meubles qui pourraient \u00eatre utilis\u00e9s par des personnes qui sont grosses. Son objectif est de faire en sorte que les gens se sentent mieux dans leur peau et voient leur corps d\u2019une perspective diff\u00e9rente.<\/p><\/div><\/div><\/div><\/div><\/div><\/div><div class=\"vc_row wpb_row vc_row-fluid\"><div class=\"wpb_column vc_column_container vc_col-sm-3\"><div class=\"vc_column-inner\"><div class=\"wpb_wrapper\"><div class=\"wpb_single_image wpb_content_element vc_align_center\">\u00a0<\/div><\/div><\/div><\/div><div class=\"wpb_column vc_column_container vc_col-sm-9\"><div class=\"vc_column-inner\"><div class=\"wpb_wrapper\"><div class=\"wpb_text_column wpb_content_element \"><div class=\"wpb_wrapper\"><p><b><a href=\"https:\/\/www.instagram.com\/groupeequilibre\/\" rel=\"noopener\">Groupeequilibre<\/a>:\u00a0<\/b>Ce compte est g\u00e9r\u00e9 par une organisation \u00e0 but non lucratif et a pour objectif de vous aider \u00e0 avoir une meilleure relation avec la nourriture et votre corps. Il vise \u00e9galement \u00e0 aider les gens \u00e0 avoir une image corporelle plus positive et une meilleure estime de soi. Leurs publications consistent en des conseils sur l\u2019exercice, l\u2019\u00e9vitement de la culture des di\u00e8tes, des citations sur la diversit\u00e9 corporelle et l\u2019image corporelle, et des faits sur la culture des di\u00e8tes et l\u2019alimentation.<\/p><\/div><\/div><\/div><\/div><\/div><\/div>\t\t\t\t\t\t\t\t<\/div>\n\t\t\t\t<\/div>\n\t\t\t\t<\/div>\n\t\t\t\t\t<\/div>\n\t\t\t\t<\/div>\n\t\t<div class=\"elementor-element elementor-element-1e76125f e-flex e-con-boxed e-con e-parent\" data-id=\"1e76125f\" data-element_type=\"container\" data-e-type=\"container\">\n\t\t\t\t\t<div class=\"e-con-inner\">\n\t\t<div class=\"elementor-element elementor-element-2fad104 e-con-full e-flex e-con e-child\" data-id=\"2fad104\" data-element_type=\"container\" data-e-type=\"container\">\n\t\t\t\t<div class=\"elementor-element elementor-element-30b4c85c elementor-widget elementor-widget-image\" data-id=\"30b4c85c\" data-element_type=\"widget\" data-e-type=\"widget\" data-widget_type=\"image.default\">\n\t\t\t\t<div class=\"elementor-widget-container\">\n\t\t\t\t\t\t\t\t\t\t\t\t\t\t\t<img loading=\"lazy\" decoding=\"async\" width=\"300\" height=\"300\" src=\"https:\/\/sooma.ca\/wp-content\/uploads\/2025\/07\/50-300x300.png\" class=\"attachment-medium size-medium wp-image-5545\" alt=\"\" srcset=\"https:\/\/sooma.ca\/wp-content\/uploads\/2025\/07\/50-300x300.png 300w, https:\/\/sooma.ca\/wp-content\/uploads\/2025\/07\/50-1024x1024.png 1024w, https:\/\/sooma.ca\/wp-content\/uploads\/2025\/07\/50-150x150.png 150w, https:\/\/sooma.ca\/wp-content\/uploads\/2025\/07\/50-768x768.png 768w, https:\/\/sooma.ca\/wp-content\/uploads\/2025\/07\/50.png 1080w\" sizes=\"(max-width: 300px) 100vw, 300px\" \/>\t\t\t\t\t\t\t\t\t\t\t\t\t\t\t<\/div>\n\t\t\t\t<\/div>\n\t\t\t\t<\/div>\n\t\t<div class=\"elementor-element elementor-element-1d3108e1 e-con-full e-flex e-con e-child\" data-id=\"1d3108e1\" data-element_type=\"container\" data-e-type=\"container\">\n\t\t\t\t<div class=\"elementor-element elementor-element-6ea54bec elementor-widget elementor-widget-text-editor\" data-id=\"6ea54bec\" data-element_type=\"widget\" data-e-type=\"widget\" data-widget_type=\"text-editor.default\">\n\t\t\t\t<div class=\"elementor-widget-container\">\n\t\t\t\t\t\t\t\t\t<div class=\"vc_row wpb_row vc_row-fluid\"><div class=\"wpb_column vc_column_container vc_col-sm-12\"><div class=\"vc_column-inner\"><div class=\"wpb_wrapper\"><div class=\"wpb_text_column wpb_content_element \"><div class=\"wpb_wrapper\"><h4><strong>Comptes qui pourraient int\u00e9resser les adolescents<\/strong><\/h4><\/div><\/div><\/div><\/div><\/div><\/div><div class=\"vc_row wpb_row vc_row-fluid\"><div class=\"wpb_column vc_column_container vc_col-sm-3\"><div class=\"vc_column-inner\"><div class=\"wpb_wrapper\"><div class=\"wpb_single_image wpb_content_element vc_align_center\">\u00a0<\/div><\/div><\/div><\/div><div class=\"wpb_column vc_column_container vc_col-sm-9\"><div class=\"vc_column-inner\"><div class=\"wpb_wrapper\"><div class=\"wpb_text_column wpb_content_element \"><div class=\"wpb_wrapper\"><p><b><a href=\"https:\/\/www.instagram.com\/bodyimagewithbri\/\" rel=\"noopener\">Bodyimagewithbri<\/a>:\u00a0<\/b>Ce compte est g\u00e9r\u00e9 par Bri Campos, une \u00e9ducatrice en image corporelle et activiste luttant contre la grossophobie qui utilise sa plateforme pour enseigner aux gens l\u2019acceptation du corps et pour aider les gens \u00e0 g\u00e9rer les pens\u00e9es n\u00e9gatives sur leur image corporelle et \u00e0 avoir plus de libert\u00e9 alimentaire. Elle a pour objectif d\u2019aider les gens \u00e0 faire la paix avec leur corps et \u00e0 surmonter leur discours critique et leur haine corporelle, qu\u2019elle d\u00e9finit comme un deuil corporel.<\/p><\/div><\/div><\/div><\/div><\/div><\/div><div class=\"vc_row wpb_row vc_row-fluid\"><div class=\"wpb_column vc_column_container vc_col-sm-3\"><div class=\"vc_column-inner\"><div class=\"wpb_wrapper\"><div class=\"wpb_single_image wpb_content_element vc_align_center\">\u00a0<\/div><\/div><\/div><\/div><div class=\"wpb_column vc_column_container vc_col-sm-9\"><div class=\"vc_column-inner\"><div class=\"wpb_wrapper\"><div class=\"wpb_text_column wpb_content_element \"><div class=\"wpb_wrapper\"><p><b><a href=\"https:\/\/www.instagram.com\/rachaelhartleyrd\/\" rel=\"noopener\">Rachaelhartleyrd<\/a>:\u00a0<\/b>Ce compte est g\u00e9r\u00e9 par Rachael Hartley, une di\u00e9t\u00e9tiste anti-di\u00e8te qui parle et \u00e9duque les gens sur l\u2019alimentation intuitive et sur sa diff\u00e9rence avec la culture des di\u00e8tes. Son objectif est d\u2019aider les gens \u00e0 faire la paix avec leur corps, \u00e0 avoir une image corporelle positive et \u00e0 avoir une meilleure relation avec la nourriture en parlant de la nutrition et des mythes di\u00e9t\u00e9tiques.<\/p><\/div><\/div><\/div><\/div><\/div><\/div><div class=\"vc_row wpb_row vc_row-fluid\"><div class=\"wpb_column vc_column_container vc_col-sm-3\"><div class=\"vc_column-inner\"><div class=\"wpb_wrapper\"><div class=\"wpb_single_image wpb_content_element vc_align_center\">\u00a0<\/div><\/div><\/div><\/div><div class=\"wpb_column vc_column_container vc_col-sm-9\"><div class=\"vc_column-inner\"><div class=\"wpb_wrapper\"><div class=\"wpb_text_column wpb_content_element \"><div class=\"wpb_wrapper\"><p><b><a href=\"https:\/\/www.instagram.com\/antidietriotclub\/\" rel=\"noopener\">Antidietriotclub<\/a>:\u00a0<\/b>L\u2019Anti Diet Riot Club est une organisation \u00e0 but non lucratif qui vise \u00e0 se rebeller contre la culture di\u00e9t\u00e9tique. Leur compte Instagram se concentre sur les mythes de la culture des di\u00e8tes et sur les raisons pour lesquelles les r\u00e9gimes ne fonctionnent pas \u00e0 long terme. Il se concentre \u00e9galement sur la positivit\u00e9 corporelle et parle de la grossophobie et a pour objectif d\u2019aider les gens \u00e0 avoir une meilleure relation avec leur corps et avec la nourriture.<\/p><\/div><\/div><\/div><\/div><\/div><\/div><div class=\"vc_row wpb_row vc_row-fluid\"><div class=\"wpb_column vc_column_container vc_col-sm-3\"><div class=\"vc_column-inner\"><div class=\"wpb_wrapper\"><div class=\"wpb_single_image wpb_content_element vc_align_center\">\u00a0<\/div><\/div><\/div><\/div><div class=\"wpb_column vc_column_container vc_col-sm-9\"><div class=\"vc_column-inner\"><div class=\"wpb_wrapper\"><div class=\"wpb_text_column wpb_content_element \"><div class=\"wpb_wrapper\"><p><b><a href=\"https:\/\/www.instagram.com\/breeelenehan\/\" rel=\"noopener\">Breelenehan<\/a>:\u00a0<\/b>Bree Lenehan est une cr\u00e9atrice de contenu qui promeut l\u2019amour de soi et la positivit\u00e9 corporelle, et milite contre les normes de beaut\u00e9 irr\u00e9alistes. Une chose que j\u2019aime particuli\u00e8rement de son compte c\u2019est que, tous les lundis, elle publie c\u00f4te \u00e0 c\u00f4te des photos Instagram \u00e9dit\u00e9es et des photos r\u00e9elles et brutes d\u2019elle pour montrer aux gens que les photos que nous voyons sur les r\u00e9seaux sociaux ne repr\u00e9sentent pas la r\u00e9alit\u00e9.<\/p><\/div><\/div><\/div><\/div><\/div><\/div>\t\t\t\t\t\t\t\t<\/div>\n\t\t\t\t<\/div>\n\t\t\t\t<\/div>\n\t\t\t\t\t<\/div>\n\t\t\t\t<\/div>\n\t\t<div class=\"elementor-element elementor-element-2522350 e-flex e-con-boxed e-con e-parent\" data-id=\"2522350\" data-element_type=\"container\" data-e-type=\"container\">\n\t\t\t\t\t<div class=\"e-con-inner\">\n\t\t\t\t<div class=\"elementor-element elementor-element-aa45ed0 elementor-widget elementor-widget-text-editor\" data-id=\"aa45ed0\" data-element_type=\"widget\" data-e-type=\"widget\" data-widget_type=\"text-editor.default\">\n\t\t\t\t<div class=\"elementor-widget-container\">\n\t\t\t\t\t\t\t\t\t<div class=\"vc_row wpb_row vc_row-fluid\"><div class=\"wpb_column vc_column_container vc_col-sm-12\"><div class=\"vc_column-inner\"><div class=\"wpb_wrapper\"><div class=\"wpb_text_column wpb_content_element \"><div class=\"wpb_wrapper\"><p>En plus de tous ces comptes, <strong><a href=\"https:\/\/www.instagram.com\/s.0.0.m.a\/\" target=\"_blank\" rel=\"noopener\">S\u00f6\u00f6ma<\/a><\/strong> a son propre compte Instagram o\u00f9 nous partageons des citations sur la positivit\u00e9 corporelle, des faits sur les troubles alimentaires et bien plus encore! Assurez-vous donc de nous ajouter \u00e0 votre liste de comptes Instagram \u00e0 suivre.<\/p><\/div><\/div><\/div><\/div><\/div><\/div>\t\t\t\t\t\t\t\t<\/div>\n\t\t\t\t<\/div>\n\t\t\t\t\t<\/div>\n\t\t\t\t<\/div>\n\t\t<div class=\"elementor-element elementor-element-26fbf8e4 e-flex e-con-boxed e-con e-parent\" data-id=\"26fbf8e4\" data-element_type=\"container\" data-e-type=\"container\">\n\t\t\t\t\t<div class=\"e-con-inner\">\n\t\t<div class=\"elementor-element elementor-element-9d1ad6f e-con-full e-flex e-con e-child\" data-id=\"9d1ad6f\" data-element_type=\"container\" data-e-type=\"container\">\n\t\t\t\t<div class=\"elementor-element elementor-element-539743e5 elementor-widget elementor-widget-heading\" data-id=\"539743e5\" data-element_type=\"widget\" data-e-type=\"widget\" data-widget_type=\"heading.default\">\n\t\t\t\t<div class=\"elementor-widget-container\">\n\t\t\t\t\t<h2 class=\"elementor-heading-title elementor-size-default\">Conclusion<\/h2>\t\t\t\t<\/div>\n\t\t\t\t<\/div>\n\t\t\t\t<div class=\"elementor-element elementor-element-7f6a7d4a elementor-widget elementor-widget-text-editor\" data-id=\"7f6a7d4a\" data-element_type=\"widget\" data-e-type=\"widget\" data-widget_type=\"text-editor.default\">\n\t\t\t\t<div class=\"elementor-widget-container\">\n\t\t\t\t\t\t\t\t\t<p>Comme vous pouvez le constater, il existe de nombreux comptes Instagram qui se concentrent sur la positivit\u00e9 corporelle et qui combattent les normes de beaut\u00e9 irr\u00e9alistes. Il est donc temps de ne plus suivre tous (ou presque tous) les comptes qui vous font vous sentir mal dans votre peau et de suivre les comptes ci-dessus ou des comptes similaires qui visent \u00e0 vous faire sentir mieux dans votre peau et \u00e0 augmenter votre estime de soi. Si vous pensez que votre image corporelle n\u00e9gative pourrait entra\u00eener un trouble alimentaire, assurez-vous de demander de l\u2019aide professionnelle avant que cela ne s\u2019aggrave, en appelant le\u00a0<a href=\"https:\/\/www.google.ca\/search?q=sooma%20nutrition&amp;sxsrf=ALiCzsa9T8NrmBhLF7uCjivlAVQd8epGkg:1663049166335&amp;ei=axwgY_TuOtfe5NoPsMe80Ao&amp;oq=sooma&amp;gs_lcp=Cgxnd3Mtd2l6LXNlcnAQARgAMgQIIxAnMgQIIxAnMgQIIxAnMgUIABCABDIFCC4QgAQyBQgAEIAEMgUIABCABDILCC4QgAQQxwEQrwEyBQgAEIAEMgUIABCABDoECAAQQzoHCAAQgAQQCkoECEEYAEoECEYYAFAAWKUJYJwWaABwAXgAgAF3iAGBBJIBAzEuNJgBAKABAcABAQ&amp;sclient=gws-wiz-serp&amp;tbs=lf:1,lf_ui:2&amp;tbm=lcl&amp;rflfq=1&amp;num=10&amp;rldimm=8097746673935908948&amp;lqi=Cg9zb29tYSBudXRyaXRpb25Irr_7ktSwgIAIWiEQABABGAAYASIPc29vbWEgbnV0cml0aW9uKgYIAhAAEAGSAQxudXRyaXRpb25pc3Q&amp;ved=2ahUKEwjzo7b2jJH6AhU_D1kFHSWjDIwQvS56BAgOEAE&amp;sa=X&amp;rlst=f#\" rel=\"noopener\">(514) 437-4260<\/a>\u00a0ou en nous envoyant un courriel \u00e0\u00a0<a href=\"mailto:info@sooma.ca\">info@sooma.ca<\/a>. N\u2019oubliez pas que votre corps changera plusieurs fois au cours de votre vie, et ce n\u2019est pas grave. Votre valeur ne d\u00e9pend pas de votre apparence, alors ne laissez pas votre corps vous emp\u00eacher de faire les choses que vous voulez!<\/p>\t\t\t\t\t\t\t\t<\/div>\n\t\t\t\t<\/div>\n\t\t\t\t<div class=\"elementor-element elementor-element-601409e elementor-widget elementor-widget-heading\" data-id=\"601409e\" data-element_type=\"widget\" data-e-type=\"widget\" data-widget_type=\"heading.default\">\n\t\t\t\t<div class=\"elementor-widget-container\">\n\t\t\t\t\t<p class=\"elementor-heading-title elementor-size-default\">\u00c9crit par :<\/p>\t\t\t\t<\/div>\n\t\t\t\t<\/div>\n\t\t\t\t<div class=\"elementor-element elementor-element-04deda6 elementor-author-box--layout-image-left elementor-author-box--align-left elementor-widget elementor-widget-author-box\" data-id=\"04deda6\" data-element_type=\"widget\" data-e-type=\"widget\" data-widget_type=\"author-box.default\">\n\t\t\t\t<div class=\"elementor-widget-container\">\n\t\t\t\t\t\t\t<div class=\"elementor-author-box\">\n\t\t\t\n\t\t\t<div class=\"elementor-author-box__text\">\n\t\t\t\t\t\t\t\t\t<div >\n\t\t\t\t\t\t<h4 class=\"elementor-author-box__name\">\n\t\t\t\t\t\t\tMia El-Eid\t\t\t\t\t\t<\/h4>\n\t\t\t\t\t<\/div>\n\t\t\t\t\n\t\t\t\t\t\t\t\t\t<div class=\"elementor-author-box__bio\">\n\t\t\t\t\t\t<p>Coordinatrice du Marketing Num\u00e9rique<\/p>\n\t\t\t\t\t<\/div>\n\t\t\t\t\n\t\t\t\t\t\t\t<\/div>\n\t\t<\/div>\n\t\t\t\t\t\t<\/div>\n\t\t\t\t<\/div>\n\t\t\t\t<\/div>\n\t\t\t\t\t<\/div>\n\t\t\t\t<\/div>\n\t\t<div class=\"elementor-element elementor-element-e44a8c2 e-flex e-con-boxed e-con e-parent\" data-id=\"e44a8c2\" data-element_type=\"container\" data-e-type=\"container\">\n\t\t\t\t\t<div class=\"e-con-inner\">\n\t\t\t\t<div class=\"elementor-element elementor-element-8c7628c elementor-widget elementor-widget-text-editor\" data-id=\"8c7628c\" data-element_type=\"widget\" data-e-type=\"widget\" data-widget_type=\"text-editor.default\">\n\t\t\t\t<div class=\"elementor-widget-container\">\n\t\t\t\t\t\t\t\t\t<div class=\"wpb_text_column wpb_content_element \"><div class=\"wpb_wrapper\"><h3>R\u00e9f\u00e9rences<\/h3><\/div><\/div><div class=\"wpb_text_column wpb_content_element \"><div class=\"wpb_wrapper\"><ol><li>Fardouly, J., &amp; Vartanian, L. R. (2016). Social media and body image concerns: Current research and future directions.\u00a0<em>Current Opinion in Psychology, 9,<\/em>\u00a01\u20135.\u00a0<a href=\"https:\/\/psycnet.apa.org\/doi\/10.1016\/j.copsyc.2015.09.005\" target=\"_blank\" rel=\"noopener\">https:\/\/doi.org\/10.1016\/j.copsyc.2015.09.005<\/a><\/li><li>Saiphoo, A. N., &amp; Vahedi, Z. (2019). A meta-analytic review of the relationship between social media use and body image disturbance. Computers in Human Behavior, 101, 259\u2013275.\u00a0<a href=\"https:\/\/doi.org\/10.1016\/j.chb.2019.07.028\" rel=\"noopener\">https:\/\/doi.org\/10.1016\/j.chb.2019.07.028<\/a><\/li><\/ol><\/div><\/div>\t\t\t\t\t\t\t\t<\/div>\n\t\t\t\t<\/div>\n\t\t\t\t\t<\/div>\n\t\t\t\t<\/div>\n\t\t<div class=\"elementor-element elementor-element-fe86ec5 e-flex e-con-boxed e-con e-parent\" data-id=\"fe86ec5\" data-element_type=\"container\" data-e-type=\"container\">\n\t\t\t\t\t<div class=\"e-con-inner\">\n\t\t\t\t<div class=\"elementor-element elementor-element-1b7ec0dd elementor-widget elementor-widget-heading\" data-id=\"1b7ec0dd\" data-element_type=\"widget\" data-e-type=\"widget\" data-widget_type=\"heading.default\">\n\t\t\t\t<div class=\"elementor-widget-container\">\n\t\t\t\t\t<h2 class=\"elementor-heading-title elementor-size-default\">Related Posts<\/h2>\t\t\t\t<\/div>\n\t\t\t\t<\/div>\n\t\t\t\t<div class=\"elementor-element elementor-element-35dbbc41 elementor-posts__hover-none elementor-grid-4 elementor-grid-tablet-2 elementor-grid-mobile-1 elementor-posts--thumbnail-top elementor-card-shadow-yes elementor-widget elementor-widget-posts\" data-id=\"35dbbc41\" data-element_type=\"widget\" data-e-type=\"widget\" data-settings=\"{&quot;cards_columns&quot;:&quot;4&quot;,&quot;cards_columns_tablet&quot;:&quot;2&quot;,&quot;cards_columns_mobile&quot;:&quot;1&quot;,&quot;cards_row_gap&quot;:{&quot;unit&quot;:&quot;px&quot;,&quot;size&quot;:35,&quot;sizes&quot;:[]},&quot;cards_row_gap_tablet&quot;:{&quot;unit&quot;:&quot;px&quot;,&quot;size&quot;:&quot;&quot;,&quot;sizes&quot;:[]},&quot;cards_row_gap_mobile&quot;:{&quot;unit&quot;:&quot;px&quot;,&quot;size&quot;:&quot;&quot;,&quot;sizes&quot;:[]}}\" data-widget_type=\"posts.cards\">\n\t\t\t\t<div class=\"elementor-widget-container\">\n\t\t\t\t\t\t\t<div class=\"elementor-posts-container elementor-posts elementor-posts--skin-cards elementor-grid\" role=\"list\">\n\t\t\t\t<article class=\"elementor-post elementor-grid-item post-10940 post type-post status-publish format-standard has-post-thumbnail hentry category-nutrition-sportive tag-carb-load tag-chargement-en-glucides tag-courrire tag-glucides tag-le-carb-loading tag-nutrition-sportive\" role=\"listitem\">\n\t\t\t<div class=\"elementor-post__card\">\n\t\t\t\t<a class=\"elementor-post__thumbnail__link\" href=\"https:\/\/sooma.ca\/fr\/le-carb-loading\/\" tabindex=\"-1\"><div class=\"elementor-post__thumbnail\"><img loading=\"lazy\" decoding=\"async\" width=\"1080\" height=\"1350\" src=\"https:\/\/sooma.ca\/wp-content\/uploads\/2026\/04\/108.png\" class=\"attachment-full size-full wp-image-10942\" alt=\"\" srcset=\"https:\/\/sooma.ca\/wp-content\/uploads\/2026\/04\/108.png 1080w, https:\/\/sooma.ca\/wp-content\/uploads\/2026\/04\/108-240x300.png 240w, https:\/\/sooma.ca\/wp-content\/uploads\/2026\/04\/108-819x1024.png 819w, https:\/\/sooma.ca\/wp-content\/uploads\/2026\/04\/108-768x960.png 768w\" sizes=\"(max-width: 1080px) 100vw, 1080px\" \/><\/div><\/a>\n\t\t\t\t<div class=\"elementor-post__text\">\n\t\t\t\t<h3 class=\"elementor-post__title\">\n\t\t\t<a href=\"https:\/\/sooma.ca\/fr\/le-carb-loading\/\">\n\t\t\t\t\u00c0 quoi \u00e7a ressemble vraiment, le \u201ccarb loading\u201d?\t\t\t<\/a>\n\t\t<\/h3>\n\t\t\n\t\t<a class=\"elementor-post__read-more\" href=\"https:\/\/sooma.ca\/fr\/le-carb-loading\/\" aria-label=\"En savoir plus sur \u00c0 quoi \u00e7a ressemble vraiment, le \u201ccarb loading\u201d?\" tabindex=\"-1\">\n\t\t\tRead More \u00bb\t\t<\/a>\n\n\t\t\t\t<\/div>\n\t\t\t\t\t<\/div>\n\t\t<\/article>\n\t\t\t\t<article class=\"elementor-post elementor-grid-item post-10602 post type-post status-publish format-standard has-post-thumbnail hentry category-retablissement-des-troubles-alimentaires tag-anorexie tag-lhypermetabolisme tag-realimentation tag-retablissement\" role=\"listitem\">\n\t\t\t<div class=\"elementor-post__card\">\n\t\t\t\t<a class=\"elementor-post__thumbnail__link\" href=\"https:\/\/sooma.ca\/fr\/lhypermetabolisme-pendant-la-realimentation\/\" tabindex=\"-1\"><div class=\"elementor-post__thumbnail\"><img loading=\"lazy\" decoding=\"async\" width=\"1080\" height=\"1350\" src=\"https:\/\/sooma.ca\/wp-content\/uploads\/2026\/02\/81.png\" class=\"attachment-full size-full wp-image-10604\" alt=\"\" srcset=\"https:\/\/sooma.ca\/wp-content\/uploads\/2026\/02\/81.png 1080w, https:\/\/sooma.ca\/wp-content\/uploads\/2026\/02\/81-240x300.png 240w, https:\/\/sooma.ca\/wp-content\/uploads\/2026\/02\/81-819x1024.png 819w, https:\/\/sooma.ca\/wp-content\/uploads\/2026\/02\/81-768x960.png 768w\" sizes=\"(max-width: 1080px) 100vw, 1080px\" \/><\/div><\/a>\n\t\t\t\t<div class=\"elementor-post__text\">\n\t\t\t\t<h3 class=\"elementor-post__title\">\n\t\t\t<a href=\"https:\/\/sooma.ca\/fr\/lhypermetabolisme-pendant-la-realimentation\/\">\n\t\t\t\tL\u2019hyperm\u00e9tabolisme pendant la r\u00e9alimentation en anorexie : ce qu\u2019il faut savoir\t\t\t<\/a>\n\t\t<\/h3>\n\t\t\n\t\t<a class=\"elementor-post__read-more\" href=\"https:\/\/sooma.ca\/fr\/lhypermetabolisme-pendant-la-realimentation\/\" aria-label=\"En savoir plus sur L\u2019hyperm\u00e9tabolisme pendant la r\u00e9alimentation en anorexie : ce qu\u2019il faut savoir\" tabindex=\"-1\">\n\t\t\tRead More \u00bb\t\t<\/a>\n\n\t\t\t\t<\/div>\n\t\t\t\t\t<\/div>\n\t\t<\/article>\n\t\t\t\t<article class=\"elementor-post elementor-grid-item post-10512 post type-post status-publish format-standard has-post-thumbnail hentry category-retablissement-des-troubles-alimentaires tag-accompagnement-nutritionnel-pour-tca tag-retablissement-tca tag-role-des-dietetistes-en-retablissement-act-for-eating-disorders tag-tcc tag-tcc-pour-lanorexie-ou-la-boulimie-dbt-emotional-regulation tag-tcd tag-tfe tag-therapie-act\" role=\"listitem\">\n\t\t\t<div class=\"elementor-post__card\">\n\t\t\t\t<a class=\"elementor-post__thumbnail__link\" href=\"https:\/\/sooma.ca\/fr\/4-approches-therapeutiques\/\" tabindex=\"-1\"><div class=\"elementor-post__thumbnail\"><img loading=\"lazy\" decoding=\"async\" width=\"1080\" height=\"1350\" src=\"https:\/\/sooma.ca\/wp-content\/uploads\/2026\/01\/7.png\" class=\"attachment-full size-full wp-image-10514\" alt=\"\" srcset=\"https:\/\/sooma.ca\/wp-content\/uploads\/2026\/01\/7.png 1080w, https:\/\/sooma.ca\/wp-content\/uploads\/2026\/01\/7-240x300.png 240w, https:\/\/sooma.ca\/wp-content\/uploads\/2026\/01\/7-819x1024.png 819w, https:\/\/sooma.ca\/wp-content\/uploads\/2026\/01\/7-768x960.png 768w\" sizes=\"(max-width: 1080px) 100vw, 1080px\" \/><\/div><\/a>\n\t\t\t\t<div class=\"elementor-post__text\">\n\t\t\t\t<h3 class=\"elementor-post__title\">\n\t\t\t<a href=\"https:\/\/sooma.ca\/fr\/4-approches-therapeutiques\/\">\n\t\t\t\tPARTIE\u202f2 : Comment les di\u00e9t\u00e9tistes utilisent des approches th\u00e9rapeutiques fond\u00e9es sur des preuves pour soutenir le r\u00e9tablissement dans un trouble alimentaire\t\t\t<\/a>\n\t\t<\/h3>\n\t\t\n\t\t<a class=\"elementor-post__read-more\" href=\"https:\/\/sooma.ca\/fr\/4-approches-therapeutiques\/\" aria-label=\"En savoir plus sur PARTIE\u202f2 : Comment les di\u00e9t\u00e9tistes utilisent des approches th\u00e9rapeutiques fond\u00e9es sur des preuves pour soutenir le r\u00e9tablissement dans un trouble alimentaire\" tabindex=\"-1\">\n\t\t\tRead More \u00bb\t\t<\/a>\n\n\t\t\t\t<\/div>\n\t\t\t\t\t<\/div>\n\t\t<\/article>\n\t\t\t\t<article class=\"elementor-post elementor-grid-item post-10326 post type-post status-publish format-standard has-post-thumbnail hentry category-trouble-alimentaire tag-apple-watch tag-exercice-compulsif tag-fitbit tag-oura tag-tca tag-traquers-dacitivite tag-trouble-alimentaire\" role=\"listitem\">\n\t\t\t<div class=\"elementor-post__card\">\n\t\t\t\t<a class=\"elementor-post__thumbnail__link\" href=\"https:\/\/sooma.ca\/fr\/traquers-activite-trouble-alimentaire\/\" tabindex=\"-1\"><div class=\"elementor-post__thumbnail\"><img loading=\"lazy\" decoding=\"async\" width=\"1080\" height=\"1350\" src=\"https:\/\/sooma.ca\/wp-content\/uploads\/2025\/12\/95.png\" class=\"attachment-full size-full wp-image-10328\" alt=\"\" srcset=\"https:\/\/sooma.ca\/wp-content\/uploads\/2025\/12\/95.png 1080w, https:\/\/sooma.ca\/wp-content\/uploads\/2025\/12\/95-240x300.png 240w, https:\/\/sooma.ca\/wp-content\/uploads\/2025\/12\/95-819x1024.png 819w, https:\/\/sooma.ca\/wp-content\/uploads\/2025\/12\/95-768x960.png 768w\" sizes=\"(max-width: 1080px) 100vw, 1080px\" \/><\/div><\/a>\n\t\t\t\t<div class=\"elementor-post__text\">\n\t\t\t\t<h3 class=\"elementor-post__title\">\n\t\t\t<a href=\"https:\/\/sooma.ca\/fr\/traquers-activite-trouble-alimentaire\/\">\n\t\t\t\tComment les traqueurs d\u2019activit\u00e9 peuvent influencer les troubles alimentaires et votre relation avec votre corps\t\t\t<\/a>\n\t\t<\/h3>\n\t\t\n\t\t<a class=\"elementor-post__read-more\" href=\"https:\/\/sooma.ca\/fr\/traquers-activite-trouble-alimentaire\/\" aria-label=\"En savoir plus sur Comment les traqueurs d\u2019activit\u00e9 peuvent influencer les troubles alimentaires et votre relation avec votre corps\" tabindex=\"-1\">\n\t\t\tRead More \u00bb\t\t<\/a>\n\n\t\t\t\t<\/div>\n\t\t\t\t\t<\/div>\n\t\t<\/article>\n\t\t\t\t<article class=\"elementor-post elementor-grid-item post-10271 post type-post status-publish format-standard has-post-thumbnail hentry category-trouble-alimentaire tag-signes-dalerte-tca-enfant tag-tca-enfants tag-trouble-alimentaire tag-trouble-alimentaire-chez-des-enfants\" role=\"listitem\">\n\t\t\t<div class=\"elementor-post__card\">\n\t\t\t\t<a class=\"elementor-post__thumbnail__link\" href=\"https:\/\/sooma.ca\/fr\/5-signes-dalerte-que-votre-enfant\/\" tabindex=\"-1\"><div class=\"elementor-post__thumbnail\"><img loading=\"lazy\" decoding=\"async\" width=\"1080\" height=\"1350\" src=\"https:\/\/sooma.ca\/wp-content\/uploads\/2025\/11\/88.png\" class=\"attachment-full size-full wp-image-10273\" alt=\"\" srcset=\"https:\/\/sooma.ca\/wp-content\/uploads\/2025\/11\/88.png 1080w, https:\/\/sooma.ca\/wp-content\/uploads\/2025\/11\/88-240x300.png 240w, https:\/\/sooma.ca\/wp-content\/uploads\/2025\/11\/88-819x1024.png 819w, https:\/\/sooma.ca\/wp-content\/uploads\/2025\/11\/88-768x960.png 768w\" sizes=\"(max-width: 1080px) 100vw, 1080px\" \/><\/div><\/a>\n\t\t\t\t<div class=\"elementor-post__text\">\n\t\t\t\t<h3 class=\"elementor-post__title\">\n\t\t\t<a href=\"https:\/\/sooma.ca\/fr\/5-signes-dalerte-que-votre-enfant\/\">\n\t\t\t\t5 signes d\u2019alerte que votre enfant pourrait avoir un trouble alimentaire\t\t\t<\/a>\n\t\t<\/h3>\n\t\t\n\t\t<a class=\"elementor-post__read-more\" href=\"https:\/\/sooma.ca\/fr\/5-signes-dalerte-que-votre-enfant\/\" aria-label=\"En savoir plus sur 5 signes d\u2019alerte que votre enfant pourrait avoir un trouble alimentaire\" tabindex=\"-1\">\n\t\t\tRead More \u00bb\t\t<\/a>\n\n\t\t\t\t<\/div>\n\t\t\t\t\t<\/div>\n\t\t<\/article>\n\t\t\t\t<article class=\"elementor-post elementor-grid-item post-10051 post type-post status-publish format-standard has-post-thumbnail hentry category-trouble-alimentaire tag-accompagnement-nutritionnel-pour-tca tag-role-des-dietetistes-en-retablissement-act-for-eating-disorders tag-tcc-pour-lanorexie-ou-la-boulimie-dbt-emotional-regulation\" role=\"listitem\">\n\t\t\t<div class=\"elementor-post__card\">\n\t\t\t\t<a class=\"elementor-post__thumbnail__link\" href=\"https:\/\/sooma.ca\/fr\/approches-therapeutiques-troubles-alimentaires\/\" tabindex=\"-1\"><div class=\"elementor-post__thumbnail\"><img loading=\"lazy\" decoding=\"async\" width=\"1080\" height=\"1350\" src=\"https:\/\/sooma.ca\/wp-content\/uploads\/2025\/11\/Blog-images-1.png\" class=\"attachment-full size-full wp-image-10076\" alt=\"\" srcset=\"https:\/\/sooma.ca\/wp-content\/uploads\/2025\/11\/Blog-images-1.png 1080w, https:\/\/sooma.ca\/wp-content\/uploads\/2025\/11\/Blog-images-1-240x300.png 240w, https:\/\/sooma.ca\/wp-content\/uploads\/2025\/11\/Blog-images-1-819x1024.png 819w, https:\/\/sooma.ca\/wp-content\/uploads\/2025\/11\/Blog-images-1-768x960.png 768w\" sizes=\"(max-width: 1080px) 100vw, 1080px\" \/><\/div><\/a>\n\t\t\t\t<div class=\"elementor-post__text\">\n\t\t\t\t<h3 class=\"elementor-post__title\">\n\t\t\t<a href=\"https:\/\/sooma.ca\/fr\/approches-therapeutiques-troubles-alimentaires\/\">\n\t\t\t\t4 approches th\u00e9rapeutiques utilis\u00e9es par les di\u00e9t\u00e9tistes pour traiter les troubles alimentaires\t\t\t<\/a>\n\t\t<\/h3>\n\t\t\n\t\t<a class=\"elementor-post__read-more\" href=\"https:\/\/sooma.ca\/fr\/approches-therapeutiques-troubles-alimentaires\/\" aria-label=\"En savoir plus sur 4 approches th\u00e9rapeutiques utilis\u00e9es par les di\u00e9t\u00e9tistes pour traiter les troubles alimentaires\" tabindex=\"-1\">\n\t\t\tRead More \u00bb\t\t<\/a>\n\n\t\t\t\t<\/div>\n\t\t\t\t\t<\/div>\n\t\t<\/article>\n\t\t\t\t<article class=\"elementor-post elementor-grid-item post-9698 post type-post status-publish format-standard has-post-thumbnail hentry category-alimentation-desordonee category-non-categorise category-trouble-alimentaire tag-dopamine-2 tag-endorphines tag-gaba-2 tag-neurotransmetteurs tag-serotonine\" role=\"listitem\">\n\t\t\t<div class=\"elementor-post__card\">\n\t\t\t\t<a class=\"elementor-post__thumbnail__link\" href=\"https:\/\/sooma.ca\/fr\/les-neurotransmetteurs-et-les-troubles-alimentaires\/\" tabindex=\"-1\"><div class=\"elementor-post__thumbnail\"><img loading=\"lazy\" decoding=\"async\" width=\"1080\" height=\"1350\" src=\"https:\/\/sooma.ca\/wp-content\/uploads\/2025\/10\/1.png\" class=\"attachment-full size-full wp-image-9670\" alt=\"\" srcset=\"https:\/\/sooma.ca\/wp-content\/uploads\/2025\/10\/1.png 1080w, https:\/\/sooma.ca\/wp-content\/uploads\/2025\/10\/1-240x300.png 240w, https:\/\/sooma.ca\/wp-content\/uploads\/2025\/10\/1-819x1024.png 819w, https:\/\/sooma.ca\/wp-content\/uploads\/2025\/10\/1-768x960.png 768w\" sizes=\"(max-width: 1080px) 100vw, 1080px\" \/><\/div><\/a>\n\t\t\t\t<div class=\"elementor-post__text\">\n\t\t\t\t<h3 class=\"elementor-post__title\">\n\t\t\t<a href=\"https:\/\/sooma.ca\/fr\/les-neurotransmetteurs-et-les-troubles-alimentaires\/\">\n\t\t\t\tLes Neurotransmetteurs et les Troubles Alimentaires\t\t\t<\/a>\n\t\t<\/h3>\n\t\t\n\t\t<a class=\"elementor-post__read-more\" href=\"https:\/\/sooma.ca\/fr\/les-neurotransmetteurs-et-les-troubles-alimentaires\/\" aria-label=\"En savoir plus sur Les Neurotransmetteurs et les Troubles Alimentaires\" tabindex=\"-1\">\n\t\t\tRead More \u00bb\t\t<\/a>\n\n\t\t\t\t<\/div>\n\t\t\t\t\t<\/div>\n\t\t<\/article>\n\t\t\t\t<article class=\"elementor-post elementor-grid-item post-9397 post type-post status-publish format-standard has-post-thumbnail hentry category-alimentation-intuitive tag-ai tag-alimentation-intuitive tag-faim-et-satiete tag-nutrition-douce tag-relation-saine-avec-la-nourriture\" role=\"listitem\">\n\t\t\t<div class=\"elementor-post__card\">\n\t\t\t\t<a class=\"elementor-post__thumbnail__link\" href=\"https:\/\/sooma.ca\/fr\/lalimentation-intuitive-est-elle-faite-pour-vous-adapter-lai-a-votre-vie\/\" tabindex=\"-1\"><div class=\"elementor-post__thumbnail\"><img loading=\"lazy\" decoding=\"async\" width=\"1080\" height=\"1080\" src=\"https:\/\/sooma.ca\/wp-content\/uploads\/2025\/10\/7.png\" class=\"attachment-full size-full wp-image-9372\" alt=\"\" srcset=\"https:\/\/sooma.ca\/wp-content\/uploads\/2025\/10\/7.png 1080w, https:\/\/sooma.ca\/wp-content\/uploads\/2025\/10\/7-300x300.png 300w, https:\/\/sooma.ca\/wp-content\/uploads\/2025\/10\/7-1024x1024.png 1024w, https:\/\/sooma.ca\/wp-content\/uploads\/2025\/10\/7-150x150.png 150w, https:\/\/sooma.ca\/wp-content\/uploads\/2025\/10\/7-768x768.png 768w\" sizes=\"(max-width: 1080px) 100vw, 1080px\" \/><\/div><\/a>\n\t\t\t\t<div class=\"elementor-post__text\">\n\t\t\t\t<h3 class=\"elementor-post__title\">\n\t\t\t<a href=\"https:\/\/sooma.ca\/fr\/lalimentation-intuitive-est-elle-faite-pour-vous-adapter-lai-a-votre-vie\/\">\n\t\t\t\tL&rsquo;alimentation intuitive est-elle faite pour vous ? Adapter l&rsquo;AI \u00e0 votre vie\t\t\t<\/a>\n\t\t<\/h3>\n\t\t\n\t\t<a class=\"elementor-post__read-more\" href=\"https:\/\/sooma.ca\/fr\/lalimentation-intuitive-est-elle-faite-pour-vous-adapter-lai-a-votre-vie\/\" aria-label=\"En savoir plus sur L&rsquo;alimentation intuitive est-elle faite pour vous ? Adapter l&rsquo;AI \u00e0 votre vie\" tabindex=\"-1\">\n\t\t\tRead More \u00bb\t\t<\/a>\n\n\t\t\t\t<\/div>\n\t\t\t\t\t<\/div>\n\t\t<\/article>\n\t\t\t\t<article class=\"elementor-post elementor-grid-item post-9184 post type-post status-publish format-standard has-post-thumbnail hentry category-trouble-alimentaire tag-aide tag-signes-des-troubles-alimentaires tag-tca tag-trouble-alimentaire tag-troubles-alimentaires\" role=\"listitem\">\n\t\t\t<div class=\"elementor-post__card\">\n\t\t\t\t<a class=\"elementor-post__thumbnail__link\" href=\"https:\/\/sooma.ca\/fr\/ai-je-un-trouble-alimentaire-comprendre-les-signes-et-demander-de-laide\/\" tabindex=\"-1\"><div class=\"elementor-post__thumbnail\"><img loading=\"lazy\" decoding=\"async\" width=\"1080\" height=\"1080\" src=\"https:\/\/sooma.ca\/wp-content\/uploads\/2025\/09\/Blog-Pics-.png\" class=\"attachment-full size-full wp-image-9212\" alt=\"\" srcset=\"https:\/\/sooma.ca\/wp-content\/uploads\/2025\/09\/Blog-Pics-.png 1080w, https:\/\/sooma.ca\/wp-content\/uploads\/2025\/09\/Blog-Pics--300x300.png 300w, https:\/\/sooma.ca\/wp-content\/uploads\/2025\/09\/Blog-Pics--1024x1024.png 1024w, https:\/\/sooma.ca\/wp-content\/uploads\/2025\/09\/Blog-Pics--150x150.png 150w, https:\/\/sooma.ca\/wp-content\/uploads\/2025\/09\/Blog-Pics--768x768.png 768w\" sizes=\"(max-width: 1080px) 100vw, 1080px\" \/><\/div><\/a>\n\t\t\t\t<div class=\"elementor-post__text\">\n\t\t\t\t<h3 class=\"elementor-post__title\">\n\t\t\t<a href=\"https:\/\/sooma.ca\/fr\/ai-je-un-trouble-alimentaire-comprendre-les-signes-et-demander-de-laide\/\">\n\t\t\t\tAi-je un trouble alimentaire? Comprendre les signes et demander de l\u2019aide\t\t\t<\/a>\n\t\t<\/h3>\n\t\t\n\t\t<a class=\"elementor-post__read-more\" href=\"https:\/\/sooma.ca\/fr\/ai-je-un-trouble-alimentaire-comprendre-les-signes-et-demander-de-laide\/\" aria-label=\"En savoir plus sur Ai-je un trouble alimentaire? Comprendre les signes et demander de l\u2019aide\" tabindex=\"-1\">\n\t\t\tRead More \u00bb\t\t<\/a>\n\n\t\t\t\t<\/div>\n\t\t\t\t\t<\/div>\n\t\t<\/article>\n\t\t\t\t<article class=\"elementor-post elementor-grid-item post-8706 post type-post status-publish format-standard has-post-thumbnail hentry category-arfid-2 category-trouble-alimentaire tag-arfid tag-enchainement-alimentaire tag-trouble-alimentaire tag-trouble-devitement-alimentaire\" role=\"listitem\">\n\t\t\t<div class=\"elementor-post__card\">\n\t\t\t\t<a class=\"elementor-post__thumbnail__link\" href=\"https:\/\/sooma.ca\/fr\/votre-enfant-vit-des-defis-alimentaires-ou-souffre-darfid-trouble-devitement-restriction-de-lapport-alimentaire-avez-vous-essaye-lenchainement-alimentaire\/\" tabindex=\"-1\"><div class=\"elementor-post__thumbnail\"><img loading=\"lazy\" decoding=\"async\" width=\"1080\" height=\"1080\" src=\"https:\/\/sooma.ca\/wp-content\/uploads\/2025\/08\/5-1.png\" class=\"attachment-full size-full wp-image-8530\" alt=\"\" srcset=\"https:\/\/sooma.ca\/wp-content\/uploads\/2025\/08\/5-1.png 1080w, https:\/\/sooma.ca\/wp-content\/uploads\/2025\/08\/5-1-300x300.png 300w, https:\/\/sooma.ca\/wp-content\/uploads\/2025\/08\/5-1-1024x1024.png 1024w, https:\/\/sooma.ca\/wp-content\/uploads\/2025\/08\/5-1-150x150.png 150w, https:\/\/sooma.ca\/wp-content\/uploads\/2025\/08\/5-1-768x768.png 768w\" sizes=\"(max-width: 1080px) 100vw, 1080px\" \/><\/div><\/a>\n\t\t\t\t<div class=\"elementor-post__text\">\n\t\t\t\t<h3 class=\"elementor-post__title\">\n\t\t\t<a href=\"https:\/\/sooma.ca\/fr\/votre-enfant-vit-des-defis-alimentaires-ou-souffre-darfid-trouble-devitement-restriction-de-lapport-alimentaire-avez-vous-essaye-lenchainement-alimentaire\/\">\n\t\t\t\tVotre enfant vit des d\u00e9fis alimentaires ou souffre d\u2019ARFID (trouble d\u2019\u00e9vitement\/restriction de l\u2019apport alimentaire)? Avez-vous essay\u00e9\u00a0l\u2019encha\u00eenement alimentaire?\t\t\t<\/a>\n\t\t<\/h3>\n\t\t\n\t\t<a class=\"elementor-post__read-more\" href=\"https:\/\/sooma.ca\/fr\/votre-enfant-vit-des-defis-alimentaires-ou-souffre-darfid-trouble-devitement-restriction-de-lapport-alimentaire-avez-vous-essaye-lenchainement-alimentaire\/\" aria-label=\"En savoir plus sur Votre enfant vit des d\u00e9fis alimentaires ou souffre d\u2019ARFID (trouble d\u2019\u00e9vitement\/restriction de l\u2019apport alimentaire)? Avez-vous essay\u00e9\u00a0l\u2019encha\u00eenement alimentaire?\" tabindex=\"-1\">\n\t\t\tRead More \u00bb\t\t<\/a>\n\n\t\t\t\t<\/div>\n\t\t\t\t\t<\/div>\n\t\t<\/article>\n\t\t\t\t<article class=\"elementor-post elementor-grid-item post-8516 post type-post status-publish format-standard has-post-thumbnail hentry category-anorexie category-arfid-2 category-boulimie category-hyperphagie-boulimique category-trouble-alimentaire tag-insecurite-alimentaire tag-mythes tag-pauvrete tag-tca tag-trouble-alimentaire\" role=\"listitem\">\n\t\t\t<div class=\"elementor-post__card\">\n\t\t\t\t<a class=\"elementor-post__thumbnail__link\" href=\"https:\/\/sooma.ca\/fr\/comprendre-le-lien-entre-insecurite-alimentaire-et-troubles-du-comportement-alimentaire-3-faits-a-connaitre\/\" tabindex=\"-1\"><div class=\"elementor-post__thumbnail\"><img loading=\"lazy\" decoding=\"async\" width=\"1080\" height=\"1080\" src=\"https:\/\/sooma.ca\/wp-content\/uploads\/2025\/08\/Heading-2.png\" class=\"attachment-full size-full wp-image-8499\" alt=\"\" srcset=\"https:\/\/sooma.ca\/wp-content\/uploads\/2025\/08\/Heading-2.png 1080w, https:\/\/sooma.ca\/wp-content\/uploads\/2025\/08\/Heading-2-300x300.png 300w, https:\/\/sooma.ca\/wp-content\/uploads\/2025\/08\/Heading-2-1024x1024.png 1024w, https:\/\/sooma.ca\/wp-content\/uploads\/2025\/08\/Heading-2-150x150.png 150w, https:\/\/sooma.ca\/wp-content\/uploads\/2025\/08\/Heading-2-768x768.png 768w\" sizes=\"(max-width: 1080px) 100vw, 1080px\" \/><\/div><\/a>\n\t\t\t\t<div class=\"elementor-post__text\">\n\t\t\t\t<h3 class=\"elementor-post__title\">\n\t\t\t<a href=\"https:\/\/sooma.ca\/fr\/comprendre-le-lien-entre-insecurite-alimentaire-et-troubles-du-comportement-alimentaire-3-faits-a-connaitre\/\">\n\t\t\t\tComprendre le lien entre ins\u00e9curit\u00e9 alimentaire et troubles du comportement alimentaire : 3 faits \u00e0 conna\u00eetre\t\t\t<\/a>\n\t\t<\/h3>\n\t\t\n\t\t<a class=\"elementor-post__read-more\" href=\"https:\/\/sooma.ca\/fr\/comprendre-le-lien-entre-insecurite-alimentaire-et-troubles-du-comportement-alimentaire-3-faits-a-connaitre\/\" aria-label=\"En savoir plus sur Comprendre le lien entre ins\u00e9curit\u00e9 alimentaire et troubles du comportement alimentaire : 3 faits \u00e0 conna\u00eetre\" tabindex=\"-1\">\n\t\t\tRead More \u00bb\t\t<\/a>\n\n\t\t\t\t<\/div>\n\t\t\t\t\t<\/div>\n\t\t<\/article>\n\t\t\t\t<article class=\"elementor-post elementor-grid-item post-9279 post type-post status-publish format-standard has-post-thumbnail hentry category-alimentation-desordonee category-trouble-alimentaire tag-alimentation-desordonnes tag-alimentation-enfant tag-enfant tag-tca tag-trouble-alimentaire-chez-des-enfants tag-troubles-alimentaires\" role=\"listitem\">\n\t\t\t<div class=\"elementor-post__card\">\n\t\t\t\t<a class=\"elementor-post__thumbnail__link\" href=\"https:\/\/sooma.ca\/fr\/facons-rapides-de-savoir-si-votre-enfant-a-des-comportements-alimentaires-desordonnes-ou-un-trouble-alimentaire\/\" tabindex=\"-1\"><div class=\"elementor-post__thumbnail\"><img loading=\"lazy\" decoding=\"async\" width=\"1080\" height=\"1080\" src=\"https:\/\/sooma.ca\/wp-content\/uploads\/2025\/08\/1.png\" class=\"attachment-full size-full wp-image-8380\" alt=\"\" srcset=\"https:\/\/sooma.ca\/wp-content\/uploads\/2025\/08\/1.png 1080w, https:\/\/sooma.ca\/wp-content\/uploads\/2025\/08\/1-300x300.png 300w, https:\/\/sooma.ca\/wp-content\/uploads\/2025\/08\/1-1024x1024.png 1024w, https:\/\/sooma.ca\/wp-content\/uploads\/2025\/08\/1-150x150.png 150w, https:\/\/sooma.ca\/wp-content\/uploads\/2025\/08\/1-768x768.png 768w\" sizes=\"(max-width: 1080px) 100vw, 1080px\" \/><\/div><\/a>\n\t\t\t\t<div class=\"elementor-post__text\">\n\t\t\t\t<h3 class=\"elementor-post__title\">\n\t\t\t<a href=\"https:\/\/sooma.ca\/fr\/facons-rapides-de-savoir-si-votre-enfant-a-des-comportements-alimentaires-desordonnes-ou-un-trouble-alimentaire\/\">\n\t\t\t\tFa\u00e7ons rapides de savoir si votre enfant a des comportements alimentaires d\u00e9sordonn\u00e9s ou un trouble alimentaire\t\t\t<\/a>\n\t\t<\/h3>\n\t\t\n\t\t<a class=\"elementor-post__read-more\" href=\"https:\/\/sooma.ca\/fr\/facons-rapides-de-savoir-si-votre-enfant-a-des-comportements-alimentaires-desordonnes-ou-un-trouble-alimentaire\/\" aria-label=\"En savoir plus sur Fa\u00e7ons rapides de savoir si votre enfant a des comportements alimentaires d\u00e9sordonn\u00e9s ou un trouble alimentaire\" tabindex=\"-1\">\n\t\t\tRead More \u00bb\t\t<\/a>\n\n\t\t\t\t<\/div>\n\t\t\t\t\t<\/div>\n\t\t<\/article>\n\t\t\t\t<article class=\"elementor-post elementor-grid-item post-8044 post type-post status-publish format-standard has-post-thumbnail hentry category-alimentation-intuitive tag-alimentation-intuitive tag-culture-des-dietes tag-diete tag-nutrition tag-pleine-conscience tag-regime tag-voix-de-la-diete\" role=\"listitem\">\n\t\t\t<div class=\"elementor-post__card\">\n\t\t\t\t<a class=\"elementor-post__thumbnail__link\" href=\"https:\/\/sooma.ca\/fr\/comment-defier-les-voix-de-la-diete\/\" tabindex=\"-1\"><div class=\"elementor-post__thumbnail\"><img loading=\"lazy\" decoding=\"async\" width=\"1080\" height=\"1350\" src=\"https:\/\/sooma.ca\/wp-content\/uploads\/2025\/07\/Untitled-design-8.png\" class=\"attachment-full size-full wp-image-8045\" alt=\"\" srcset=\"https:\/\/sooma.ca\/wp-content\/uploads\/2025\/07\/Untitled-design-8.png 1080w, https:\/\/sooma.ca\/wp-content\/uploads\/2025\/07\/Untitled-design-8-240x300.png 240w, https:\/\/sooma.ca\/wp-content\/uploads\/2025\/07\/Untitled-design-8-819x1024.png 819w, https:\/\/sooma.ca\/wp-content\/uploads\/2025\/07\/Untitled-design-8-768x960.png 768w\" sizes=\"(max-width: 1080px) 100vw, 1080px\" \/><\/div><\/a>\n\t\t\t\t<div class=\"elementor-post__text\">\n\t\t\t\t<h3 class=\"elementor-post__title\">\n\t\t\t<a href=\"https:\/\/sooma.ca\/fr\/comment-defier-les-voix-de-la-diete\/\">\n\t\t\t\tComment D\u00e9fier les Voix de la Di\u00e8te\t\t\t<\/a>\n\t\t<\/h3>\n\t\t\n\t\t<a class=\"elementor-post__read-more\" href=\"https:\/\/sooma.ca\/fr\/comment-defier-les-voix-de-la-diete\/\" aria-label=\"En savoir plus sur Comment D\u00e9fier les Voix de la Di\u00e8te\" tabindex=\"-1\">\n\t\t\tRead More \u00bb\t\t<\/a>\n\n\t\t\t\t<\/div>\n\t\t\t\t\t<\/div>\n\t\t<\/article>\n\t\t\t\t<article class=\"elementor-post elementor-grid-item post-7416 post type-post status-publish format-standard has-post-thumbnail hentry category-alimentation-intuitive tag-alimentation-intuitive tag-nutrition tag-pleine-conscience tag-retablissement\" role=\"listitem\">\n\t\t\t<div class=\"elementor-post__card\">\n\t\t\t\t<a class=\"elementor-post__thumbnail__link\" href=\"https:\/\/sooma.ca\/fr\/la-pleine-conscience-en-nutrition\/\" tabindex=\"-1\"><div class=\"elementor-post__thumbnail\"><img loading=\"lazy\" decoding=\"async\" width=\"1080\" height=\"1080\" src=\"https:\/\/sooma.ca\/wp-content\/uploads\/2025\/07\/189.png\" class=\"attachment-full size-full wp-image-7417\" alt=\"\" srcset=\"https:\/\/sooma.ca\/wp-content\/uploads\/2025\/07\/189.png 1080w, https:\/\/sooma.ca\/wp-content\/uploads\/2025\/07\/189-300x300.png 300w, https:\/\/sooma.ca\/wp-content\/uploads\/2025\/07\/189-1024x1024.png 1024w, https:\/\/sooma.ca\/wp-content\/uploads\/2025\/07\/189-150x150.png 150w, https:\/\/sooma.ca\/wp-content\/uploads\/2025\/07\/189-768x768.png 768w\" sizes=\"(max-width: 1080px) 100vw, 1080px\" \/><\/div><\/a>\n\t\t\t\t<div class=\"elementor-post__text\">\n\t\t\t\t<h3 class=\"elementor-post__title\">\n\t\t\t<a href=\"https:\/\/sooma.ca\/fr\/la-pleine-conscience-en-nutrition\/\">\n\t\t\t\tLa pleine conscience en nutrition\t\t\t<\/a>\n\t\t<\/h3>\n\t\t\n\t\t<a class=\"elementor-post__read-more\" href=\"https:\/\/sooma.ca\/fr\/la-pleine-conscience-en-nutrition\/\" aria-label=\"En savoir plus sur La pleine conscience en nutrition\" tabindex=\"-1\">\n\t\t\tRead More \u00bb\t\t<\/a>\n\n\t\t\t\t<\/div>\n\t\t\t\t\t<\/div>\n\t\t<\/article>\n\t\t\t\t<article class=\"elementor-post elementor-grid-item post-7382 post type-post status-publish format-standard has-post-thumbnail hentry category-image-corporelle category-retablissement-des-troubles-alimentaires tag-acceptation tag-acceptation-de-soi tag-confiance tag-confiance-en-soi tag-image-corporelle tag-patinage-artistique tag-sport-competitif tag-tca\" role=\"listitem\">\n\t\t\t<div class=\"elementor-post__card\">\n\t\t\t\t<a class=\"elementor-post__thumbnail__link\" href=\"https:\/\/sooma.ca\/fr\/mon-histoire-le-sport-competitif-et-limage\/\" tabindex=\"-1\"><div class=\"elementor-post__thumbnail\"><img loading=\"lazy\" decoding=\"async\" width=\"1080\" height=\"1080\" src=\"https:\/\/sooma.ca\/wp-content\/uploads\/2025\/07\/105.png\" class=\"attachment-full size-full wp-image-6822\" alt=\"\" srcset=\"https:\/\/sooma.ca\/wp-content\/uploads\/2025\/07\/105.png 1080w, https:\/\/sooma.ca\/wp-content\/uploads\/2025\/07\/105-300x300.png 300w, https:\/\/sooma.ca\/wp-content\/uploads\/2025\/07\/105-1024x1024.png 1024w, https:\/\/sooma.ca\/wp-content\/uploads\/2025\/07\/105-150x150.png 150w, https:\/\/sooma.ca\/wp-content\/uploads\/2025\/07\/105-768x768.png 768w\" sizes=\"(max-width: 1080px) 100vw, 1080px\" \/><\/div><\/a>\n\t\t\t\t<div class=\"elementor-post__text\">\n\t\t\t\t<h3 class=\"elementor-post__title\">\n\t\t\t<a href=\"https:\/\/sooma.ca\/fr\/mon-histoire-le-sport-competitif-et-limage\/\">\n\t\t\t\tMon histoire: le sport comp\u00e9titif et l\u2019image\t\t\t<\/a>\n\t\t<\/h3>\n\t\t\n\t\t<a class=\"elementor-post__read-more\" href=\"https:\/\/sooma.ca\/fr\/mon-histoire-le-sport-competitif-et-limage\/\" aria-label=\"En savoir plus sur Mon histoire: le sport comp\u00e9titif et l\u2019image\" tabindex=\"-1\">\n\t\t\tRead More \u00bb\t\t<\/a>\n\n\t\t\t\t<\/div>\n\t\t\t\t\t<\/div>\n\t\t<\/article>\n\t\t\t\t<article class=\"elementor-post elementor-grid-item post-7381 post type-post status-publish format-standard has-post-thumbnail hentry category-retablissement-des-troubles-alimentaires tag-acceptation tag-acceptation-de-soi tag-confiance tag-confiance-en-soi\" role=\"listitem\">\n\t\t\t<div class=\"elementor-post__card\">\n\t\t\t\t<a class=\"elementor-post__thumbnail__link\" href=\"https:\/\/sooma.ca\/fr\/mon-histoire-vers-lacceptation\/\" tabindex=\"-1\"><div class=\"elementor-post__thumbnail\"><img loading=\"lazy\" decoding=\"async\" width=\"1080\" height=\"1080\" src=\"https:\/\/sooma.ca\/wp-content\/uploads\/2025\/07\/105.png\" class=\"attachment-full size-full wp-image-6822\" alt=\"\" srcset=\"https:\/\/sooma.ca\/wp-content\/uploads\/2025\/07\/105.png 1080w, https:\/\/sooma.ca\/wp-content\/uploads\/2025\/07\/105-300x300.png 300w, https:\/\/sooma.ca\/wp-content\/uploads\/2025\/07\/105-1024x1024.png 1024w, https:\/\/sooma.ca\/wp-content\/uploads\/2025\/07\/105-150x150.png 150w, https:\/\/sooma.ca\/wp-content\/uploads\/2025\/07\/105-768x768.png 768w\" sizes=\"(max-width: 1080px) 100vw, 1080px\" \/><\/div><\/a>\n\t\t\t\t<div class=\"elementor-post__text\">\n\t\t\t\t<h3 class=\"elementor-post__title\">\n\t\t\t<a href=\"https:\/\/sooma.ca\/fr\/mon-histoire-vers-lacceptation\/\">\n\t\t\t\tMon histoire: vers l\u2019acceptation\t\t\t<\/a>\n\t\t<\/h3>\n\t\t\n\t\t<a class=\"elementor-post__read-more\" href=\"https:\/\/sooma.ca\/fr\/mon-histoire-vers-lacceptation\/\" aria-label=\"En savoir plus sur Mon histoire: vers l\u2019acceptation\" tabindex=\"-1\">\n\t\t\tRead More \u00bb\t\t<\/a>\n\n\t\t\t\t<\/div>\n\t\t\t\t\t<\/div>\n\t\t<\/article>\n\t\t\t\t<article class=\"elementor-post elementor-grid-item post-7343 post type-post status-publish format-standard has-post-thumbnail hentry category-nutrition-sportive tag-alimenter-pour-performance tag-course tag-course-a-pied tag-glucides tag-marathon tag-performance-optimale tag-salimenter tag-surcharge-en-glucides\" role=\"listitem\">\n\t\t\t<div class=\"elementor-post__card\">\n\t\t\t\t<a class=\"elementor-post__thumbnail__link\" href=\"https:\/\/sooma.ca\/fr\/maitriser-la-surcharge-en-glucides-alimente-ton-epreuve-dendurance-pour-une-performance-optimale\/\" tabindex=\"-1\"><div class=\"elementor-post__thumbnail\"><img loading=\"lazy\" decoding=\"async\" width=\"1080\" height=\"1080\" src=\"https:\/\/sooma.ca\/wp-content\/uploads\/2025\/07\/183.png\" class=\"attachment-full size-full wp-image-7322\" alt=\"\" srcset=\"https:\/\/sooma.ca\/wp-content\/uploads\/2025\/07\/183.png 1080w, https:\/\/sooma.ca\/wp-content\/uploads\/2025\/07\/183-300x300.png 300w, https:\/\/sooma.ca\/wp-content\/uploads\/2025\/07\/183-1024x1024.png 1024w, https:\/\/sooma.ca\/wp-content\/uploads\/2025\/07\/183-150x150.png 150w, https:\/\/sooma.ca\/wp-content\/uploads\/2025\/07\/183-768x768.png 768w\" sizes=\"(max-width: 1080px) 100vw, 1080px\" \/><\/div><\/a>\n\t\t\t\t<div class=\"elementor-post__text\">\n\t\t\t\t<h3 class=\"elementor-post__title\">\n\t\t\t<a href=\"https:\/\/sooma.ca\/fr\/maitriser-la-surcharge-en-glucides-alimente-ton-epreuve-dendurance-pour-une-performance-optimale\/\">\n\t\t\t\tMa\u00eetriser la surcharge en glucides : Alimente ton \u00e9preuve d\u2019endurance pour une performance optimale\t\t\t<\/a>\n\t\t<\/h3>\n\t\t\n\t\t<a class=\"elementor-post__read-more\" href=\"https:\/\/sooma.ca\/fr\/maitriser-la-surcharge-en-glucides-alimente-ton-epreuve-dendurance-pour-une-performance-optimale\/\" aria-label=\"En savoir plus sur Ma\u00eetriser la surcharge en glucides : Alimente ton \u00e9preuve d\u2019endurance pour une performance optimale\" tabindex=\"-1\">\n\t\t\tRead More \u00bb\t\t<\/a>\n\n\t\t\t\t<\/div>\n\t\t\t\t\t<\/div>\n\t\t<\/article>\n\t\t\t\t<article class=\"elementor-post elementor-grid-item post-7308 post type-post status-publish format-standard has-post-thumbnail hentry category-image-corporelle tag-dysmorphie-corporelle tag-dysmorphie-musculaire tag-image-corporelle tag-tdc-p tag-trouble-dysmorphique-corporel\" role=\"listitem\">\n\t\t\t<div class=\"elementor-post__card\">\n\t\t\t\t<a class=\"elementor-post__thumbnail__link\" href=\"https:\/\/sooma.ca\/fr\/reflechir-aux-realites-la-lutte-contre-le-trouble-dysmorphique-corporel\/\" tabindex=\"-1\"><div class=\"elementor-post__thumbnail\"><img loading=\"lazy\" decoding=\"async\" width=\"1080\" height=\"1080\" src=\"https:\/\/sooma.ca\/wp-content\/uploads\/2025\/07\/177.png\" class=\"attachment-full size-full wp-image-7287\" alt=\"\" srcset=\"https:\/\/sooma.ca\/wp-content\/uploads\/2025\/07\/177.png 1080w, https:\/\/sooma.ca\/wp-content\/uploads\/2025\/07\/177-300x300.png 300w, https:\/\/sooma.ca\/wp-content\/uploads\/2025\/07\/177-1024x1024.png 1024w, https:\/\/sooma.ca\/wp-content\/uploads\/2025\/07\/177-150x150.png 150w, https:\/\/sooma.ca\/wp-content\/uploads\/2025\/07\/177-768x768.png 768w\" sizes=\"(max-width: 1080px) 100vw, 1080px\" \/><\/div><\/a>\n\t\t\t\t<div class=\"elementor-post__text\">\n\t\t\t\t<h3 class=\"elementor-post__title\">\n\t\t\t<a href=\"https:\/\/sooma.ca\/fr\/reflechir-aux-realites-la-lutte-contre-le-trouble-dysmorphique-corporel\/\">\n\t\t\t\tR\u00e9fl\u00e9chir aux r\u00e9alit\u00e9s : La lutte contre le trouble dysmorphique corporel\t\t\t<\/a>\n\t\t<\/h3>\n\t\t\n\t\t<a class=\"elementor-post__read-more\" href=\"https:\/\/sooma.ca\/fr\/reflechir-aux-realites-la-lutte-contre-le-trouble-dysmorphique-corporel\/\" aria-label=\"En savoir plus sur R\u00e9fl\u00e9chir aux r\u00e9alit\u00e9s : La lutte contre le trouble dysmorphique corporel\" tabindex=\"-1\">\n\t\t\tRead More \u00bb\t\t<\/a>\n\n\t\t\t\t<\/div>\n\t\t\t\t\t<\/div>\n\t\t<\/article>\n\t\t\t\t<article class=\"elementor-post elementor-grid-item post-7272 post type-post status-publish format-standard has-post-thumbnail hentry category-retablissement-des-troubles-alimentaires category-trouble-alimentaire tag-restauration-du-poids tag-retablissement tag-tca tag-trouble-alimentaire\" role=\"listitem\">\n\t\t\t<div class=\"elementor-post__card\">\n\t\t\t\t<a class=\"elementor-post__thumbnail__link\" href=\"https:\/\/sooma.ca\/fr\/lanalogie-de-lusine-expliquer-le-concept-de-la-restauration-du-poids\/\" tabindex=\"-1\"><div class=\"elementor-post__thumbnail\"><img loading=\"lazy\" decoding=\"async\" width=\"1080\" height=\"1080\" src=\"https:\/\/sooma.ca\/wp-content\/uploads\/2025\/07\/171.png\" class=\"attachment-full size-full wp-image-7249\" alt=\"\" srcset=\"https:\/\/sooma.ca\/wp-content\/uploads\/2025\/07\/171.png 1080w, https:\/\/sooma.ca\/wp-content\/uploads\/2025\/07\/171-300x300.png 300w, https:\/\/sooma.ca\/wp-content\/uploads\/2025\/07\/171-1024x1024.png 1024w, https:\/\/sooma.ca\/wp-content\/uploads\/2025\/07\/171-150x150.png 150w, https:\/\/sooma.ca\/wp-content\/uploads\/2025\/07\/171-768x768.png 768w\" sizes=\"(max-width: 1080px) 100vw, 1080px\" \/><\/div><\/a>\n\t\t\t\t<div class=\"elementor-post__text\">\n\t\t\t\t<h3 class=\"elementor-post__title\">\n\t\t\t<a href=\"https:\/\/sooma.ca\/fr\/lanalogie-de-lusine-expliquer-le-concept-de-la-restauration-du-poids\/\">\n\t\t\t\tL\u2019Analogie de l\u2019Usine \u2013 Expliquer le concept de la restauration du poids\t\t\t<\/a>\n\t\t<\/h3>\n\t\t\n\t\t<a class=\"elementor-post__read-more\" href=\"https:\/\/sooma.ca\/fr\/lanalogie-de-lusine-expliquer-le-concept-de-la-restauration-du-poids\/\" aria-label=\"En savoir plus sur L\u2019Analogie de l\u2019Usine \u2013 Expliquer le concept de la restauration du poids\" tabindex=\"-1\">\n\t\t\tRead More \u00bb\t\t<\/a>\n\n\t\t\t\t<\/div>\n\t\t\t\t\t<\/div>\n\t\t<\/article>\n\t\t\t\t<article class=\"elementor-post elementor-grid-item post-7236 post type-post status-publish format-standard has-post-thumbnail hentry category-alimentation-desordonee category-trouble-alimentaire tag-aliment-interdit tag-niveaux-de-faim tag-peur-de-manger tag-tca tag-trouble-alimentaire\" role=\"listitem\">\n\t\t\t<div class=\"elementor-post__card\">\n\t\t\t\t<a class=\"elementor-post__thumbnail__link\" href=\"https:\/\/sooma.ca\/fr\/quest-ce-quun-aliment-interdit-partie-1-la-notion-dun-aliment-interdit\/\" tabindex=\"-1\"><div class=\"elementor-post__thumbnail\"><img loading=\"lazy\" decoding=\"async\" width=\"1080\" height=\"1080\" src=\"https:\/\/sooma.ca\/wp-content\/uploads\/2025\/07\/166.png\" class=\"attachment-full size-full wp-image-7217\" alt=\"forbidden food\" srcset=\"https:\/\/sooma.ca\/wp-content\/uploads\/2025\/07\/166.png 1080w, https:\/\/sooma.ca\/wp-content\/uploads\/2025\/07\/166-300x300.png 300w, https:\/\/sooma.ca\/wp-content\/uploads\/2025\/07\/166-1024x1024.png 1024w, https:\/\/sooma.ca\/wp-content\/uploads\/2025\/07\/166-150x150.png 150w, https:\/\/sooma.ca\/wp-content\/uploads\/2025\/07\/166-768x768.png 768w\" sizes=\"(max-width: 1080px) 100vw, 1080px\" \/><\/div><\/a>\n\t\t\t\t<div class=\"elementor-post__text\">\n\t\t\t\t<h3 class=\"elementor-post__title\">\n\t\t\t<a href=\"https:\/\/sooma.ca\/fr\/quest-ce-quun-aliment-interdit-partie-1-la-notion-dun-aliment-interdit\/\">\n\t\t\t\tQu\u2019est-ce qu\u2019un aliment interdit ? Partie 1 : La notion d\u2019un aliment interdit\t\t\t<\/a>\n\t\t<\/h3>\n\t\t\n\t\t<a class=\"elementor-post__read-more\" href=\"https:\/\/sooma.ca\/fr\/quest-ce-quun-aliment-interdit-partie-1-la-notion-dun-aliment-interdit\/\" aria-label=\"En savoir plus sur Qu\u2019est-ce qu\u2019un aliment interdit ? Partie 1 : La notion d\u2019un aliment interdit\" tabindex=\"-1\">\n\t\t\tRead More \u00bb\t\t<\/a>\n\n\t\t\t\t<\/div>\n\t\t\t\t\t<\/div>\n\t\t<\/article>\n\t\t\t\t<article class=\"elementor-post elementor-grid-item post-7200 post type-post status-publish format-standard has-post-thumbnail hentry category-arfid-2 category-trouble-alimentaire tag-arfid-3 tag-evitement-sensoriel-des-aliments tag-neurodivergence-2 tag-preferences-alimentaire-ou-arfid\" role=\"listitem\">\n\t\t\t<div class=\"elementor-post__card\">\n\t\t\t\t<a class=\"elementor-post__thumbnail__link\" href=\"https:\/\/sooma.ca\/fr\/arfid-ou-preferences-alimentaires-3-facons-de-faire-la-difference-entre-les-deux\/\" tabindex=\"-1\"><div class=\"elementor-post__thumbnail\"><img loading=\"lazy\" decoding=\"async\" width=\"1080\" height=\"1080\" src=\"https:\/\/sooma.ca\/wp-content\/uploads\/2025\/07\/161.png\" class=\"attachment-full size-full wp-image-7181\" alt=\"\" srcset=\"https:\/\/sooma.ca\/wp-content\/uploads\/2025\/07\/161.png 1080w, https:\/\/sooma.ca\/wp-content\/uploads\/2025\/07\/161-300x300.png 300w, https:\/\/sooma.ca\/wp-content\/uploads\/2025\/07\/161-1024x1024.png 1024w, https:\/\/sooma.ca\/wp-content\/uploads\/2025\/07\/161-150x150.png 150w, https:\/\/sooma.ca\/wp-content\/uploads\/2025\/07\/161-768x768.png 768w\" sizes=\"(max-width: 1080px) 100vw, 1080px\" \/><\/div><\/a>\n\t\t\t\t<div class=\"elementor-post__text\">\n\t\t\t\t<h3 class=\"elementor-post__title\">\n\t\t\t<a href=\"https:\/\/sooma.ca\/fr\/arfid-ou-preferences-alimentaires-3-facons-de-faire-la-difference-entre-les-deux\/\">\n\t\t\t\tARFID ou pr\u00e9f\u00e9rences alimentaires? 3 fa\u00e7ons de faire la diff\u00e9rence entre les deux\t\t\t<\/a>\n\t\t<\/h3>\n\t\t\n\t\t<a class=\"elementor-post__read-more\" href=\"https:\/\/sooma.ca\/fr\/arfid-ou-preferences-alimentaires-3-facons-de-faire-la-difference-entre-les-deux\/\" aria-label=\"En savoir plus sur ARFID ou pr\u00e9f\u00e9rences alimentaires? 3 fa\u00e7ons de faire la diff\u00e9rence entre les deux\" tabindex=\"-1\">\n\t\t\tRead More \u00bb\t\t<\/a>\n\n\t\t\t\t<\/div>\n\t\t\t\t\t<\/div>\n\t\t<\/article>\n\t\t\t\t<article class=\"elementor-post elementor-grid-item post-7157 post type-post status-publish format-standard has-post-thumbnail hentry category-alimentation-intuitive category-retablissement-des-troubles-alimentaires tag-balados tag-manger-intuitivement tag-podcasts tag-relation-saine-avec-la-nourriture\" role=\"listitem\">\n\t\t\t<div class=\"elementor-post__card\">\n\t\t\t\t<a class=\"elementor-post__thumbnail__link\" href=\"https:\/\/sooma.ca\/fr\/developpement-personnel-10-podcasts-animes-par-des-professionnels-aguerris-pour-une-relation-plus-saine-avec-la-nourriture\/\" tabindex=\"-1\"><div class=\"elementor-post__thumbnail\"><img loading=\"lazy\" decoding=\"async\" width=\"1080\" height=\"1080\" src=\"https:\/\/sooma.ca\/wp-content\/uploads\/2025\/07\/158.png\" class=\"attachment-full size-full wp-image-7158\" alt=\"\" srcset=\"https:\/\/sooma.ca\/wp-content\/uploads\/2025\/07\/158.png 1080w, https:\/\/sooma.ca\/wp-content\/uploads\/2025\/07\/158-300x300.png 300w, https:\/\/sooma.ca\/wp-content\/uploads\/2025\/07\/158-1024x1024.png 1024w, https:\/\/sooma.ca\/wp-content\/uploads\/2025\/07\/158-150x150.png 150w, https:\/\/sooma.ca\/wp-content\/uploads\/2025\/07\/158-768x768.png 768w\" sizes=\"(max-width: 1080px) 100vw, 1080px\" \/><\/div><\/a>\n\t\t\t\t<div class=\"elementor-post__text\">\n\t\t\t\t<h3 class=\"elementor-post__title\">\n\t\t\t<a href=\"https:\/\/sooma.ca\/fr\/developpement-personnel-10-podcasts-animes-par-des-professionnels-aguerris-pour-une-relation-plus-saine-avec-la-nourriture\/\">\n\t\t\t\tD\u00e9veloppement personnel : 10 podcasts anim\u00e9s par des professionnels aguerris pour une relation plus saine avec la nourriture\t\t\t<\/a>\n\t\t<\/h3>\n\t\t\n\t\t<a class=\"elementor-post__read-more\" href=\"https:\/\/sooma.ca\/fr\/developpement-personnel-10-podcasts-animes-par-des-professionnels-aguerris-pour-une-relation-plus-saine-avec-la-nourriture\/\" aria-label=\"En savoir plus sur D\u00e9veloppement personnel : 10 podcasts anim\u00e9s par des professionnels aguerris pour une relation plus saine avec la nourriture\" tabindex=\"-1\">\n\t\t\tRead More \u00bb\t\t<\/a>\n\n\t\t\t\t<\/div>\n\t\t\t\t\t<\/div>\n\t\t<\/article>\n\t\t\t\t<article class=\"elementor-post elementor-grid-item post-7146 post type-post status-publish format-standard has-post-thumbnail hentry category-alimentation-intuitive category-retablissement-des-troubles-alimentaires tag-etre-plein tag-faim tag-niveaux-de-faim tag-plein tag-retablissement tag-retablissement-tca tag-satiete tag-tca tag-trouble-alimentaire\" role=\"listitem\">\n\t\t\t<div class=\"elementor-post__card\">\n\t\t\t\t<a class=\"elementor-post__thumbnail__link\" href=\"https:\/\/sooma.ca\/fr\/comment-savoir-si-vous-etes-plein-explorer-les-differents-niveaux-de-satiete\/\" tabindex=\"-1\"><div class=\"elementor-post__thumbnail\"><img loading=\"lazy\" decoding=\"async\" width=\"1080\" height=\"1080\" src=\"https:\/\/sooma.ca\/wp-content\/uploads\/2025\/07\/153.png\" class=\"attachment-full size-full wp-image-7127\" alt=\"\" srcset=\"https:\/\/sooma.ca\/wp-content\/uploads\/2025\/07\/153.png 1080w, https:\/\/sooma.ca\/wp-content\/uploads\/2025\/07\/153-300x300.png 300w, https:\/\/sooma.ca\/wp-content\/uploads\/2025\/07\/153-1024x1024.png 1024w, https:\/\/sooma.ca\/wp-content\/uploads\/2025\/07\/153-150x150.png 150w, https:\/\/sooma.ca\/wp-content\/uploads\/2025\/07\/153-768x768.png 768w\" sizes=\"(max-width: 1080px) 100vw, 1080px\" \/><\/div><\/a>\n\t\t\t\t<div class=\"elementor-post__text\">\n\t\t\t\t<h3 class=\"elementor-post__title\">\n\t\t\t<a href=\"https:\/\/sooma.ca\/fr\/comment-savoir-si-vous-etes-plein-explorer-les-differents-niveaux-de-satiete\/\">\n\t\t\t\tComment savoir si vous \u00eates plein \u2013 Explorer les diff\u00e9rents niveaux de sati\u00e9t\u00e9\t\t\t<\/a>\n\t\t<\/h3>\n\t\t\n\t\t<a class=\"elementor-post__read-more\" href=\"https:\/\/sooma.ca\/fr\/comment-savoir-si-vous-etes-plein-explorer-les-differents-niveaux-de-satiete\/\" aria-label=\"En savoir plus sur Comment savoir si vous \u00eates plein \u2013 Explorer les diff\u00e9rents niveaux de sati\u00e9t\u00e9\" tabindex=\"-1\">\n\t\t\tRead More \u00bb\t\t<\/a>\n\n\t\t\t\t<\/div>\n\t\t\t\t\t<\/div>\n\t\t<\/article>\n\t\t\t\t<article class=\"elementor-post elementor-grid-item post-7108 post type-post status-publish format-standard has-post-thumbnail hentry category-retablissement-des-troubles-alimentaires tag-psychologie tag-retablissement tag-retablissement-tca tag-sante-mentale tag-tca tag-tcd tag-therapie tag-trouble-alimentaire\" role=\"listitem\">\n\t\t\t<div class=\"elementor-post__card\">\n\t\t\t\t<a class=\"elementor-post__thumbnail__link\" href=\"https:\/\/sooma.ca\/fr\/la-tcd-et-comment-elle-peut-aider-a-la-guerison-des-troubles-alimentaires\/\" tabindex=\"-1\"><div class=\"elementor-post__thumbnail\"><img loading=\"lazy\" decoding=\"async\" width=\"1080\" height=\"1080\" src=\"https:\/\/sooma.ca\/wp-content\/uploads\/2025\/07\/148.png\" class=\"attachment-full size-full wp-image-7087\" alt=\"\" srcset=\"https:\/\/sooma.ca\/wp-content\/uploads\/2025\/07\/148.png 1080w, https:\/\/sooma.ca\/wp-content\/uploads\/2025\/07\/148-300x300.png 300w, https:\/\/sooma.ca\/wp-content\/uploads\/2025\/07\/148-1024x1024.png 1024w, https:\/\/sooma.ca\/wp-content\/uploads\/2025\/07\/148-150x150.png 150w, https:\/\/sooma.ca\/wp-content\/uploads\/2025\/07\/148-768x768.png 768w\" sizes=\"(max-width: 1080px) 100vw, 1080px\" \/><\/div><\/a>\n\t\t\t\t<div class=\"elementor-post__text\">\n\t\t\t\t<h3 class=\"elementor-post__title\">\n\t\t\t<a href=\"https:\/\/sooma.ca\/fr\/la-tcd-et-comment-elle-peut-aider-a-la-guerison-des-troubles-alimentaires\/\">\n\t\t\t\tLa TCD et comment elle peut aider \u00e0 la gu\u00e9rison des troubles alimentaires\t\t\t<\/a>\n\t\t<\/h3>\n\t\t\n\t\t<a class=\"elementor-post__read-more\" href=\"https:\/\/sooma.ca\/fr\/la-tcd-et-comment-elle-peut-aider-a-la-guerison-des-troubles-alimentaires\/\" aria-label=\"En savoir plus sur La TCD et comment elle peut aider \u00e0 la gu\u00e9rison des troubles alimentaires\" tabindex=\"-1\">\n\t\t\tRead More \u00bb\t\t<\/a>\n\n\t\t\t\t<\/div>\n\t\t\t\t\t<\/div>\n\t\t<\/article>\n\t\t\t\t<article class=\"elementor-post elementor-grid-item post-7073 post type-post status-publish format-standard has-post-thumbnail hentry category-retablissement-des-troubles-alimentaires tag-faim tag-niveaux-de-faim tag-retablissement tag-retablissement-tca tag-satiete tag-tca tag-trouble-alimentaire\" role=\"listitem\">\n\t\t\t<div class=\"elementor-post__card\">\n\t\t\t\t<a class=\"elementor-post__thumbnail__link\" href=\"https:\/\/sooma.ca\/fr\/comprendre-sa-faim-naviguer-entre-les-differents-niveaux-de-faim\/\" tabindex=\"-1\"><div class=\"elementor-post__thumbnail\"><img loading=\"lazy\" decoding=\"async\" width=\"1080\" height=\"1080\" src=\"https:\/\/sooma.ca\/wp-content\/uploads\/2025\/07\/140.png\" class=\"attachment-full size-full wp-image-7047\" alt=\"\" srcset=\"https:\/\/sooma.ca\/wp-content\/uploads\/2025\/07\/140.png 1080w, https:\/\/sooma.ca\/wp-content\/uploads\/2025\/07\/140-300x300.png 300w, https:\/\/sooma.ca\/wp-content\/uploads\/2025\/07\/140-1024x1024.png 1024w, https:\/\/sooma.ca\/wp-content\/uploads\/2025\/07\/140-150x150.png 150w, https:\/\/sooma.ca\/wp-content\/uploads\/2025\/07\/140-768x768.png 768w\" sizes=\"(max-width: 1080px) 100vw, 1080px\" \/><\/div><\/a>\n\t\t\t\t<div class=\"elementor-post__text\">\n\t\t\t\t<h3 class=\"elementor-post__title\">\n\t\t\t<a href=\"https:\/\/sooma.ca\/fr\/comprendre-sa-faim-naviguer-entre-les-differents-niveaux-de-faim\/\">\n\t\t\t\tComprendre sa faim \u2013 naviguer entre les diff\u00e9rents niveaux de faim\t\t\t<\/a>\n\t\t<\/h3>\n\t\t\n\t\t<a class=\"elementor-post__read-more\" href=\"https:\/\/sooma.ca\/fr\/comprendre-sa-faim-naviguer-entre-les-differents-niveaux-de-faim\/\" aria-label=\"En savoir plus sur Comprendre sa faim \u2013 naviguer entre les diff\u00e9rents niveaux de faim\" tabindex=\"-1\">\n\t\t\tRead More \u00bb\t\t<\/a>\n\n\t\t\t\t<\/div>\n\t\t\t\t\t<\/div>\n\t\t<\/article>\n\t\t\t\t<article class=\"elementor-post elementor-grid-item post-7033 post type-post status-publish format-standard has-post-thumbnail hentry category-retablissement-des-troubles-alimentaires tag-anorexie tag-boulimie tag-hyperphagie tag-hyperphagie-boulimique tag-retablissement tag-retablissement-tca tag-tca tag-trouble-alimentaire\" role=\"listitem\">\n\t\t\t<div class=\"elementor-post__card\">\n\t\t\t\t<a class=\"elementor-post__thumbnail__link\" href=\"https:\/\/sooma.ca\/fr\/partie-4-comment-le-retablissement-dun-trouble-alimentaire-peut-aider\/\" tabindex=\"-1\"><div class=\"elementor-post__thumbnail\"><img loading=\"lazy\" decoding=\"async\" width=\"1080\" height=\"1080\" src=\"https:\/\/sooma.ca\/wp-content\/uploads\/2025\/07\/137.png\" class=\"attachment-full size-full wp-image-7018\" alt=\"\" srcset=\"https:\/\/sooma.ca\/wp-content\/uploads\/2025\/07\/137.png 1080w, https:\/\/sooma.ca\/wp-content\/uploads\/2025\/07\/137-300x300.png 300w, https:\/\/sooma.ca\/wp-content\/uploads\/2025\/07\/137-1024x1024.png 1024w, https:\/\/sooma.ca\/wp-content\/uploads\/2025\/07\/137-150x150.png 150w, https:\/\/sooma.ca\/wp-content\/uploads\/2025\/07\/137-768x768.png 768w\" sizes=\"(max-width: 1080px) 100vw, 1080px\" \/><\/div><\/a>\n\t\t\t\t<div class=\"elementor-post__text\">\n\t\t\t\t<h3 class=\"elementor-post__title\">\n\t\t\t<a href=\"https:\/\/sooma.ca\/fr\/partie-4-comment-le-retablissement-dun-trouble-alimentaire-peut-aider\/\">\n\t\t\t\tPartie 4 : Comment le r\u00e9tablissement d\u2019un trouble alimentaire peut aider\t\t\t<\/a>\n\t\t<\/h3>\n\t\t\n\t\t<a class=\"elementor-post__read-more\" href=\"https:\/\/sooma.ca\/fr\/partie-4-comment-le-retablissement-dun-trouble-alimentaire-peut-aider\/\" aria-label=\"En savoir plus sur Partie 4 : Comment le r\u00e9tablissement d\u2019un trouble alimentaire peut aider\" tabindex=\"-1\">\n\t\t\tRead More \u00bb\t\t<\/a>\n\n\t\t\t\t<\/div>\n\t\t\t\t\t<\/div>\n\t\t<\/article>\n\t\t\t\t<article class=\"elementor-post elementor-grid-item post-6995 post type-post status-publish format-standard has-post-thumbnail hentry category-hyperphagie-boulimique category-trouble-alimentaire tag-boulimie tag-crises-dhyperphagie tag-hyperphagie tag-hyperphagie-boulimique tag-manger-en-ecces tag-tca tag-trouble-alimentaire\" role=\"listitem\">\n\t\t\t<div class=\"elementor-post__card\">\n\t\t\t\t<a class=\"elementor-post__thumbnail__link\" href=\"https:\/\/sooma.ca\/fr\/partie-3-les-consequences-de-lhyperphagie-boulimique\/\" tabindex=\"-1\"><div class=\"elementor-post__thumbnail\"><img loading=\"lazy\" decoding=\"async\" width=\"1080\" height=\"1080\" src=\"https:\/\/sooma.ca\/wp-content\/uploads\/2025\/07\/130.png\" class=\"attachment-full size-full wp-image-6982\" alt=\"\" srcset=\"https:\/\/sooma.ca\/wp-content\/uploads\/2025\/07\/130.png 1080w, https:\/\/sooma.ca\/wp-content\/uploads\/2025\/07\/130-300x300.png 300w, https:\/\/sooma.ca\/wp-content\/uploads\/2025\/07\/130-1024x1024.png 1024w, https:\/\/sooma.ca\/wp-content\/uploads\/2025\/07\/130-150x150.png 150w, https:\/\/sooma.ca\/wp-content\/uploads\/2025\/07\/130-768x768.png 768w\" sizes=\"(max-width: 1080px) 100vw, 1080px\" \/><\/div><\/a>\n\t\t\t\t<div class=\"elementor-post__text\">\n\t\t\t\t<h3 class=\"elementor-post__title\">\n\t\t\t<a href=\"https:\/\/sooma.ca\/fr\/partie-3-les-consequences-de-lhyperphagie-boulimique\/\">\n\t\t\t\tPartie 3 : Les cons\u00e9quences de l\u2019hyperphagie boulimique\t\t\t<\/a>\n\t\t<\/h3>\n\t\t\n\t\t<a class=\"elementor-post__read-more\" href=\"https:\/\/sooma.ca\/fr\/partie-3-les-consequences-de-lhyperphagie-boulimique\/\" aria-label=\"En savoir plus sur Partie 3 : Les cons\u00e9quences de l\u2019hyperphagie boulimique\" tabindex=\"-1\">\n\t\t\tRead More \u00bb\t\t<\/a>\n\n\t\t\t\t<\/div>\n\t\t\t\t\t<\/div>\n\t\t<\/article>\n\t\t\t\t<article class=\"elementor-post elementor-grid-item post-6967 post type-post status-publish format-standard has-post-thumbnail hentry category-boulimie category-trouble-alimentaire tag-boulimie tag-boulimie-nerveuse tag-exercice-compulsif tag-exercice-physique-excessif tag-laxative tag-purge tag-tca tag-trouble-alimentaire tag-vomissements-auto-induits-vai tag-vommissement\" role=\"listitem\">\n\t\t\t<div class=\"elementor-post__card\">\n\t\t\t\t<a class=\"elementor-post__thumbnail__link\" href=\"https:\/\/sooma.ca\/fr\/partie-2-les-consequences-de-la-boulimie-nerveuse\/\" tabindex=\"-1\"><div class=\"elementor-post__thumbnail\"><img loading=\"lazy\" decoding=\"async\" width=\"1080\" height=\"1080\" src=\"https:\/\/sooma.ca\/wp-content\/uploads\/2025\/07\/124.png\" class=\"attachment-full size-full wp-image-6942\" alt=\"\" srcset=\"https:\/\/sooma.ca\/wp-content\/uploads\/2025\/07\/124.png 1080w, https:\/\/sooma.ca\/wp-content\/uploads\/2025\/07\/124-300x300.png 300w, https:\/\/sooma.ca\/wp-content\/uploads\/2025\/07\/124-1024x1024.png 1024w, https:\/\/sooma.ca\/wp-content\/uploads\/2025\/07\/124-150x150.png 150w, https:\/\/sooma.ca\/wp-content\/uploads\/2025\/07\/124-768x768.png 768w\" sizes=\"(max-width: 1080px) 100vw, 1080px\" \/><\/div><\/a>\n\t\t\t\t<div class=\"elementor-post__text\">\n\t\t\t\t<h3 class=\"elementor-post__title\">\n\t\t\t<a href=\"https:\/\/sooma.ca\/fr\/partie-2-les-consequences-de-la-boulimie-nerveuse\/\">\n\t\t\t\tPartie 2 : Les cons\u00e9quences de la boulimie nerveuse\t\t\t<\/a>\n\t\t<\/h3>\n\t\t\n\t\t<a class=\"elementor-post__read-more\" href=\"https:\/\/sooma.ca\/fr\/partie-2-les-consequences-de-la-boulimie-nerveuse\/\" aria-label=\"En savoir plus sur Partie 2 : Les cons\u00e9quences de la boulimie nerveuse\" tabindex=\"-1\">\n\t\t\tRead More \u00bb\t\t<\/a>\n\n\t\t\t\t<\/div>\n\t\t\t\t\t<\/div>\n\t\t<\/article>\n\t\t\t\t<article class=\"elementor-post elementor-grid-item post-6929 post type-post status-publish format-standard has-post-thumbnail hentry category-nutrition-general tag-appetit tag-besoins-energetiques tag-manger-sans-appetit tag-nutrition\" role=\"listitem\">\n\t\t\t<div class=\"elementor-post__card\">\n\t\t\t\t<a class=\"elementor-post__thumbnail__link\" href=\"https:\/\/sooma.ca\/fr\/comment-repondre-a-vos-besoins-lorsque-vous-navez-pas-dappetit\/\" tabindex=\"-1\"><div class=\"elementor-post__thumbnail\"><img loading=\"lazy\" decoding=\"async\" width=\"1080\" height=\"1080\" src=\"https:\/\/sooma.ca\/wp-content\/uploads\/2025\/07\/117.png\" class=\"attachment-full size-full wp-image-6902\" alt=\"\" srcset=\"https:\/\/sooma.ca\/wp-content\/uploads\/2025\/07\/117.png 1080w, https:\/\/sooma.ca\/wp-content\/uploads\/2025\/07\/117-300x300.png 300w, https:\/\/sooma.ca\/wp-content\/uploads\/2025\/07\/117-1024x1024.png 1024w, https:\/\/sooma.ca\/wp-content\/uploads\/2025\/07\/117-150x150.png 150w, https:\/\/sooma.ca\/wp-content\/uploads\/2025\/07\/117-768x768.png 768w\" sizes=\"(max-width: 1080px) 100vw, 1080px\" \/><\/div><\/a>\n\t\t\t\t<div class=\"elementor-post__text\">\n\t\t\t\t<h3 class=\"elementor-post__title\">\n\t\t\t<a href=\"https:\/\/sooma.ca\/fr\/comment-repondre-a-vos-besoins-lorsque-vous-navez-pas-dappetit\/\">\n\t\t\t\tComment r\u00e9pondre \u00e0 vos besoins lorsque vous n\u2019avez pas d\u2019app\u00e9tit\t\t\t<\/a>\n\t\t<\/h3>\n\t\t\n\t\t<a class=\"elementor-post__read-more\" href=\"https:\/\/sooma.ca\/fr\/comment-repondre-a-vos-besoins-lorsque-vous-navez-pas-dappetit\/\" aria-label=\"En savoir plus sur Comment r\u00e9pondre \u00e0 vos besoins lorsque vous n\u2019avez pas d\u2019app\u00e9tit\" tabindex=\"-1\">\n\t\t\tRead More \u00bb\t\t<\/a>\n\n\t\t\t\t<\/div>\n\t\t\t\t\t<\/div>\n\t\t<\/article>\n\t\t\t\t<article class=\"elementor-post elementor-grid-item post-6886 post type-post status-publish format-standard has-post-thumbnail hentry category-anorexie category-trouble-alimentaire tag-anorexie tag-anorexie-mentale tag-exercice-compulsif tag-restriction-2 tag-tca tag-trouble-alimentaire\" role=\"listitem\">\n\t\t\t<div class=\"elementor-post__card\">\n\t\t\t\t<a class=\"elementor-post__thumbnail__link\" href=\"https:\/\/sooma.ca\/fr\/les-consequences-de-lanorexie\/\" tabindex=\"-1\"><div class=\"elementor-post__thumbnail\"><img loading=\"lazy\" decoding=\"async\" width=\"1080\" height=\"1080\" src=\"https:\/\/sooma.ca\/wp-content\/uploads\/2025\/07\/111.png\" class=\"attachment-full size-full wp-image-6865\" alt=\"\" srcset=\"https:\/\/sooma.ca\/wp-content\/uploads\/2025\/07\/111.png 1080w, https:\/\/sooma.ca\/wp-content\/uploads\/2025\/07\/111-300x300.png 300w, https:\/\/sooma.ca\/wp-content\/uploads\/2025\/07\/111-1024x1024.png 1024w, https:\/\/sooma.ca\/wp-content\/uploads\/2025\/07\/111-150x150.png 150w, https:\/\/sooma.ca\/wp-content\/uploads\/2025\/07\/111-768x768.png 768w\" sizes=\"(max-width: 1080px) 100vw, 1080px\" \/><\/div><\/a>\n\t\t\t\t<div class=\"elementor-post__text\">\n\t\t\t\t<h3 class=\"elementor-post__title\">\n\t\t\t<a href=\"https:\/\/sooma.ca\/fr\/les-consequences-de-lanorexie\/\">\n\t\t\t\tLes cons\u00e9quences de l\u2019anorexie\t\t\t<\/a>\n\t\t<\/h3>\n\t\t\n\t\t<a class=\"elementor-post__read-more\" href=\"https:\/\/sooma.ca\/fr\/les-consequences-de-lanorexie\/\" aria-label=\"En savoir plus sur Les cons\u00e9quences de l\u2019anorexie\" tabindex=\"-1\">\n\t\t\tRead More \u00bb\t\t<\/a>\n\n\t\t\t\t<\/div>\n\t\t\t\t\t<\/div>\n\t\t<\/article>\n\t\t\t\t<article class=\"elementor-post elementor-grid-item post-6854 post type-post status-publish format-standard has-post-thumbnail hentry category-retablissement-des-troubles-alimentaires tag-collaboration tag-soins-inclusifs tag-soins-tenant-compte-des-traumatismes tag-traumatisme\" role=\"listitem\">\n\t\t\t<div class=\"elementor-post__card\">\n\t\t\t\t<a class=\"elementor-post__thumbnail__link\" href=\"https:\/\/sooma.ca\/fr\/soins-tenant-compte-des-traumatismes-partie-2-soins-inclusifs\/\" tabindex=\"-1\"><div class=\"elementor-post__thumbnail\"><img loading=\"lazy\" decoding=\"async\" width=\"1080\" height=\"1080\" src=\"https:\/\/sooma.ca\/wp-content\/uploads\/2025\/07\/loss.png\" class=\"attachment-full size-full wp-image-6842\" alt=\"\" srcset=\"https:\/\/sooma.ca\/wp-content\/uploads\/2025\/07\/loss.png 1080w, https:\/\/sooma.ca\/wp-content\/uploads\/2025\/07\/loss-300x300.png 300w, https:\/\/sooma.ca\/wp-content\/uploads\/2025\/07\/loss-1024x1024.png 1024w, https:\/\/sooma.ca\/wp-content\/uploads\/2025\/07\/loss-150x150.png 150w, https:\/\/sooma.ca\/wp-content\/uploads\/2025\/07\/loss-768x768.png 768w\" sizes=\"(max-width: 1080px) 100vw, 1080px\" \/><\/div><\/a>\n\t\t\t\t<div class=\"elementor-post__text\">\n\t\t\t\t<h3 class=\"elementor-post__title\">\n\t\t\t<a href=\"https:\/\/sooma.ca\/fr\/soins-tenant-compte-des-traumatismes-partie-2-soins-inclusifs\/\">\n\t\t\t\tSoins tenant compte des traumatismes partie 2 \u2013 Soins inclusifs\t\t\t<\/a>\n\t\t<\/h3>\n\t\t\n\t\t<a class=\"elementor-post__read-more\" href=\"https:\/\/sooma.ca\/fr\/soins-tenant-compte-des-traumatismes-partie-2-soins-inclusifs\/\" aria-label=\"En savoir plus sur Soins tenant compte des traumatismes partie 2 \u2013 Soins inclusifs\" tabindex=\"-1\">\n\t\t\tRead More \u00bb\t\t<\/a>\n\n\t\t\t\t<\/div>\n\t\t\t\t\t<\/div>\n\t\t<\/article>\n\t\t\t\t<article class=\"elementor-post elementor-grid-item post-6816 post type-post status-publish format-standard has-post-thumbnail hentry category-culture-des-dietes tag-culture-des-dietes tag-regime tag-restriction-2\" role=\"listitem\">\n\t\t\t<div class=\"elementor-post__card\">\n\t\t\t\t<a class=\"elementor-post__thumbnail__link\" href=\"https:\/\/sooma.ca\/fr\/les-messages-caches-de-la-culture-des-dietes-sont-partout\/\" tabindex=\"-1\"><div class=\"elementor-post__thumbnail\"><img loading=\"lazy\" decoding=\"async\" width=\"1080\" height=\"1080\" src=\"https:\/\/sooma.ca\/wp-content\/uploads\/2025\/07\/102.png\" class=\"attachment-full size-full wp-image-6804\" alt=\"\" srcset=\"https:\/\/sooma.ca\/wp-content\/uploads\/2025\/07\/102.png 1080w, https:\/\/sooma.ca\/wp-content\/uploads\/2025\/07\/102-300x300.png 300w, https:\/\/sooma.ca\/wp-content\/uploads\/2025\/07\/102-1024x1024.png 1024w, https:\/\/sooma.ca\/wp-content\/uploads\/2025\/07\/102-150x150.png 150w, https:\/\/sooma.ca\/wp-content\/uploads\/2025\/07\/102-768x768.png 768w\" sizes=\"(max-width: 1080px) 100vw, 1080px\" \/><\/div><\/a>\n\t\t\t\t<div class=\"elementor-post__text\">\n\t\t\t\t<h3 class=\"elementor-post__title\">\n\t\t\t<a href=\"https:\/\/sooma.ca\/fr\/les-messages-caches-de-la-culture-des-dietes-sont-partout\/\">\n\t\t\t\tLes messages cach\u00e9s de la culture des di\u00e8tes sont partout\t\t\t<\/a>\n\t\t<\/h3>\n\t\t\n\t\t<a class=\"elementor-post__read-more\" href=\"https:\/\/sooma.ca\/fr\/les-messages-caches-de-la-culture-des-dietes-sont-partout\/\" aria-label=\"En savoir plus sur Les messages cach\u00e9s de la culture des di\u00e8tes sont partout\" tabindex=\"-1\">\n\t\t\tRead More \u00bb\t\t<\/a>\n\n\t\t\t\t<\/div>\n\t\t\t\t\t<\/div>\n\t\t<\/article>\n\t\t\t\t<article class=\"elementor-post elementor-grid-item post-6789 post type-post status-publish format-standard has-post-thumbnail hentry category-retablissement-des-troubles-alimentaires category-trouble-alimentaire tag-la-hutte tag-therapie tag-traitement-des-troubles-alimentation tag-traumatisme\" role=\"listitem\">\n\t\t\t<div class=\"elementor-post__card\">\n\t\t\t\t<a class=\"elementor-post__thumbnail__link\" href=\"https:\/\/sooma.ca\/fr\/la-hutte-une-analogie-fondee-sur-les-traumatismes-pour-les-troubles-de-lalimentation-et-leur-retablissement\/\" tabindex=\"-1\"><div class=\"elementor-post__thumbnail\"><img loading=\"lazy\" decoding=\"async\" width=\"1080\" height=\"1080\" src=\"https:\/\/sooma.ca\/wp-content\/uploads\/2025\/07\/100.png\" class=\"attachment-full size-full wp-image-6780\" alt=\"\" srcset=\"https:\/\/sooma.ca\/wp-content\/uploads\/2025\/07\/100.png 1080w, https:\/\/sooma.ca\/wp-content\/uploads\/2025\/07\/100-300x300.png 300w, https:\/\/sooma.ca\/wp-content\/uploads\/2025\/07\/100-1024x1024.png 1024w, https:\/\/sooma.ca\/wp-content\/uploads\/2025\/07\/100-150x150.png 150w, https:\/\/sooma.ca\/wp-content\/uploads\/2025\/07\/100-768x768.png 768w\" sizes=\"(max-width: 1080px) 100vw, 1080px\" \/><\/div><\/a>\n\t\t\t\t<div class=\"elementor-post__text\">\n\t\t\t\t<h3 class=\"elementor-post__title\">\n\t\t\t<a href=\"https:\/\/sooma.ca\/fr\/la-hutte-une-analogie-fondee-sur-les-traumatismes-pour-les-troubles-de-lalimentation-et-leur-retablissement\/\">\n\t\t\t\tLa Hutte \u2013 Une analogie fond\u00e9e sur les traumatismes pour les troubles de l\u2019alimentation et leur r\u00e9tablissement\t\t\t<\/a>\n\t\t<\/h3>\n\t\t\n\t\t<a class=\"elementor-post__read-more\" href=\"https:\/\/sooma.ca\/fr\/la-hutte-une-analogie-fondee-sur-les-traumatismes-pour-les-troubles-de-lalimentation-et-leur-retablissement\/\" aria-label=\"En savoir plus sur La Hutte \u2013 Une analogie fond\u00e9e sur les traumatismes pour les troubles de l\u2019alimentation et leur r\u00e9tablissement\" tabindex=\"-1\">\n\t\t\tRead More \u00bb\t\t<\/a>\n\n\t\t\t\t<\/div>\n\t\t\t\t\t<\/div>\n\t\t<\/article>\n\t\t\t\t<article class=\"elementor-post elementor-grid-item post-6730 post type-post status-publish format-standard has-post-thumbnail hentry category-trouble-alimentaire tag-aliments-culturels tag-aliments-interdits tag-fetes tag-hannukah-2 tag-kwanzaa-2 tag-noel tag-restriction-2\" role=\"listitem\">\n\t\t\t<div class=\"elementor-post__card\">\n\t\t\t\t<a class=\"elementor-post__thumbnail__link\" href=\"https:\/\/sooma.ca\/fr\/naviguer-les-aliments-culturels-lorsquils-sont-des-aliments-interdits\/\" tabindex=\"-1\"><div class=\"elementor-post__thumbnail\"><img loading=\"lazy\" decoding=\"async\" width=\"1080\" height=\"1080\" src=\"https:\/\/sooma.ca\/wp-content\/uploads\/2025\/07\/95.png\" class=\"attachment-full size-full wp-image-6694\" alt=\"\" srcset=\"https:\/\/sooma.ca\/wp-content\/uploads\/2025\/07\/95.png 1080w, https:\/\/sooma.ca\/wp-content\/uploads\/2025\/07\/95-300x300.png 300w, https:\/\/sooma.ca\/wp-content\/uploads\/2025\/07\/95-1024x1024.png 1024w, https:\/\/sooma.ca\/wp-content\/uploads\/2025\/07\/95-150x150.png 150w, https:\/\/sooma.ca\/wp-content\/uploads\/2025\/07\/95-768x768.png 768w\" sizes=\"(max-width: 1080px) 100vw, 1080px\" \/><\/div><\/a>\n\t\t\t\t<div class=\"elementor-post__text\">\n\t\t\t\t<h3 class=\"elementor-post__title\">\n\t\t\t<a href=\"https:\/\/sooma.ca\/fr\/naviguer-les-aliments-culturels-lorsquils-sont-des-aliments-interdits\/\">\n\t\t\t\tNaviguer les aliments culturels lorsqu\u2019ils sont des aliments interdits\t\t\t<\/a>\n\t\t<\/h3>\n\t\t\n\t\t<a class=\"elementor-post__read-more\" href=\"https:\/\/sooma.ca\/fr\/naviguer-les-aliments-culturels-lorsquils-sont-des-aliments-interdits\/\" aria-label=\"En savoir plus sur Naviguer les aliments culturels lorsqu\u2019ils sont des aliments interdits\" tabindex=\"-1\">\n\t\t\tRead More \u00bb\t\t<\/a>\n\n\t\t\t\t<\/div>\n\t\t\t\t\t<\/div>\n\t\t<\/article>\n\t\t\t\t<article class=\"elementor-post elementor-grid-item post-6536 post type-post status-publish format-standard has-post-thumbnail hentry category-alimentation-desordonee category-hyperphagie-boulimique tag-hyperphagie tag-hyperphagie-boulimique tag-restriction-2\" role=\"listitem\">\n\t\t\t<div class=\"elementor-post__card\">\n\t\t\t\t<a class=\"elementor-post__thumbnail__link\" href=\"https:\/\/sooma.ca\/fr\/5-choses-a-mettre-en-place-pour-diminuer-lhyperphagie\/\" tabindex=\"-1\"><div class=\"elementor-post__thumbnail\"><img loading=\"lazy\" decoding=\"async\" width=\"1080\" height=\"1080\" src=\"https:\/\/sooma.ca\/wp-content\/uploads\/2025\/07\/92-1.png\" class=\"attachment-full size-full wp-image-6435\" alt=\"\" srcset=\"https:\/\/sooma.ca\/wp-content\/uploads\/2025\/07\/92-1.png 1080w, https:\/\/sooma.ca\/wp-content\/uploads\/2025\/07\/92-1-300x300.png 300w, https:\/\/sooma.ca\/wp-content\/uploads\/2025\/07\/92-1-1024x1024.png 1024w, https:\/\/sooma.ca\/wp-content\/uploads\/2025\/07\/92-1-150x150.png 150w, https:\/\/sooma.ca\/wp-content\/uploads\/2025\/07\/92-1-768x768.png 768w\" sizes=\"(max-width: 1080px) 100vw, 1080px\" \/><\/div><\/a>\n\t\t\t\t<div class=\"elementor-post__text\">\n\t\t\t\t<h3 class=\"elementor-post__title\">\n\t\t\t<a href=\"https:\/\/sooma.ca\/fr\/5-choses-a-mettre-en-place-pour-diminuer-lhyperphagie\/\">\n\t\t\t\t5 choses \u00e0 mettre en place pour diminuer l\u2019hyperphagie\t\t\t<\/a>\n\t\t<\/h3>\n\t\t\n\t\t<a class=\"elementor-post__read-more\" href=\"https:\/\/sooma.ca\/fr\/5-choses-a-mettre-en-place-pour-diminuer-lhyperphagie\/\" aria-label=\"En savoir plus sur 5 choses \u00e0 mettre en place pour diminuer l\u2019hyperphagie\" tabindex=\"-1\">\n\t\t\tRead More \u00bb\t\t<\/a>\n\n\t\t\t\t<\/div>\n\t\t\t\t\t<\/div>\n\t\t<\/article>\n\t\t\t\t<article class=\"elementor-post elementor-grid-item post-6391 post type-post status-publish format-standard has-post-thumbnail hentry category-alimentation-intuitive category-nutrition-sportive tag-alimentation-intuitive tag-athletes-2\" role=\"listitem\">\n\t\t\t<div class=\"elementor-post__card\">\n\t\t\t\t<a class=\"elementor-post__thumbnail__link\" href=\"https:\/\/sooma.ca\/fr\/les-principes-de-lalimentation-intuitive-pour-les-athletes-2\/\" tabindex=\"-1\"><div class=\"elementor-post__thumbnail\"><img loading=\"lazy\" decoding=\"async\" width=\"1080\" height=\"1080\" src=\"https:\/\/sooma.ca\/wp-content\/uploads\/2025\/07\/82.png\" class=\"attachment-full size-full wp-image-6069\" alt=\"\" srcset=\"https:\/\/sooma.ca\/wp-content\/uploads\/2025\/07\/82.png 1080w, https:\/\/sooma.ca\/wp-content\/uploads\/2025\/07\/82-300x300.png 300w, https:\/\/sooma.ca\/wp-content\/uploads\/2025\/07\/82-1024x1024.png 1024w, https:\/\/sooma.ca\/wp-content\/uploads\/2025\/07\/82-150x150.png 150w, https:\/\/sooma.ca\/wp-content\/uploads\/2025\/07\/82-768x768.png 768w\" sizes=\"(max-width: 1080px) 100vw, 1080px\" \/><\/div><\/a>\n\t\t\t\t<div class=\"elementor-post__text\">\n\t\t\t\t<h3 class=\"elementor-post__title\">\n\t\t\t<a href=\"https:\/\/sooma.ca\/fr\/les-principes-de-lalimentation-intuitive-pour-les-athletes-2\/\">\n\t\t\t\tLes principes de l\u2019alimentation intuitive pour les athl\u00e8tes\t\t\t<\/a>\n\t\t<\/h3>\n\t\t\n\t\t<a class=\"elementor-post__read-more\" href=\"https:\/\/sooma.ca\/fr\/les-principes-de-lalimentation-intuitive-pour-les-athletes-2\/\" aria-label=\"En savoir plus sur Les principes de l\u2019alimentation intuitive pour les athl\u00e8tes\" tabindex=\"-1\">\n\t\t\tRead More \u00bb\t\t<\/a>\n\n\t\t\t\t<\/div>\n\t\t\t\t\t<\/div>\n\t\t<\/article>\n\t\t\t\t<article class=\"elementor-post elementor-grid-item post-6390 post type-post status-publish format-standard has-post-thumbnail hentry category-alimentation-desordonee tag-emotions tag-manger-quand-on-est-stresse tag-manger-ses-emotions\" role=\"listitem\">\n\t\t\t<div class=\"elementor-post__card\">\n\t\t\t\t<a class=\"elementor-post__thumbnail__link\" href=\"https:\/\/sooma.ca\/fr\/manger-ses-emotions\/\" tabindex=\"-1\"><div class=\"elementor-post__thumbnail\"><img loading=\"lazy\" decoding=\"async\" width=\"1080\" height=\"1080\" src=\"https:\/\/sooma.ca\/wp-content\/uploads\/2025\/07\/90.png\" class=\"attachment-full size-full wp-image-6370\" alt=\"\" srcset=\"https:\/\/sooma.ca\/wp-content\/uploads\/2025\/07\/90.png 1080w, https:\/\/sooma.ca\/wp-content\/uploads\/2025\/07\/90-300x300.png 300w, https:\/\/sooma.ca\/wp-content\/uploads\/2025\/07\/90-1024x1024.png 1024w, https:\/\/sooma.ca\/wp-content\/uploads\/2025\/07\/90-150x150.png 150w, https:\/\/sooma.ca\/wp-content\/uploads\/2025\/07\/90-768x768.png 768w\" sizes=\"(max-width: 1080px) 100vw, 1080px\" \/><\/div><\/a>\n\t\t\t\t<div class=\"elementor-post__text\">\n\t\t\t\t<h3 class=\"elementor-post__title\">\n\t\t\t<a href=\"https:\/\/sooma.ca\/fr\/manger-ses-emotions\/\">\n\t\t\t\tManger ses \u00e9motions\t\t\t<\/a>\n\t\t<\/h3>\n\t\t\n\t\t<a class=\"elementor-post__read-more\" href=\"https:\/\/sooma.ca\/fr\/manger-ses-emotions\/\" aria-label=\"En savoir plus sur Manger ses \u00e9motions\" tabindex=\"-1\">\n\t\t\tRead More \u00bb\t\t<\/a>\n\n\t\t\t\t<\/div>\n\t\t\t\t\t<\/div>\n\t\t<\/article>\n\t\t\t\t<article class=\"elementor-post elementor-grid-item post-6106 post type-post status-publish format-standard has-post-thumbnail hentry category-alimentation-intuitive category-nutrition-sportive tag-alimentation-intuitive tag-athletes-2\" role=\"listitem\">\n\t\t\t<div class=\"elementor-post__card\">\n\t\t\t\t<a class=\"elementor-post__thumbnail__link\" href=\"https:\/\/sooma.ca\/fr\/les-principes-de-lalimentation-intuitive-pour-les-athletes\/\" tabindex=\"-1\"><div class=\"elementor-post__thumbnail\"><img loading=\"lazy\" decoding=\"async\" width=\"1080\" height=\"1080\" src=\"https:\/\/sooma.ca\/wp-content\/uploads\/2025\/07\/82.png\" class=\"attachment-full size-full wp-image-6069\" alt=\"\" srcset=\"https:\/\/sooma.ca\/wp-content\/uploads\/2025\/07\/82.png 1080w, https:\/\/sooma.ca\/wp-content\/uploads\/2025\/07\/82-300x300.png 300w, https:\/\/sooma.ca\/wp-content\/uploads\/2025\/07\/82-1024x1024.png 1024w, https:\/\/sooma.ca\/wp-content\/uploads\/2025\/07\/82-150x150.png 150w, https:\/\/sooma.ca\/wp-content\/uploads\/2025\/07\/82-768x768.png 768w\" sizes=\"(max-width: 1080px) 100vw, 1080px\" \/><\/div><\/a>\n\t\t\t\t<div class=\"elementor-post__text\">\n\t\t\t\t<h3 class=\"elementor-post__title\">\n\t\t\t<a href=\"https:\/\/sooma.ca\/fr\/les-principes-de-lalimentation-intuitive-pour-les-athletes\/\">\n\t\t\t\tLes principes de l\u2019alimentation intuitive pour les athl\u00e8tes\t\t\t<\/a>\n\t\t<\/h3>\n\t\t\n\t\t<a class=\"elementor-post__read-more\" href=\"https:\/\/sooma.ca\/fr\/les-principes-de-lalimentation-intuitive-pour-les-athletes\/\" aria-label=\"En savoir plus sur Les principes de l\u2019alimentation intuitive pour les athl\u00e8tes\" tabindex=\"-1\">\n\t\t\tRead More \u00bb\t\t<\/a>\n\n\t\t\t\t<\/div>\n\t\t\t\t\t<\/div>\n\t\t<\/article>\n\t\t\t\t<article class=\"elementor-post elementor-grid-item post-6048 post type-post status-publish format-standard has-post-thumbnail hentry category-retablissement-des-troubles-alimentaires tag-meditation tag-pratiques-dincarnation tag-retablissement tag-tca tag-troubles-alimentaires tag-yoga\" role=\"listitem\">\n\t\t\t<div class=\"elementor-post__card\">\n\t\t\t\t<a class=\"elementor-post__thumbnail__link\" href=\"https:\/\/sooma.ca\/fr\/comment-les-pratiques-dincarnation-soutiennent-la-guerison-des-troubles-de-lalimentation\/\" tabindex=\"-1\"><div class=\"elementor-post__thumbnail\"><img loading=\"lazy\" decoding=\"async\" width=\"1080\" height=\"1080\" src=\"https:\/\/sooma.ca\/wp-content\/uploads\/2025\/07\/78.png\" class=\"attachment-full size-full wp-image-5993\" alt=\"\" srcset=\"https:\/\/sooma.ca\/wp-content\/uploads\/2025\/07\/78.png 1080w, https:\/\/sooma.ca\/wp-content\/uploads\/2025\/07\/78-300x300.png 300w, https:\/\/sooma.ca\/wp-content\/uploads\/2025\/07\/78-1024x1024.png 1024w, https:\/\/sooma.ca\/wp-content\/uploads\/2025\/07\/78-150x150.png 150w, https:\/\/sooma.ca\/wp-content\/uploads\/2025\/07\/78-768x768.png 768w\" sizes=\"(max-width: 1080px) 100vw, 1080px\" \/><\/div><\/a>\n\t\t\t\t<div class=\"elementor-post__text\">\n\t\t\t\t<h3 class=\"elementor-post__title\">\n\t\t\t<a href=\"https:\/\/sooma.ca\/fr\/comment-les-pratiques-dincarnation-soutiennent-la-guerison-des-troubles-de-lalimentation\/\">\n\t\t\t\tComment les pratiques d\u2019incarnation soutiennent la gu\u00e9rison des troubles de l\u2019alimentation\t\t\t<\/a>\n\t\t<\/h3>\n\t\t\n\t\t<a class=\"elementor-post__read-more\" href=\"https:\/\/sooma.ca\/fr\/comment-les-pratiques-dincarnation-soutiennent-la-guerison-des-troubles-de-lalimentation\/\" aria-label=\"En savoir plus sur Comment les pratiques d\u2019incarnation soutiennent la gu\u00e9rison des troubles de l\u2019alimentation\" tabindex=\"-1\">\n\t\t\tRead More \u00bb\t\t<\/a>\n\n\t\t\t\t<\/div>\n\t\t\t\t\t<\/div>\n\t\t<\/article>\n\t\t\t\t<article class=\"elementor-post elementor-grid-item post-5949 post type-post status-publish format-standard has-post-thumbnail hentry category-culture-des-dietes tag-alimentation-intuitive tag-culture-des-dietes tag-diete-2 tag-neutre\" role=\"listitem\">\n\t\t\t<div class=\"elementor-post__card\">\n\t\t\t\t<a class=\"elementor-post__thumbnail__link\" href=\"https:\/\/sooma.ca\/fr\/comment-aider-votre-enfant-a-etre-neutre-envers-la-nourriture-et-son-corps\/\" tabindex=\"-1\"><div class=\"elementor-post__thumbnail\"><img loading=\"lazy\" decoding=\"async\" width=\"1080\" height=\"1080\" src=\"https:\/\/sooma.ca\/wp-content\/uploads\/2025\/07\/74.png\" class=\"attachment-full size-full wp-image-5846\" alt=\"\" srcset=\"https:\/\/sooma.ca\/wp-content\/uploads\/2025\/07\/74.png 1080w, https:\/\/sooma.ca\/wp-content\/uploads\/2025\/07\/74-300x300.png 300w, https:\/\/sooma.ca\/wp-content\/uploads\/2025\/07\/74-1024x1024.png 1024w, https:\/\/sooma.ca\/wp-content\/uploads\/2025\/07\/74-150x150.png 150w, https:\/\/sooma.ca\/wp-content\/uploads\/2025\/07\/74-768x768.png 768w\" sizes=\"(max-width: 1080px) 100vw, 1080px\" \/><\/div><\/a>\n\t\t\t\t<div class=\"elementor-post__text\">\n\t\t\t\t<h3 class=\"elementor-post__title\">\n\t\t\t<a href=\"https:\/\/sooma.ca\/fr\/comment-aider-votre-enfant-a-etre-neutre-envers-la-nourriture-et-son-corps\/\">\n\t\t\t\tComment aider votre enfant \u00e0 \u00eatre neutre envers la nourriture et son corps\t\t\t<\/a>\n\t\t<\/h3>\n\t\t\n\t\t<a class=\"elementor-post__read-more\" href=\"https:\/\/sooma.ca\/fr\/comment-aider-votre-enfant-a-etre-neutre-envers-la-nourriture-et-son-corps\/\" aria-label=\"En savoir plus sur Comment aider votre enfant \u00e0 \u00eatre neutre envers la nourriture et son corps\" tabindex=\"-1\">\n\t\t\tRead More \u00bb\t\t<\/a>\n\n\t\t\t\t<\/div>\n\t\t\t\t\t<\/div>\n\t\t<\/article>\n\t\t\t\t<article class=\"elementor-post elementor-grid-item post-5830 post type-post status-publish format-standard has-post-thumbnail hentry category-alimentation-intuitive tag-alimentation-intuitive tag-nutrition-douce tag-retablissement\" role=\"listitem\">\n\t\t\t<div class=\"elementor-post__card\">\n\t\t\t\t<a class=\"elementor-post__thumbnail__link\" href=\"https:\/\/sooma.ca\/fr\/es-tu-prete-pour-la-nutrition-douce\/\" tabindex=\"-1\"><div class=\"elementor-post__thumbnail\"><img loading=\"lazy\" decoding=\"async\" width=\"1080\" height=\"1080\" src=\"https:\/\/sooma.ca\/wp-content\/uploads\/2025\/07\/69.png\" class=\"attachment-full size-full wp-image-5801\" alt=\"\" srcset=\"https:\/\/sooma.ca\/wp-content\/uploads\/2025\/07\/69.png 1080w, https:\/\/sooma.ca\/wp-content\/uploads\/2025\/07\/69-300x300.png 300w, https:\/\/sooma.ca\/wp-content\/uploads\/2025\/07\/69-1024x1024.png 1024w, https:\/\/sooma.ca\/wp-content\/uploads\/2025\/07\/69-150x150.png 150w, https:\/\/sooma.ca\/wp-content\/uploads\/2025\/07\/69-768x768.png 768w\" sizes=\"(max-width: 1080px) 100vw, 1080px\" \/><\/div><\/a>\n\t\t\t\t<div class=\"elementor-post__text\">\n\t\t\t\t<h3 class=\"elementor-post__title\">\n\t\t\t<a href=\"https:\/\/sooma.ca\/fr\/es-tu-prete-pour-la-nutrition-douce\/\">\n\t\t\t\tEs-tu pr\u00eate pour la nutrition douce?\t\t\t<\/a>\n\t\t<\/h3>\n\t\t\n\t\t<a class=\"elementor-post__read-more\" href=\"https:\/\/sooma.ca\/fr\/es-tu-prete-pour-la-nutrition-douce\/\" aria-label=\"En savoir plus sur Es-tu pr\u00eate pour la nutrition douce?\" tabindex=\"-1\">\n\t\t\tRead More \u00bb\t\t<\/a>\n\n\t\t\t\t<\/div>\n\t\t\t\t\t<\/div>\n\t\t<\/article>\n\t\t\t\t<article class=\"elementor-post elementor-grid-item post-5788 post type-post status-publish format-standard has-post-thumbnail hentry category-retablissement-des-troubles-alimentaires tag-meditation tag-retablissement tag-tca tag-troubles-alimentaires tag-yoga\" role=\"listitem\">\n\t\t\t<div class=\"elementor-post__card\">\n\t\t\t\t<a class=\"elementor-post__thumbnail__link\" href=\"https:\/\/sooma.ca\/fr\/le-yoga-et-le-processus-de-recuperation-des-troubles-alimentaires\/\" tabindex=\"-1\"><div class=\"elementor-post__thumbnail\"><img loading=\"lazy\" decoding=\"async\" width=\"1080\" height=\"1080\" src=\"https:\/\/sooma.ca\/wp-content\/uploads\/2025\/07\/65.png\" class=\"attachment-full size-full wp-image-5771\" alt=\"\" srcset=\"https:\/\/sooma.ca\/wp-content\/uploads\/2025\/07\/65.png 1080w, https:\/\/sooma.ca\/wp-content\/uploads\/2025\/07\/65-300x300.png 300w, https:\/\/sooma.ca\/wp-content\/uploads\/2025\/07\/65-1024x1024.png 1024w, https:\/\/sooma.ca\/wp-content\/uploads\/2025\/07\/65-150x150.png 150w, https:\/\/sooma.ca\/wp-content\/uploads\/2025\/07\/65-768x768.png 768w\" sizes=\"(max-width: 1080px) 100vw, 1080px\" \/><\/div><\/a>\n\t\t\t\t<div class=\"elementor-post__text\">\n\t\t\t\t<h3 class=\"elementor-post__title\">\n\t\t\t<a href=\"https:\/\/sooma.ca\/fr\/le-yoga-et-le-processus-de-recuperation-des-troubles-alimentaires\/\">\n\t\t\t\tLe yoga et le processus de r\u00e9cup\u00e9ration des troubles alimentaires\t\t\t<\/a>\n\t\t<\/h3>\n\t\t\n\t\t<a class=\"elementor-post__read-more\" href=\"https:\/\/sooma.ca\/fr\/le-yoga-et-le-processus-de-recuperation-des-troubles-alimentaires\/\" aria-label=\"En savoir plus sur Le yoga et le processus de r\u00e9cup\u00e9ration des troubles alimentaires\" tabindex=\"-1\">\n\t\t\tRead More \u00bb\t\t<\/a>\n\n\t\t\t\t<\/div>\n\t\t\t\t\t<\/div>\n\t\t<\/article>\n\t\t\t\t<article class=\"elementor-post elementor-grid-item post-5758 post type-post status-publish format-standard has-post-thumbnail hentry category-trouble-alimentaire tag-soins-tenant-compte-des-traumatismes tag-tca tag-traumatisme tag-troubles-alimentaires\" role=\"listitem\">\n\t\t\t<div class=\"elementor-post__card\">\n\t\t\t\t<a class=\"elementor-post__thumbnail__link\" href=\"https:\/\/sooma.ca\/fr\/que-signifie-fournir-des-soins-tenant-compte-des-traumatismes\/\" tabindex=\"-1\"><div class=\"elementor-post__thumbnail\"><img loading=\"lazy\" decoding=\"async\" width=\"1080\" height=\"1080\" src=\"https:\/\/sooma.ca\/wp-content\/uploads\/2025\/07\/60.png\" class=\"attachment-full size-full wp-image-5737\" alt=\"\" srcset=\"https:\/\/sooma.ca\/wp-content\/uploads\/2025\/07\/60.png 1080w, https:\/\/sooma.ca\/wp-content\/uploads\/2025\/07\/60-300x300.png 300w, https:\/\/sooma.ca\/wp-content\/uploads\/2025\/07\/60-1024x1024.png 1024w, https:\/\/sooma.ca\/wp-content\/uploads\/2025\/07\/60-150x150.png 150w, https:\/\/sooma.ca\/wp-content\/uploads\/2025\/07\/60-768x768.png 768w\" sizes=\"(max-width: 1080px) 100vw, 1080px\" \/><\/div><\/a>\n\t\t\t\t<div class=\"elementor-post__text\">\n\t\t\t\t<h3 class=\"elementor-post__title\">\n\t\t\t<a href=\"https:\/\/sooma.ca\/fr\/que-signifie-fournir-des-soins-tenant-compte-des-traumatismes\/\">\n\t\t\t\tQue signifie fournir des soins tenant compte des traumatismes?\t\t\t<\/a>\n\t\t<\/h3>\n\t\t\n\t\t<a class=\"elementor-post__read-more\" href=\"https:\/\/sooma.ca\/fr\/que-signifie-fournir-des-soins-tenant-compte-des-traumatismes\/\" aria-label=\"En savoir plus sur Que signifie fournir des soins tenant compte des traumatismes?\" tabindex=\"-1\">\n\t\t\tRead More \u00bb\t\t<\/a>\n\n\t\t\t\t<\/div>\n\t\t\t\t\t<\/div>\n\t\t<\/article>\n\t\t\t\t<article class=\"elementor-post elementor-grid-item post-5722 post type-post status-publish format-standard has-post-thumbnail hentry category-culture-des-dietes category-regimes tag-diete-2 tag-regime tag-sopk\" role=\"listitem\">\n\t\t\t<div class=\"elementor-post__card\">\n\t\t\t\t<a class=\"elementor-post__thumbnail__link\" href=\"https:\/\/sooma.ca\/fr\/faut-il-que-je-suive-un-regime-parce-que-jai-le-sopk\/\" tabindex=\"-1\"><div class=\"elementor-post__thumbnail\"><img loading=\"lazy\" decoding=\"async\" width=\"1080\" height=\"1080\" src=\"https:\/\/sooma.ca\/wp-content\/uploads\/2025\/07\/57.png\" class=\"attachment-full size-full wp-image-5687\" alt=\"\" srcset=\"https:\/\/sooma.ca\/wp-content\/uploads\/2025\/07\/57.png 1080w, https:\/\/sooma.ca\/wp-content\/uploads\/2025\/07\/57-300x300.png 300w, https:\/\/sooma.ca\/wp-content\/uploads\/2025\/07\/57-1024x1024.png 1024w, https:\/\/sooma.ca\/wp-content\/uploads\/2025\/07\/57-150x150.png 150w, https:\/\/sooma.ca\/wp-content\/uploads\/2025\/07\/57-768x768.png 768w\" sizes=\"(max-width: 1080px) 100vw, 1080px\" \/><\/div><\/a>\n\t\t\t\t<div class=\"elementor-post__text\">\n\t\t\t\t<h3 class=\"elementor-post__title\">\n\t\t\t<a href=\"https:\/\/sooma.ca\/fr\/faut-il-que-je-suive-un-regime-parce-que-jai-le-sopk\/\">\n\t\t\t\tFaut-il que je suive un r\u00e9gime parce que j\u2019ai le SOPK?\t\t\t<\/a>\n\t\t<\/h3>\n\t\t\n\t\t<a class=\"elementor-post__read-more\" href=\"https:\/\/sooma.ca\/fr\/faut-il-que-je-suive-un-regime-parce-que-jai-le-sopk\/\" aria-label=\"En savoir plus sur Faut-il que je suive un r\u00e9gime parce que j\u2019ai le SOPK?\" tabindex=\"-1\">\n\t\t\tRead More \u00bb\t\t<\/a>\n\n\t\t\t\t<\/div>\n\t\t\t\t\t<\/div>\n\t\t<\/article>\n\t\t\t\t<article class=\"elementor-post elementor-grid-item post-5650 post type-post status-publish format-standard has-post-thumbnail hentry category-orthorexie tag-diete-2 tag-manger-sainement tag-orthorexie tag-tca\" role=\"listitem\">\n\t\t\t<div class=\"elementor-post__card\">\n\t\t\t\t<a class=\"elementor-post__thumbnail__link\" href=\"https:\/\/sooma.ca\/fr\/a-quoi-ressemble-lorthorexie-et-comment-la-surmonter\/\" tabindex=\"-1\"><div class=\"elementor-post__thumbnail\"><img loading=\"lazy\" decoding=\"async\" width=\"1080\" height=\"1080\" src=\"https:\/\/sooma.ca\/wp-content\/uploads\/2025\/07\/52.png\" class=\"attachment-full size-full wp-image-5600\" alt=\"\" srcset=\"https:\/\/sooma.ca\/wp-content\/uploads\/2025\/07\/52.png 1080w, https:\/\/sooma.ca\/wp-content\/uploads\/2025\/07\/52-300x300.png 300w, https:\/\/sooma.ca\/wp-content\/uploads\/2025\/07\/52-1024x1024.png 1024w, https:\/\/sooma.ca\/wp-content\/uploads\/2025\/07\/52-150x150.png 150w, https:\/\/sooma.ca\/wp-content\/uploads\/2025\/07\/52-768x768.png 768w\" sizes=\"(max-width: 1080px) 100vw, 1080px\" \/><\/div><\/a>\n\t\t\t\t<div class=\"elementor-post__text\">\n\t\t\t\t<h3 class=\"elementor-post__title\">\n\t\t\t<a href=\"https:\/\/sooma.ca\/fr\/a-quoi-ressemble-lorthorexie-et-comment-la-surmonter\/\">\n\t\t\t\t\u00c0 quoi ressemble l\u2019orthorexie et comment la surmonter\t\t\t<\/a>\n\t\t<\/h3>\n\t\t\n\t\t<a class=\"elementor-post__read-more\" href=\"https:\/\/sooma.ca\/fr\/a-quoi-ressemble-lorthorexie-et-comment-la-surmonter\/\" aria-label=\"En savoir plus sur \u00c0 quoi ressemble l\u2019orthorexie et comment la surmonter\" tabindex=\"-1\">\n\t\t\tRead More \u00bb\t\t<\/a>\n\n\t\t\t\t<\/div>\n\t\t\t\t\t<\/div>\n\t\t<\/article>\n\t\t\t\t<article class=\"elementor-post elementor-grid-item post-5559 post type-post status-publish format-standard has-post-thumbnail hentry category-trouble-alimentaire tag-image-corporelle tag-instagram-2 tag-reseaux-sociaux tag-tca\" role=\"listitem\">\n\t\t\t<div class=\"elementor-post__card\">\n\t\t\t\t<a class=\"elementor-post__thumbnail__link\" href=\"https:\/\/sooma.ca\/fr\/remodelage-des-reseaux-sociaux\/\" tabindex=\"-1\"><div class=\"elementor-post__thumbnail\"><img loading=\"lazy\" decoding=\"async\" width=\"1080\" height=\"1080\" src=\"https:\/\/sooma.ca\/wp-content\/uploads\/2025\/07\/46.png\" class=\"attachment-full size-full wp-image-5535\" alt=\"\" srcset=\"https:\/\/sooma.ca\/wp-content\/uploads\/2025\/07\/46.png 1080w, https:\/\/sooma.ca\/wp-content\/uploads\/2025\/07\/46-300x300.png 300w, https:\/\/sooma.ca\/wp-content\/uploads\/2025\/07\/46-1024x1024.png 1024w, https:\/\/sooma.ca\/wp-content\/uploads\/2025\/07\/46-150x150.png 150w, https:\/\/sooma.ca\/wp-content\/uploads\/2025\/07\/46-768x768.png 768w\" sizes=\"(max-width: 1080px) 100vw, 1080px\" \/><\/div><\/a>\n\t\t\t\t<div class=\"elementor-post__text\">\n\t\t\t\t<h3 class=\"elementor-post__title\">\n\t\t\t<a href=\"https:\/\/sooma.ca\/fr\/remodelage-des-reseaux-sociaux\/\">\n\t\t\t\tRemodelage des r\u00e9seaux sociaux\t\t\t<\/a>\n\t\t<\/h3>\n\t\t\n\t\t<a class=\"elementor-post__read-more\" href=\"https:\/\/sooma.ca\/fr\/remodelage-des-reseaux-sociaux\/\" aria-label=\"En savoir plus sur Remodelage des r\u00e9seaux sociaux\" tabindex=\"-1\">\n\t\t\tRead More \u00bb\t\t<\/a>\n\n\t\t\t\t<\/div>\n\t\t\t\t\t<\/div>\n\t\t<\/article>\n\t\t\t\t<article class=\"elementor-post elementor-grid-item post-5444 post type-post status-publish format-standard has-post-thumbnail hentry category-exercice-intuitif tag-exercice tag-exercise-2 tag-exercise-intuitif tag-les-signes-dune-relation-desordonnee-avec-lexercice-physique tag-yoga\" role=\"listitem\">\n\t\t\t<div class=\"elementor-post__card\">\n\t\t\t\t<a class=\"elementor-post__thumbnail__link\" href=\"https:\/\/sooma.ca\/fr\/comment-pratiquer-lexercice-intuitif\/\" tabindex=\"-1\"><div class=\"elementor-post__thumbnail\"><img loading=\"lazy\" decoding=\"async\" width=\"1080\" height=\"1080\" src=\"https:\/\/sooma.ca\/wp-content\/uploads\/2025\/07\/42.png\" class=\"attachment-full size-full wp-image-5427\" alt=\"\" srcset=\"https:\/\/sooma.ca\/wp-content\/uploads\/2025\/07\/42.png 1080w, https:\/\/sooma.ca\/wp-content\/uploads\/2025\/07\/42-300x300.png 300w, https:\/\/sooma.ca\/wp-content\/uploads\/2025\/07\/42-1024x1024.png 1024w, https:\/\/sooma.ca\/wp-content\/uploads\/2025\/07\/42-150x150.png 150w, https:\/\/sooma.ca\/wp-content\/uploads\/2025\/07\/42-768x768.png 768w\" sizes=\"(max-width: 1080px) 100vw, 1080px\" \/><\/div><\/a>\n\t\t\t\t<div class=\"elementor-post__text\">\n\t\t\t\t<h3 class=\"elementor-post__title\">\n\t\t\t<a href=\"https:\/\/sooma.ca\/fr\/comment-pratiquer-lexercice-intuitif\/\">\n\t\t\t\tComment pratiquer l\u2019exercice intuitif\t\t\t<\/a>\n\t\t<\/h3>\n\t\t\n\t\t<a class=\"elementor-post__read-more\" href=\"https:\/\/sooma.ca\/fr\/comment-pratiquer-lexercice-intuitif\/\" aria-label=\"En savoir plus sur Comment pratiquer l\u2019exercice intuitif\" tabindex=\"-1\">\n\t\t\tRead More \u00bb\t\t<\/a>\n\n\t\t\t\t<\/div>\n\t\t\t\t\t<\/div>\n\t\t<\/article>\n\t\t\t\t<article class=\"elementor-post elementor-grid-item post-5401 post type-post status-publish format-standard has-post-thumbnail hentry category-trouble-alimentaire tag-alimentation-desordonnee tag-exercise-2 tag-les-signes-dune-relation-desordonnee-avec-lexercice-physique tag-trouble-alimentaire\" role=\"listitem\">\n\t\t\t<div class=\"elementor-post__card\">\n\t\t\t\t<a class=\"elementor-post__thumbnail__link\" href=\"https:\/\/sooma.ca\/fr\/les-signes-dune-relation-desordonnee-avec-lexercice-physique\/\" tabindex=\"-1\"><div class=\"elementor-post__thumbnail\"><img loading=\"lazy\" decoding=\"async\" width=\"1080\" height=\"1080\" src=\"https:\/\/sooma.ca\/wp-content\/uploads\/2025\/07\/38.png\" class=\"attachment-full size-full wp-image-5384\" alt=\"\" srcset=\"https:\/\/sooma.ca\/wp-content\/uploads\/2025\/07\/38.png 1080w, https:\/\/sooma.ca\/wp-content\/uploads\/2025\/07\/38-300x300.png 300w, https:\/\/sooma.ca\/wp-content\/uploads\/2025\/07\/38-1024x1024.png 1024w, https:\/\/sooma.ca\/wp-content\/uploads\/2025\/07\/38-150x150.png 150w, https:\/\/sooma.ca\/wp-content\/uploads\/2025\/07\/38-768x768.png 768w\" sizes=\"(max-width: 1080px) 100vw, 1080px\" \/><\/div><\/a>\n\t\t\t\t<div class=\"elementor-post__text\">\n\t\t\t\t<h3 class=\"elementor-post__title\">\n\t\t\t<a href=\"https:\/\/sooma.ca\/fr\/les-signes-dune-relation-desordonnee-avec-lexercice-physique\/\">\n\t\t\t\tLes signes d\u2019une relation d\u00e9sordonn\u00e9e avec l\u2019Exercice physique\t\t\t<\/a>\n\t\t<\/h3>\n\t\t\n\t\t<a class=\"elementor-post__read-more\" href=\"https:\/\/sooma.ca\/fr\/les-signes-dune-relation-desordonnee-avec-lexercice-physique\/\" aria-label=\"En savoir plus sur Les signes d\u2019une relation d\u00e9sordonn\u00e9e avec l\u2019Exercice physique\" tabindex=\"-1\">\n\t\t\tRead More \u00bb\t\t<\/a>\n\n\t\t\t\t<\/div>\n\t\t\t\t\t<\/div>\n\t\t<\/article>\n\t\t\t\t<article class=\"elementor-post elementor-grid-item post-5305 post type-post status-publish format-standard has-post-thumbnail hentry category-trouble-alimentaire tag-chrons tag-histoire tag-tca tag-temoignage tag-trouble-alimentaire\" role=\"listitem\">\n\t\t\t<div class=\"elementor-post__card\">\n\t\t\t\t<a class=\"elementor-post__thumbnail__link\" href=\"https:\/\/sooma.ca\/fr\/mon-histoire-un-arc-en-ciel-en-couleur\/\" tabindex=\"-1\"><div class=\"elementor-post__thumbnail\"><img loading=\"lazy\" decoding=\"async\" width=\"1080\" height=\"1080\" src=\"https:\/\/sooma.ca\/wp-content\/uploads\/2025\/06\/34-1.png\" class=\"attachment-full size-full wp-image-5306\" alt=\"\" srcset=\"https:\/\/sooma.ca\/wp-content\/uploads\/2025\/06\/34-1.png 1080w, https:\/\/sooma.ca\/wp-content\/uploads\/2025\/06\/34-1-300x300.png 300w, https:\/\/sooma.ca\/wp-content\/uploads\/2025\/06\/34-1-1024x1024.png 1024w, https:\/\/sooma.ca\/wp-content\/uploads\/2025\/06\/34-1-150x150.png 150w, https:\/\/sooma.ca\/wp-content\/uploads\/2025\/06\/34-1-768x768.png 768w\" sizes=\"(max-width: 1080px) 100vw, 1080px\" \/><\/div><\/a>\n\t\t\t\t<div class=\"elementor-post__text\">\n\t\t\t\t<h3 class=\"elementor-post__title\">\n\t\t\t<a href=\"https:\/\/sooma.ca\/fr\/mon-histoire-un-arc-en-ciel-en-couleur\/\">\n\t\t\t\tMon histoire: un arc en ciel en couleur\t\t\t<\/a>\n\t\t<\/h3>\n\t\t\n\t\t<a class=\"elementor-post__read-more\" href=\"https:\/\/sooma.ca\/fr\/mon-histoire-un-arc-en-ciel-en-couleur\/\" aria-label=\"En savoir plus sur Mon histoire: un arc en ciel en couleur\" tabindex=\"-1\">\n\t\t\tRead More \u00bb\t\t<\/a>\n\n\t\t\t\t<\/div>\n\t\t\t\t\t<\/div>\n\t\t<\/article>\n\t\t\t\t<article class=\"elementor-post elementor-grid-item post-5294 post type-post status-publish format-standard has-post-thumbnail hentry category-alimentation-intuitive tag-alimentation-intuitive tag-anti-diet-2 tag-anti-regime tag-culture-des-dietes tag-regime-2\" role=\"listitem\">\n\t\t\t<div class=\"elementor-post__card\">\n\t\t\t\t<a class=\"elementor-post__thumbnail__link\" href=\"https:\/\/sooma.ca\/fr\/lalimentation-intuitive-quest-ce-que-ce-nest-pas\/\" tabindex=\"-1\"><div class=\"elementor-post__thumbnail\"><img loading=\"lazy\" decoding=\"async\" width=\"1080\" height=\"1080\" src=\"https:\/\/sooma.ca\/wp-content\/uploads\/2025\/06\/31-1.png\" class=\"attachment-full size-full wp-image-5279\" alt=\"\" srcset=\"https:\/\/sooma.ca\/wp-content\/uploads\/2025\/06\/31-1.png 1080w, https:\/\/sooma.ca\/wp-content\/uploads\/2025\/06\/31-1-300x300.png 300w, https:\/\/sooma.ca\/wp-content\/uploads\/2025\/06\/31-1-1024x1024.png 1024w, https:\/\/sooma.ca\/wp-content\/uploads\/2025\/06\/31-1-150x150.png 150w, https:\/\/sooma.ca\/wp-content\/uploads\/2025\/06\/31-1-768x768.png 768w\" sizes=\"(max-width: 1080px) 100vw, 1080px\" \/><\/div><\/a>\n\t\t\t\t<div class=\"elementor-post__text\">\n\t\t\t\t<h3 class=\"elementor-post__title\">\n\t\t\t<a href=\"https:\/\/sooma.ca\/fr\/lalimentation-intuitive-quest-ce-que-ce-nest-pas\/\">\n\t\t\t\tL\u2019Alimentation intuitive: Qu\u2019est-ce que ce n\u2019est PAS?\t\t\t<\/a>\n\t\t<\/h3>\n\t\t\n\t\t<a class=\"elementor-post__read-more\" href=\"https:\/\/sooma.ca\/fr\/lalimentation-intuitive-quest-ce-que-ce-nest-pas\/\" aria-label=\"En savoir plus sur L\u2019Alimentation intuitive: Qu\u2019est-ce que ce n\u2019est PAS?\" tabindex=\"-1\">\n\t\t\tRead More \u00bb\t\t<\/a>\n\n\t\t\t\t<\/div>\n\t\t\t\t\t<\/div>\n\t\t<\/article>\n\t\t\t\t<article class=\"elementor-post elementor-grid-item post-5262 post type-post status-publish format-standard has-post-thumbnail hentry category-alimentation-intuitive tag-alimentation-intuitive tag-anti-diet-2 tag-anti-regime tag-culture-des-dietes\" role=\"listitem\">\n\t\t\t<div class=\"elementor-post__card\">\n\t\t\t\t<a class=\"elementor-post__thumbnail__link\" href=\"https:\/\/sooma.ca\/fr\/lalimentation-intuitive-quest-ce-que-cest\/\" tabindex=\"-1\"><div class=\"elementor-post__thumbnail\"><img loading=\"lazy\" decoding=\"async\" width=\"1080\" height=\"1080\" src=\"https:\/\/sooma.ca\/wp-content\/uploads\/2025\/06\/25-1.png\" class=\"attachment-full size-full wp-image-5241\" alt=\"\" srcset=\"https:\/\/sooma.ca\/wp-content\/uploads\/2025\/06\/25-1.png 1080w, https:\/\/sooma.ca\/wp-content\/uploads\/2025\/06\/25-1-300x300.png 300w, https:\/\/sooma.ca\/wp-content\/uploads\/2025\/06\/25-1-1024x1024.png 1024w, https:\/\/sooma.ca\/wp-content\/uploads\/2025\/06\/25-1-150x150.png 150w, https:\/\/sooma.ca\/wp-content\/uploads\/2025\/06\/25-1-768x768.png 768w\" sizes=\"(max-width: 1080px) 100vw, 1080px\" \/><\/div><\/a>\n\t\t\t\t<div class=\"elementor-post__text\">\n\t\t\t\t<h3 class=\"elementor-post__title\">\n\t\t\t<a href=\"https:\/\/sooma.ca\/fr\/lalimentation-intuitive-quest-ce-que-cest\/\">\n\t\t\t\tL\u2019Alimentation Intuitive: Qu\u2019est-ce que c\u2019est?\t\t\t<\/a>\n\t\t<\/h3>\n\t\t\n\t\t<a class=\"elementor-post__read-more\" href=\"https:\/\/sooma.ca\/fr\/lalimentation-intuitive-quest-ce-que-cest\/\" aria-label=\"En savoir plus sur L\u2019Alimentation Intuitive: Qu\u2019est-ce que c\u2019est?\" tabindex=\"-1\">\n\t\t\tRead More \u00bb\t\t<\/a>\n\n\t\t\t\t<\/div>\n\t\t\t\t\t<\/div>\n\t\t<\/article>\n\t\t\t\t<article class=\"elementor-post elementor-grid-item post-5222 post type-post status-publish format-standard has-post-thumbnail hentry category-culture-des-dietes tag-diete tag-perte-de-poids tag-regime tag-surpoids\" role=\"listitem\">\n\t\t\t<div class=\"elementor-post__card\">\n\t\t\t\t<a class=\"elementor-post__thumbnail__link\" href=\"https:\/\/sooma.ca\/fr\/pourquoi-les-gens-ont-du-mal-a-perdre-du-poids\/\" tabindex=\"-1\"><div class=\"elementor-post__thumbnail\"><img loading=\"lazy\" decoding=\"async\" width=\"1080\" height=\"1080\" src=\"https:\/\/sooma.ca\/wp-content\/uploads\/2025\/06\/22-1.png\" class=\"attachment-full size-full wp-image-5204\" alt=\"\" srcset=\"https:\/\/sooma.ca\/wp-content\/uploads\/2025\/06\/22-1.png 1080w, https:\/\/sooma.ca\/wp-content\/uploads\/2025\/06\/22-1-300x300.png 300w, https:\/\/sooma.ca\/wp-content\/uploads\/2025\/06\/22-1-1024x1024.png 1024w, https:\/\/sooma.ca\/wp-content\/uploads\/2025\/06\/22-1-150x150.png 150w, https:\/\/sooma.ca\/wp-content\/uploads\/2025\/06\/22-1-768x768.png 768w\" sizes=\"(max-width: 1080px) 100vw, 1080px\" \/><\/div><\/a>\n\t\t\t\t<div class=\"elementor-post__text\">\n\t\t\t\t<h3 class=\"elementor-post__title\">\n\t\t\t<a href=\"https:\/\/sooma.ca\/fr\/pourquoi-les-gens-ont-du-mal-a-perdre-du-poids\/\">\n\t\t\t\tPourquoi les gens ont du mal \u00e0 perdre du poids\t\t\t<\/a>\n\t\t<\/h3>\n\t\t\n\t\t<a class=\"elementor-post__read-more\" href=\"https:\/\/sooma.ca\/fr\/pourquoi-les-gens-ont-du-mal-a-perdre-du-poids\/\" aria-label=\"En savoir plus sur Pourquoi les gens ont du mal \u00e0 perdre du poids\" tabindex=\"-1\">\n\t\t\tRead More \u00bb\t\t<\/a>\n\n\t\t\t\t<\/div>\n\t\t\t\t\t<\/div>\n\t\t<\/article>\n\t\t\t\t<article class=\"elementor-post elementor-grid-item post-5185 post type-post status-publish format-standard has-post-thumbnail hentry category-culture-des-dietes tag-glucides tag-hormones tag-keto-2\" role=\"listitem\">\n\t\t\t<div class=\"elementor-post__card\">\n\t\t\t\t<a class=\"elementor-post__thumbnail__link\" href=\"https:\/\/sooma.ca\/fr\/couper-les-glucides-comment-cela-affecte-vos-hormones-et-votre-sante\/\" tabindex=\"-1\"><div class=\"elementor-post__thumbnail\"><img loading=\"lazy\" decoding=\"async\" width=\"1080\" height=\"1080\" src=\"https:\/\/sooma.ca\/wp-content\/uploads\/2025\/06\/17-2.png\" class=\"attachment-full size-full wp-image-5163\" alt=\"\" srcset=\"https:\/\/sooma.ca\/wp-content\/uploads\/2025\/06\/17-2.png 1080w, https:\/\/sooma.ca\/wp-content\/uploads\/2025\/06\/17-2-300x300.png 300w, https:\/\/sooma.ca\/wp-content\/uploads\/2025\/06\/17-2-1024x1024.png 1024w, https:\/\/sooma.ca\/wp-content\/uploads\/2025\/06\/17-2-150x150.png 150w, https:\/\/sooma.ca\/wp-content\/uploads\/2025\/06\/17-2-768x768.png 768w\" sizes=\"(max-width: 1080px) 100vw, 1080px\" \/><\/div><\/a>\n\t\t\t\t<div class=\"elementor-post__text\">\n\t\t\t\t<h3 class=\"elementor-post__title\">\n\t\t\t<a href=\"https:\/\/sooma.ca\/fr\/couper-les-glucides-comment-cela-affecte-vos-hormones-et-votre-sante\/\">\n\t\t\t\tCouper les glucides? Comment cela affecte vos hormones et votre sant\u00e9\t\t\t<\/a>\n\t\t<\/h3>\n\t\t\n\t\t<a class=\"elementor-post__read-more\" href=\"https:\/\/sooma.ca\/fr\/couper-les-glucides-comment-cela-affecte-vos-hormones-et-votre-sante\/\" aria-label=\"En savoir plus sur Couper les glucides? Comment cela affecte vos hormones et votre sant\u00e9\" tabindex=\"-1\">\n\t\t\tRead More \u00bb\t\t<\/a>\n\n\t\t\t\t<\/div>\n\t\t\t\t\t<\/div>\n\t\t<\/article>\n\t\t\t\t<article class=\"elementor-post elementor-grid-item post-5150 post type-post status-publish format-standard has-post-thumbnail hentry category-arfid-2 tag-arfid-3\" role=\"listitem\">\n\t\t\t<div class=\"elementor-post__card\">\n\t\t\t\t<a class=\"elementor-post__thumbnail__link\" href=\"https:\/\/sooma.ca\/fr\/le-trouble-dalimentation-selectif-et-ou-evitant-arfid\/\" tabindex=\"-1\"><div class=\"elementor-post__thumbnail\"><img loading=\"lazy\" decoding=\"async\" width=\"1080\" height=\"1080\" src=\"https:\/\/sooma.ca\/wp-content\/uploads\/2025\/06\/14-2.png\" class=\"attachment-full size-full wp-image-5135\" alt=\"\" srcset=\"https:\/\/sooma.ca\/wp-content\/uploads\/2025\/06\/14-2.png 1080w, https:\/\/sooma.ca\/wp-content\/uploads\/2025\/06\/14-2-300x300.png 300w, https:\/\/sooma.ca\/wp-content\/uploads\/2025\/06\/14-2-1024x1024.png 1024w, https:\/\/sooma.ca\/wp-content\/uploads\/2025\/06\/14-2-150x150.png 150w, https:\/\/sooma.ca\/wp-content\/uploads\/2025\/06\/14-2-768x768.png 768w\" sizes=\"(max-width: 1080px) 100vw, 1080px\" \/><\/div><\/a>\n\t\t\t\t<div class=\"elementor-post__text\">\n\t\t\t\t<h3 class=\"elementor-post__title\">\n\t\t\t<a href=\"https:\/\/sooma.ca\/fr\/le-trouble-dalimentation-selectif-et-ou-evitant-arfid\/\">\n\t\t\t\tLe trouble d\u2019alimentation s\u00e9lectif et\/ou \u00e9vitant (ARFID)\t\t\t<\/a>\n\t\t<\/h3>\n\t\t\n\t\t<a class=\"elementor-post__read-more\" href=\"https:\/\/sooma.ca\/fr\/le-trouble-dalimentation-selectif-et-ou-evitant-arfid\/\" aria-label=\"En savoir plus sur Le trouble d\u2019alimentation s\u00e9lectif et\/ou \u00e9vitant (ARFID)\" tabindex=\"-1\">\n\t\t\tRead More \u00bb\t\t<\/a>\n\n\t\t\t\t<\/div>\n\t\t\t\t\t<\/div>\n\t\t<\/article>\n\t\t\t\t<article class=\"elementor-post elementor-grid-item post-5111 post type-post status-publish format-standard has-post-thumbnail hentry category-trouble-alimentaire tag-intervention-familiale tag-tca tag-tf tag-trouble-alimentaire\" role=\"listitem\">\n\t\t\t<div class=\"elementor-post__card\">\n\t\t\t\t<a class=\"elementor-post__thumbnail__link\" href=\"https:\/\/sooma.ca\/fr\/lintervention-familiale\/\" tabindex=\"-1\"><div class=\"elementor-post__thumbnail\"><img loading=\"lazy\" decoding=\"async\" width=\"1080\" height=\"1080\" src=\"https:\/\/sooma.ca\/wp-content\/uploads\/2025\/06\/11-2.png\" class=\"attachment-full size-full wp-image-5088\" alt=\"\" srcset=\"https:\/\/sooma.ca\/wp-content\/uploads\/2025\/06\/11-2.png 1080w, https:\/\/sooma.ca\/wp-content\/uploads\/2025\/06\/11-2-300x300.png 300w, https:\/\/sooma.ca\/wp-content\/uploads\/2025\/06\/11-2-1024x1024.png 1024w, https:\/\/sooma.ca\/wp-content\/uploads\/2025\/06\/11-2-150x150.png 150w, https:\/\/sooma.ca\/wp-content\/uploads\/2025\/06\/11-2-768x768.png 768w\" sizes=\"(max-width: 1080px) 100vw, 1080px\" \/><\/div><\/a>\n\t\t\t\t<div class=\"elementor-post__text\">\n\t\t\t\t<h3 class=\"elementor-post__title\">\n\t\t\t<a href=\"https:\/\/sooma.ca\/fr\/lintervention-familiale\/\">\n\t\t\t\tL\u2019intervention familiale\t\t\t<\/a>\n\t\t<\/h3>\n\t\t\n\t\t<a class=\"elementor-post__read-more\" href=\"https:\/\/sooma.ca\/fr\/lintervention-familiale\/\" aria-label=\"En savoir plus sur L\u2019intervention familiale\" tabindex=\"-1\">\n\t\t\tRead More \u00bb\t\t<\/a>\n\n\t\t\t\t<\/div>\n\t\t\t\t\t<\/div>\n\t\t<\/article>\n\t\t\t\t<article class=\"elementor-post elementor-grid-item post-5075 post type-post status-publish format-standard has-post-thumbnail hentry category-trouble-alimentaire tag-dietetiste tag-genre tag-identites-de-genre tag-lgbtq tag-soins-daffirmation-du-genre tag-tca tag-trans tag-trouble-alimentaire\" role=\"listitem\">\n\t\t\t<div class=\"elementor-post__card\">\n\t\t\t\t<a class=\"elementor-post__thumbnail__link\" href=\"https:\/\/sooma.ca\/fr\/ce-que-signifie-fournir-des-soins-daffirmation-du-genre-partie-2\/\" tabindex=\"-1\"><div class=\"elementor-post__thumbnail\"><img loading=\"lazy\" decoding=\"async\" width=\"1080\" height=\"1080\" src=\"https:\/\/sooma.ca\/wp-content\/uploads\/2025\/06\/Untitled-design-7.png\" class=\"attachment-full size-full wp-image-5059\" alt=\"\" srcset=\"https:\/\/sooma.ca\/wp-content\/uploads\/2025\/06\/Untitled-design-7.png 1080w, https:\/\/sooma.ca\/wp-content\/uploads\/2025\/06\/Untitled-design-7-300x300.png 300w, https:\/\/sooma.ca\/wp-content\/uploads\/2025\/06\/Untitled-design-7-1024x1024.png 1024w, https:\/\/sooma.ca\/wp-content\/uploads\/2025\/06\/Untitled-design-7-150x150.png 150w, https:\/\/sooma.ca\/wp-content\/uploads\/2025\/06\/Untitled-design-7-768x768.png 768w\" sizes=\"(max-width: 1080px) 100vw, 1080px\" \/><\/div><\/a>\n\t\t\t\t<div class=\"elementor-post__text\">\n\t\t\t\t<h3 class=\"elementor-post__title\">\n\t\t\t<a href=\"https:\/\/sooma.ca\/fr\/ce-que-signifie-fournir-des-soins-daffirmation-du-genre-partie-2\/\">\n\t\t\t\tCe que signifie fournir des soins d\u2019affirmation du genre \u2013 Partie 2\t\t\t<\/a>\n\t\t<\/h3>\n\t\t\n\t\t<a class=\"elementor-post__read-more\" href=\"https:\/\/sooma.ca\/fr\/ce-que-signifie-fournir-des-soins-daffirmation-du-genre-partie-2\/\" aria-label=\"En savoir plus sur Ce que signifie fournir des soins d\u2019affirmation du genre \u2013 Partie 2\" tabindex=\"-1\">\n\t\t\tRead More \u00bb\t\t<\/a>\n\n\t\t\t\t<\/div>\n\t\t\t\t\t<\/div>\n\t\t<\/article>\n\t\t\t\t<article class=\"elementor-post elementor-grid-item post-5040 post type-post status-publish format-standard has-post-thumbnail hentry category-trouble-alimentaire tag-genre tag-identites-de-genre tag-lgbtq tag-soins-daffirmation-du-genre tag-tca tag-trans tag-trouble-alimentaire\" role=\"listitem\">\n\t\t\t<div class=\"elementor-post__card\">\n\t\t\t\t<a class=\"elementor-post__thumbnail__link\" href=\"https:\/\/sooma.ca\/fr\/ce-que-signifie-fournir-des-soins-daffirmation-du-genre-partie-1\/\" tabindex=\"-1\"><div class=\"elementor-post__thumbnail\"><img loading=\"lazy\" decoding=\"async\" width=\"1080\" height=\"1080\" src=\"https:\/\/sooma.ca\/wp-content\/uploads\/2025\/06\/1-3.png\" class=\"attachment-full size-full wp-image-4996\" alt=\"\" srcset=\"https:\/\/sooma.ca\/wp-content\/uploads\/2025\/06\/1-3.png 1080w, https:\/\/sooma.ca\/wp-content\/uploads\/2025\/06\/1-3-300x300.png 300w, https:\/\/sooma.ca\/wp-content\/uploads\/2025\/06\/1-3-1024x1024.png 1024w, https:\/\/sooma.ca\/wp-content\/uploads\/2025\/06\/1-3-150x150.png 150w, https:\/\/sooma.ca\/wp-content\/uploads\/2025\/06\/1-3-768x768.png 768w\" sizes=\"(max-width: 1080px) 100vw, 1080px\" \/><\/div><\/a>\n\t\t\t\t<div class=\"elementor-post__text\">\n\t\t\t\t<h3 class=\"elementor-post__title\">\n\t\t\t<a href=\"https:\/\/sooma.ca\/fr\/ce-que-signifie-fournir-des-soins-daffirmation-du-genre-partie-1\/\">\n\t\t\t\tCe que signifie fournir des soins d\u2019affirmation du genre \u2013 Partie 1\t\t\t<\/a>\n\t\t<\/h3>\n\t\t\n\t\t<a class=\"elementor-post__read-more\" href=\"https:\/\/sooma.ca\/fr\/ce-que-signifie-fournir-des-soins-daffirmation-du-genre-partie-1\/\" aria-label=\"En savoir plus sur Ce que signifie fournir des soins d\u2019affirmation du genre \u2013 Partie 1\" tabindex=\"-1\">\n\t\t\tRead More \u00bb\t\t<\/a>\n\n\t\t\t\t<\/div>\n\t\t\t\t\t<\/div>\n\t\t<\/article>\n\t\t\t\t<article class=\"elementor-post elementor-grid-item post-4969 post type-post status-publish format-standard has-post-thumbnail hentry category-non-categorise tag-amenorhee tag-regle tag-regles tag-trouble-alimentaire\" role=\"listitem\">\n\t\t\t<div class=\"elementor-post__card\">\n\t\t\t\t<a class=\"elementor-post__thumbnail__link\" href=\"https:\/\/sooma.ca\/fr\/avez-vous-perdu-vos-regles-et-pensez-que-cest-genial-pensez-y-plus-loin\/\" tabindex=\"-1\"><div class=\"elementor-post__thumbnail\"><img loading=\"lazy\" decoding=\"async\" width=\"1080\" height=\"1080\" src=\"https:\/\/sooma.ca\/wp-content\/uploads\/2025\/06\/Untitled-design-6.png\" class=\"attachment-full size-full wp-image-4970\" alt=\"\" srcset=\"https:\/\/sooma.ca\/wp-content\/uploads\/2025\/06\/Untitled-design-6.png 1080w, https:\/\/sooma.ca\/wp-content\/uploads\/2025\/06\/Untitled-design-6-300x300.png 300w, https:\/\/sooma.ca\/wp-content\/uploads\/2025\/06\/Untitled-design-6-1024x1024.png 1024w, https:\/\/sooma.ca\/wp-content\/uploads\/2025\/06\/Untitled-design-6-150x150.png 150w, https:\/\/sooma.ca\/wp-content\/uploads\/2025\/06\/Untitled-design-6-768x768.png 768w\" sizes=\"(max-width: 1080px) 100vw, 1080px\" \/><\/div><\/a>\n\t\t\t\t<div class=\"elementor-post__text\">\n\t\t\t\t<h3 class=\"elementor-post__title\">\n\t\t\t<a href=\"https:\/\/sooma.ca\/fr\/avez-vous-perdu-vos-regles-et-pensez-que-cest-genial-pensez-y-plus-loin\/\">\n\t\t\t\tAvez-vous perdu vos r\u00e8gles et pensez que c\u2019est g\u00e9nial? Pensez-y plus loin\t\t\t<\/a>\n\t\t<\/h3>\n\t\t\n\t\t<a class=\"elementor-post__read-more\" href=\"https:\/\/sooma.ca\/fr\/avez-vous-perdu-vos-regles-et-pensez-que-cest-genial-pensez-y-plus-loin\/\" aria-label=\"En savoir plus sur Avez-vous perdu vos r\u00e8gles et pensez que c\u2019est g\u00e9nial? Pensez-y plus loin\" tabindex=\"-1\">\n\t\t\tRead More \u00bb\t\t<\/a>\n\n\t\t\t\t<\/div>\n\t\t\t\t\t<\/div>\n\t\t<\/article>\n\t\t\t\t<article class=\"elementor-post elementor-grid-item post-4930 post type-post status-publish format-standard has-post-thumbnail hentry category-alimentation-intuitive category-non-categorise tag-anti-diet-2 tag-anti-regime tag-culture-des-dietes\" role=\"listitem\">\n\t\t\t<div class=\"elementor-post__card\">\n\t\t\t\t<a class=\"elementor-post__thumbnail__link\" href=\"https:\/\/sooma.ca\/fr\/ce-quil-faut-savoir-avant-dentreprendre-une-demarche-anti-regime\/\" tabindex=\"-1\"><div class=\"elementor-post__thumbnail\"><img loading=\"lazy\" decoding=\"async\" width=\"1080\" height=\"1080\" src=\"https:\/\/sooma.ca\/wp-content\/uploads\/2025\/06\/38.png\" class=\"attachment-full size-full wp-image-4913\" alt=\"\" srcset=\"https:\/\/sooma.ca\/wp-content\/uploads\/2025\/06\/38.png 1080w, https:\/\/sooma.ca\/wp-content\/uploads\/2025\/06\/38-300x300.png 300w, https:\/\/sooma.ca\/wp-content\/uploads\/2025\/06\/38-1024x1024.png 1024w, https:\/\/sooma.ca\/wp-content\/uploads\/2025\/06\/38-150x150.png 150w, https:\/\/sooma.ca\/wp-content\/uploads\/2025\/06\/38-768x768.png 768w\" sizes=\"(max-width: 1080px) 100vw, 1080px\" \/><\/div><\/a>\n\t\t\t\t<div class=\"elementor-post__text\">\n\t\t\t\t<h3 class=\"elementor-post__title\">\n\t\t\t<a href=\"https:\/\/sooma.ca\/fr\/ce-quil-faut-savoir-avant-dentreprendre-une-demarche-anti-regime\/\">\n\t\t\t\tCe qu\u2019il faut savoir avant d\u2019entreprendre une d\u00e9marche anti-r\u00e9gime\t\t\t<\/a>\n\t\t<\/h3>\n\t\t\n\t\t<a class=\"elementor-post__read-more\" href=\"https:\/\/sooma.ca\/fr\/ce-quil-faut-savoir-avant-dentreprendre-une-demarche-anti-regime\/\" aria-label=\"En savoir plus sur Ce qu\u2019il faut savoir avant d\u2019entreprendre une d\u00e9marche anti-r\u00e9gime\" tabindex=\"-1\">\n\t\t\tRead More \u00bb\t\t<\/a>\n\n\t\t\t\t<\/div>\n\t\t\t\t\t<\/div>\n\t\t<\/article>\n\t\t\t\t<article class=\"elementor-post elementor-grid-item post-7370 post type-post status-publish format-standard has-post-thumbnail hentry category-alimentation-desordonee category-alimentation-intuitive tag-ado tag-adolescente tag-adolescents tag-nourriture tag-relation-saine-avec-la-nourriture tag-saine-alimentation\" role=\"listitem\">\n\t\t\t<div class=\"elementor-post__card\">\n\t\t\t\t<a class=\"elementor-post__thumbnail__link\" href=\"https:\/\/sooma.ca\/fr\/comment-parler-a-votre-adolescent-e-dune-saine-alimentation-sans-creer-une-preoccupation-avec-la-nourriture\/\" tabindex=\"-1\"><div class=\"elementor-post__thumbnail\"><img loading=\"lazy\" decoding=\"async\" width=\"1080\" height=\"1080\" src=\"https:\/\/sooma.ca\/wp-content\/uploads\/2025\/06\/31.png\" class=\"attachment-full size-full wp-image-4885\" alt=\"\" srcset=\"https:\/\/sooma.ca\/wp-content\/uploads\/2025\/06\/31.png 1080w, https:\/\/sooma.ca\/wp-content\/uploads\/2025\/06\/31-300x300.png 300w, https:\/\/sooma.ca\/wp-content\/uploads\/2025\/06\/31-1024x1024.png 1024w, https:\/\/sooma.ca\/wp-content\/uploads\/2025\/06\/31-150x150.png 150w, https:\/\/sooma.ca\/wp-content\/uploads\/2025\/06\/31-768x768.png 768w\" sizes=\"(max-width: 1080px) 100vw, 1080px\" \/><\/div><\/a>\n\t\t\t\t<div class=\"elementor-post__text\">\n\t\t\t\t<h3 class=\"elementor-post__title\">\n\t\t\t<a href=\"https:\/\/sooma.ca\/fr\/comment-parler-a-votre-adolescent-e-dune-saine-alimentation-sans-creer-une-preoccupation-avec-la-nourriture\/\">\n\t\t\t\tComment parler \u00e0 votre adolescent.e d\u2019une saine alimentation sans cr\u00e9er une pr\u00e9occupation avec la nourriture\t\t\t<\/a>\n\t\t<\/h3>\n\t\t\n\t\t<a class=\"elementor-post__read-more\" href=\"https:\/\/sooma.ca\/fr\/comment-parler-a-votre-adolescent-e-dune-saine-alimentation-sans-creer-une-preoccupation-avec-la-nourriture\/\" aria-label=\"En savoir plus sur Comment parler \u00e0 votre adolescent.e d\u2019une saine alimentation sans cr\u00e9er une pr\u00e9occupation avec la nourriture\" tabindex=\"-1\">\n\t\t\tRead More \u00bb\t\t<\/a>\n\n\t\t\t\t<\/div>\n\t\t\t\t\t<\/div>\n\t\t<\/article>\n\t\t\t\t<article class=\"elementor-post elementor-grid-item post-4532 post type-post status-publish format-standard has-post-thumbnail hentry category-anorexie category-boulimie category-trouble-alimentaire tag-anorexie tag-boulimie tag-enfant tag-tca tag-trouble-alimentaire\" role=\"listitem\">\n\t\t\t<div class=\"elementor-post__card\">\n\t\t\t\t<a class=\"elementor-post__thumbnail__link\" href=\"https:\/\/sooma.ca\/fr\/5-signes-que-votre-enfant-pourrait-avoir-un-trouble-alimentaire\/\" tabindex=\"-1\"><div class=\"elementor-post__thumbnail\"><img loading=\"lazy\" decoding=\"async\" width=\"1080\" height=\"1080\" src=\"https:\/\/sooma.ca\/wp-content\/uploads\/2025\/06\/10-1.png\" class=\"attachment-full size-full wp-image-4508\" alt=\"\" srcset=\"https:\/\/sooma.ca\/wp-content\/uploads\/2025\/06\/10-1.png 1080w, https:\/\/sooma.ca\/wp-content\/uploads\/2025\/06\/10-1-300x300.png 300w, https:\/\/sooma.ca\/wp-content\/uploads\/2025\/06\/10-1-1024x1024.png 1024w, https:\/\/sooma.ca\/wp-content\/uploads\/2025\/06\/10-1-150x150.png 150w, https:\/\/sooma.ca\/wp-content\/uploads\/2025\/06\/10-1-768x768.png 768w\" sizes=\"(max-width: 1080px) 100vw, 1080px\" \/><\/div><\/a>\n\t\t\t\t<div class=\"elementor-post__text\">\n\t\t\t\t<h3 class=\"elementor-post__title\">\n\t\t\t<a href=\"https:\/\/sooma.ca\/fr\/5-signes-que-votre-enfant-pourrait-avoir-un-trouble-alimentaire\/\">\n\t\t\t\t5 signes que votre enfant pourrait avoir un trouble alimentaire\t\t\t<\/a>\n\t\t<\/h3>\n\t\t\n\t\t<a class=\"elementor-post__read-more\" href=\"https:\/\/sooma.ca\/fr\/5-signes-que-votre-enfant-pourrait-avoir-un-trouble-alimentaire\/\" aria-label=\"En savoir plus sur 5 signes que votre enfant pourrait avoir un trouble alimentaire\" tabindex=\"-1\">\n\t\t\tRead More \u00bb\t\t<\/a>\n\n\t\t\t\t<\/div>\n\t\t\t\t\t<\/div>\n\t\t<\/article>\n\t\t\t\t<\/div>\n\t\t\n\t\t\t\t\t\t<\/div>\n\t\t\t\t<\/div>\n\t\t\t\t\t<\/div>\n\t\t\t\t<\/div>\n\t\t<div class=\"elementor-element elementor-element-1d20aeac e-flex e-con-boxed e-con e-parent\" data-id=\"1d20aeac\" data-element_type=\"container\" data-e-type=\"container\">\n\t\t\t\t\t<div class=\"e-con-inner\">\n\t\t\t\t<div class=\"elementor-element elementor-element-74c977c8 elementor-post-navigation-borders-yes elementor-widget elementor-widget-post-navigation\" data-id=\"74c977c8\" data-element_type=\"widget\" data-e-type=\"widget\" data-widget_type=\"post-navigation.default\">\n\t\t\t\t<div class=\"elementor-widget-container\">\n\t\t\t\t\t\t\t<div class=\"elementor-post-navigation\" role=\"navigation\" aria-label=\"Navigation de publication\">\n\t\t\t<div class=\"elementor-post-navigation__prev elementor-post-navigation__link\">\n\t\t\t\t\t\t\t<\/div>\n\t\t\t\t\t\t\t<div class=\"elementor-post-navigation__separator-wrapper\">\n\t\t\t\t\t<div class=\"elementor-post-navigation__separator\"><\/div>\n\t\t\t\t<\/div>\n\t\t\t\t\t\t<div class=\"elementor-post-navigation__next elementor-post-navigation__link\">\n\t\t\t\t<a href=\"https:\/\/sooma.ca\/fr\/comment-parler-a-votre-adolescent-e-dune-saine-alimentation-sans-creer-une-preoccupation-avec-la-nourriture\/\" rel=\"next\"><span class=\"elementor-post-navigation__link__next\"><span class=\"post-navigation__next--label\">Next<\/span><span class=\"post-navigation__next--title\">Comment parler \u00e0 votre adolescent.e d\u2019une saine alimentation sans cr\u00e9er une pr\u00e9occupation avec la nourriture<\/span><\/span><span class=\"post-navigation__arrow-wrapper post-navigation__arrow-next\"><svg aria-hidden=\"true\" class=\"e-font-icon-svg e-fas-angle-right\" viewBox=\"0 0 256 512\" xmlns=\"http:\/\/www.w3.org\/2000\/svg\"><path d=\"M224.3 273l-136 136c-9.4 9.4-24.6 9.4-33.9 0l-22.6-22.6c-9.4-9.4-9.4-24.6 0-33.9l96.4-96.4-96.4-96.4c-9.4-9.4-9.4-24.6 0-33.9L54.3 103c9.4-9.4 24.6-9.4 33.9 0l136 136c9.5 9.4 9.5 24.6.1 34z\"><\/path><\/svg><span class=\"elementor-screen-only\">Suivant<\/span><\/span><\/a>\t\t\t<\/div>\n\t\t<\/div>\n\t\t\t\t\t\t<\/div>\n\t\t\t\t<\/div>\n\t\t\t\t\t<\/div>\n\t\t\t\t<\/div>\n\t\t<div class=\"elementor-element elementor-element-4894aade e-flex e-con-boxed e-con e-parent\" data-id=\"4894aade\" data-element_type=\"container\" data-e-type=\"container\">\n\t\t\t\t\t<div class=\"e-con-inner\">\n\t\t\t\t\t<\/div>\n\t\t\t\t<\/div>\n\t\t\t\t<\/div>\n\t\t","protected":false},"excerpt":{"rendered":"<p>D\u00e9couvrez comment les r\u00e9seaux sociaux peuvent nuire \u00e0 l\u2019image corporelle et augmenter le risque de troubles alimentaires. Apprenez \u00e0 modifier votre fil d\u2019actualit\u00e9 pour favoriser une relation saine avec votre corps.<\/p>\n","protected":false},"author":3,"featured_media":5535,"comment_status":"open","ping_status":"open","sticky":false,"template":"","format":"standard","meta":{"site-sidebar-layout":"default","site-content-layout":"","ast-site-content-layout":"default","site-content-style":"default","site-sidebar-style":"default","ast-global-header-display":"","ast-banner-title-visibility":"","ast-main-header-display":"","ast-hfb-above-header-display":"","ast-hfb-below-header-display":"","ast-hfb-mobile-header-display":"","site-post-title":"","ast-breadcrumbs-content":"","ast-featured-img":"","footer-sml-layout":"","ast-disable-related-posts":"","theme-transparent-header-meta":"","adv-header-id-meta":"","stick-header-meta":"","header-above-stick-meta":"","header-main-stick-meta":"","header-below-stick-meta":"","astra-migrate-meta-layouts":"set","ast-page-background-enabled":"default","ast-page-background-meta":{"desktop":{"background-color":"","background-image":"","background-repeat":"repeat","background-position":"center center","background-size":"auto","background-attachment":"scroll","background-type":"","background-media":"","overlay-type":"","overlay-color":"","overlay-opacity":"","overlay-gradient":""},"tablet":{"background-color":"","background-image":"","background-repeat":"repeat","background-position":"center center","background-size":"auto","background-attachment":"scroll","background-type":"","background-media":"","overlay-type":"","overlay-color":"","overlay-opacity":"","overlay-gradient":""},"mobile":{"background-color":"","background-image":"","background-repeat":"repeat","background-position":"center center","background-size":"auto","background-attachment":"scroll","background-type":"","background-media":"","overlay-type":"","overlay-color":"","overlay-opacity":"","overlay-gradient":""}},"ast-content-background-meta":{"desktop":{"background-color":"var(--ast-global-color-5)","background-image":"","background-repeat":"repeat","background-position":"center center","background-size":"auto","background-attachment":"scroll","background-type":"","background-media":"","overlay-type":"","overlay-color":"","overlay-opacity":"","overlay-gradient":""},"tablet":{"background-color":"var(--ast-global-color-5)","background-image":"","background-repeat":"repeat","background-position":"center center","background-size":"auto","background-attachment":"scroll","background-type":"","background-media":"","overlay-type":"","overlay-color":"","overlay-opacity":"","overlay-gradient":""},"mobile":{"background-color":"var(--ast-global-color-5)","background-image":"","background-repeat":"repeat","background-position":"center center","background-size":"auto","background-attachment":"scroll","background-type":"","background-media":"","overlay-type":"","overlay-color":"","overlay-opacity":"","overlay-gradient":""}},"footnotes":""},"categories":[79],"tags":[206,205,204,84],"class_list":["post-5559","post","type-post","status-publish","format-standard","has-post-thumbnail","hentry","category-trouble-alimentaire","tag-image-corporelle","tag-instagram-2","tag-reseaux-sociaux","tag-tca"],"_links":{"self":[{"href":"https:\/\/sooma.ca\/fr\/wp-json\/wp\/v2\/posts\/5559","targetHints":{"allow":["GET"]}}],"collection":[{"href":"https:\/\/sooma.ca\/fr\/wp-json\/wp\/v2\/posts"}],"about":[{"href":"https:\/\/sooma.ca\/fr\/wp-json\/wp\/v2\/types\/post"}],"author":[{"embeddable":true,"href":"https:\/\/sooma.ca\/fr\/wp-json\/wp\/v2\/users\/3"}],"replies":[{"embeddable":true,"href":"https:\/\/sooma.ca\/fr\/wp-json\/wp\/v2\/comments?post=5559"}],"version-history":[{"count":13,"href":"https:\/\/sooma.ca\/fr\/wp-json\/wp\/v2\/posts\/5559\/revisions"}],"predecessor-version":[{"id":9078,"href":"https:\/\/sooma.ca\/fr\/wp-json\/wp\/v2\/posts\/5559\/revisions\/9078"}],"wp:featuredmedia":[{"embeddable":true,"href":"https:\/\/sooma.ca\/fr\/wp-json\/wp\/v2\/media\/5535"}],"wp:attachment":[{"href":"https:\/\/sooma.ca\/fr\/wp-json\/wp\/v2\/media?parent=5559"}],"wp:term":[{"taxonomy":"category","embeddable":true,"href":"https:\/\/sooma.ca\/fr\/wp-json\/wp\/v2\/categories?post=5559"},{"taxonomy":"post_tag","embeddable":true,"href":"https:\/\/sooma.ca\/fr\/wp-json\/wp\/v2\/tags?post=5559"}],"curies":[{"name":"wp","href":"https:\/\/api.w.org\/{rel}","templated":true}]}}