{"id":6886,"date":"2025-07-08T14:51:30","date_gmt":"2025-07-08T18:51:30","guid":{"rendered":"https:\/\/fim7p3z92e.onrocket.site\/?p=6886"},"modified":"2025-09-12T17:41:55","modified_gmt":"2025-09-12T21:41:55","slug":"les-consequences-de-lanorexie","status":"publish","type":"post","link":"https:\/\/sooma.ca\/fr\/les-consequences-de-lanorexie\/","title":{"rendered":"Les cons\u00e9quences de l\u2019anorexie"},"content":{"rendered":"\t\t<div data-elementor-type=\"wp-post\" data-elementor-id=\"6886\" class=\"elementor elementor-6886 elementor-6863\" data-elementor-post-type=\"post\">\n\t\t\t\t<div class=\"elementor-element elementor-element-1fdb902d e-flex e-con-boxed e-con e-parent\" data-id=\"1fdb902d\" data-element_type=\"container\" data-e-type=\"container\" data-settings=\"{&quot;background_background&quot;:&quot;classic&quot;}\">\n\t\t\t\t\t<div class=\"e-con-inner\">\n\t\t<div class=\"elementor-element elementor-element-4453ec e-con-full e-flex e-con e-child\" data-id=\"4453ec\" data-element_type=\"container\" data-e-type=\"container\" data-settings=\"{&quot;background_background&quot;:&quot;classic&quot;}\">\n\t\t<div class=\"elementor-element elementor-element-7d0e2d6f e-con-full e-flex e-con e-child\" data-id=\"7d0e2d6f\" data-element_type=\"container\" data-e-type=\"container\">\n\t\t\t\t<div class=\"elementor-element elementor-element-e3dba5c elementor-widget elementor-widget-heading\" data-id=\"e3dba5c\" data-element_type=\"widget\" data-e-type=\"widget\" data-widget_type=\"heading.default\">\n\t\t\t\t<div class=\"elementor-widget-container\">\n\t\t\t\t\t<h1 class=\"elementor-heading-title elementor-size-default\">Les cons\u00e9quences de l\u2019anorexie<\/h1>\t\t\t\t<\/div>\n\t\t\t\t<\/div>\n\t\t\t\t<div class=\"elementor-element elementor-element-389fa42e elementor-align-center elementor-widget elementor-widget-post-info\" data-id=\"389fa42e\" data-element_type=\"widget\" data-e-type=\"widget\" data-widget_type=\"post-info.default\">\n\t\t\t\t<div class=\"elementor-widget-container\">\n\t\t\t\t\t\t\t<ul class=\"elementor-inline-items elementor-icon-list-items elementor-post-info\">\n\t\t\t\t\t\t\t\t<li class=\"elementor-icon-list-item elementor-repeater-item-7f530f1 elementor-inline-item\" itemprop=\"datePublished\">\n\t\t\t\t\t\t<a href=\"https:\/\/sooma.ca\/fr\/2025\/07\/08\/\">\n\t\t\t\t\t\t\t\t\t\t\t\t\t\t<span class=\"elementor-icon-list-text elementor-post-info__item elementor-post-info__item--type-date\">\n\t\t\t\t\t\t\t\t\t\t<time>juillet 8, 2025<\/time>\t\t\t\t\t<\/span>\n\t\t\t\t\t\t\t\t\t<\/a>\n\t\t\t\t<\/li>\n\t\t\t\t<\/ul>\n\t\t\t\t\t\t<\/div>\n\t\t\t\t<\/div>\n\t\t\t\t<\/div>\n\t\t\t\t<\/div>\n\t\t\t\t\t<\/div>\n\t\t\t\t<\/div>\n\t\t<div class=\"elementor-element elementor-element-36051f1d e-flex e-con-boxed e-con e-parent\" data-id=\"36051f1d\" data-element_type=\"container\" data-e-type=\"container\">\n\t\t\t\t\t<div class=\"e-con-inner\">\n\t\t\t\t<div class=\"elementor-element elementor-element-3b15f775 elementor-widget elementor-widget-heading\" data-id=\"3b15f775\" data-element_type=\"widget\" data-e-type=\"widget\" data-widget_type=\"heading.default\">\n\t\t\t\t<div class=\"elementor-widget-container\">\n\t\t\t\t\t<h4 class=\"elementor-heading-title elementor-size-default\"><a href=\"https:\/\/fuelingforrecovery.com\/why-athletes-cant-stop-thinking-about-food\/\" rel=\"noopener\">TW : L\u2019article suivant pr\u00e9sente des informations sur les troubles alimentaires qui peuvent \u00eatre d\u00e9rangeantes pour certaines personnes, car il vise \u00e0 d\u00e9crire certaines complications m\u00e9dicales qui peuvent avoir lieu en cons\u00e9quences de l\u2019anorexie mentale. N\u2019h\u00e9sitez pas \u00e0 nous contacter si vous avez des questions.\n\n<\/a><\/h4>\t\t\t\t<\/div>\n\t\t\t\t<\/div>\n\t\t\t\t\t<\/div>\n\t\t\t\t<\/div>\n\t\t<div class=\"elementor-element elementor-element-9df416a e-flex e-con-boxed e-con e-parent\" data-id=\"9df416a\" data-element_type=\"container\" data-e-type=\"container\">\n\t\t\t\t\t<div class=\"e-con-inner\">\n\t\t\t\t<div class=\"elementor-element elementor-element-001500b elementor-widget elementor-widget-text-editor\" data-id=\"001500b\" data-element_type=\"widget\" data-e-type=\"widget\" data-widget_type=\"text-editor.default\">\n\t\t\t\t<div class=\"elementor-widget-container\">\n\t\t\t\t\t\t\t\t\t<p>Qu\u2019est-ce qu\u2019un trouble alimentaire ? Comment et pourquoi surviennent-ils ? Est-il possible de gu\u00e9rir ? Si vous lisez cet article, il est possible que vous ou une personne de votre entourage souffriez de complications li\u00e9es \u00e0 un trouble de l\u2019alimentation (TA) et que vous vous posiez certaines des m\u00eames questions.\u00a0<\/p><p>Cet article est le premier d\u2019une s\u00e9rie de quatre articles explorant certaines complications m\u00e9dicales des troubles alimentaires et la fa\u00e7on dont le r\u00e9tablissement peut les inverser ou emp\u00eacher qu\u2019elles ne s\u2019aggravent.<\/p>\t\t\t\t\t\t\t\t<\/div>\n\t\t\t\t<\/div>\n\t\t\t\t\t<\/div>\n\t\t\t\t<\/div>\n\t\t<div class=\"elementor-element elementor-element-9572945 e-flex e-con-boxed e-con e-parent\" data-id=\"9572945\" data-element_type=\"container\" data-e-type=\"container\">\n\t\t\t\t\t<div class=\"e-con-inner\">\n\t\t<div class=\"elementor-element elementor-element-2000311 e-con-full e-flex e-con e-child\" data-id=\"2000311\" data-element_type=\"container\" data-e-type=\"container\">\n\t\t\t\t<div class=\"elementor-element elementor-element-f7b0c20 elementor-widget elementor-widget-image\" data-id=\"f7b0c20\" data-element_type=\"widget\" data-e-type=\"widget\" data-widget_type=\"image.default\">\n\t\t\t\t<div class=\"elementor-widget-container\">\n\t\t\t\t\t\t\t\t\t\t\t\t\t\t\t<img fetchpriority=\"high\" decoding=\"async\" width=\"300\" height=\"300\" src=\"https:\/\/sooma.ca\/wp-content\/uploads\/2025\/07\/54-300x300.png\" class=\"attachment-medium size-medium wp-image-5604\" alt=\"\" srcset=\"https:\/\/sooma.ca\/wp-content\/uploads\/2025\/07\/54-300x300.png 300w, https:\/\/sooma.ca\/wp-content\/uploads\/2025\/07\/54-1024x1024.png 1024w, https:\/\/sooma.ca\/wp-content\/uploads\/2025\/07\/54-150x150.png 150w, https:\/\/sooma.ca\/wp-content\/uploads\/2025\/07\/54-768x768.png 768w, https:\/\/sooma.ca\/wp-content\/uploads\/2025\/07\/elementor\/thumbs\/54-r89usogojavvy7kyzmee9xq205n56sfpvpgdd9g3ka.png 225w, https:\/\/sooma.ca\/wp-content\/uploads\/2025\/07\/54.png 1080w\" sizes=\"(max-width: 300px) 100vw, 300px\" \/>\t\t\t\t\t\t\t\t\t\t\t\t\t\t\t<\/div>\n\t\t\t\t<\/div>\n\t\t\t\t<\/div>\n\t\t<div class=\"elementor-element elementor-element-25c30ae e-con-full e-flex e-con e-child\" data-id=\"25c30ae\" data-element_type=\"container\" data-e-type=\"container\">\n\t\t\t\t<div class=\"elementor-element elementor-element-b014703 elementor-widget elementor-widget-text-editor\" data-id=\"b014703\" data-element_type=\"widget\" data-e-type=\"widget\" data-widget_type=\"text-editor.default\">\n\t\t\t\t<div class=\"elementor-widget-container\">\n\t\t\t\t\t\t\t\t\t<div class=\"vc_row wpb_row vc_row-fluid vc_custom_1694644531772\"><div class=\"wpb_column vc_column_container vc_col-sm-12\"><div class=\"vc_column-inner\"><div class=\"wpb_wrapper\"><div class=\"wpb_text_column wpb_content_element \"><div class=\"wpb_wrapper\"><div class=\"vc_row wpb_row vc_row-fluid vc_custom_1694644496922\"><div class=\"wpb_column vc_column_container vc_col-sm-12\"><div class=\"vc_column-inner\"><div class=\"wpb_wrapper\"><div class=\"wpb_text_column wpb_content_element \"><div class=\"wpb_wrapper\"><h3><strong>Bref aper\u00e7u des troubles alimentaires<\/strong><\/h3><p>\u00a0<\/p><p>Les troubles alimentaires sont des troubles mentaux qui ont un impact sur le bien-\u00eatre physique, mental et \u00e9motionnel d\u2019une personne. Ils se pr\u00e9sentent par des pens\u00e9es et des \u00e9motions difficiles et envahissantes li\u00e9es \u00e0 la nourriture, qui entra\u00eenent des perturbations graves et permanentes du comportement alimentaire (1). Ils peuvent toucher des personnes de tous \u00e2ges, sexes, formes, tailles, orientations sexuelles et milieux sociaux, religieux, ethniques et \u00e9conomiques (1) \u2013 tout cela pour dire que n\u2019importe qui peut \u00eatre atteint et les gens ne choisissent pas d\u2019avoir un trouble alimentaire. Les troubles de l\u2019alimentation peuvent appara\u00eetre \u00e0 n\u2019importe quel moment de la vie, bien qu\u2019ils se d\u00e9veloppent g\u00e9n\u00e9ralement pendant l\u2019adolescence et le d\u00e9but de l\u2019\u00e2ge adulte.<\/p><\/div><\/div><\/div><\/div><\/div><\/div><div class=\"vc_row wpb_row vc_row-fluid vc_custom_1694644496922\"><div class=\"wpb_column vc_column_container vc_col-sm-8\"><div class=\"vc_column-inner\"><div class=\"wpb_wrapper\"><div class=\"wpb_text_column wpb_content_element \"><div class=\"wpb_wrapper\"><p>Il existe diff\u00e9rents types de troubles alimentaires qui ont tous leurs propres d\u00e9finitions et crit\u00e8res de classification, d\u00e9crits dans la cinqui\u00e8me \u00e9dition du Manuel diagnostique et statistique des troubles mentaux (DSM-5) (1). Les raisons pour lesquelles les personnes d\u00e9veloppent des troubles de l\u2019alimentation ne sont pas encore totalement comprises ; cependant, les \u00e9tudes sugg\u00e8rent que divers facteurs peuvent influencer le risque d\u2019une personne, y compris les impacts g\u00e9n\u00e9tiques, environnementaux, psychologiques et sociaux (2). Il peut \u00eatre utile de se rappeler qu\u2019aucune chose, personne ou \u00e9v\u00e9nement n\u2019est jamais \u00e0 l\u2019origine du trouble alimentaire d\u2019une personne.<\/p><\/div><\/div><\/div><\/div><\/div><\/div><\/div><\/div><\/div><\/div><\/div><\/div>\t\t\t\t\t\t\t\t<\/div>\n\t\t\t\t<\/div>\n\t\t\t\t<\/div>\n\t\t\t\t\t<\/div>\n\t\t\t\t<\/div>\n\t\t<div class=\"elementor-element elementor-element-56619cc e-flex e-con-boxed e-con e-parent\" data-id=\"56619cc\" data-element_type=\"container\" data-e-type=\"container\">\n\t\t\t\t\t<div class=\"e-con-inner\">\n\t\t<div class=\"elementor-element elementor-element-da9a644 e-con-full e-flex e-con e-child\" data-id=\"da9a644\" data-element_type=\"container\" data-e-type=\"container\">\n\t\t\t\t<div class=\"elementor-element elementor-element-9da1362 elementor-widget elementor-widget-image\" data-id=\"9da1362\" data-element_type=\"widget\" data-e-type=\"widget\" data-widget_type=\"image.default\">\n\t\t\t\t<div class=\"elementor-widget-container\">\n\t\t\t\t\t\t\t\t\t\t\t\t\t\t\t<img decoding=\"async\" width=\"300\" height=\"300\" src=\"https:\/\/sooma.ca\/wp-content\/uploads\/2025\/07\/112-300x300.png\" class=\"attachment-medium size-medium wp-image-6867\" alt=\"\" srcset=\"https:\/\/sooma.ca\/wp-content\/uploads\/2025\/07\/112-300x300.png 300w, https:\/\/sooma.ca\/wp-content\/uploads\/2025\/07\/112-1024x1024.png 1024w, https:\/\/sooma.ca\/wp-content\/uploads\/2025\/07\/112-150x150.png 150w, https:\/\/sooma.ca\/wp-content\/uploads\/2025\/07\/112-768x768.png 768w, https:\/\/sooma.ca\/wp-content\/uploads\/2025\/07\/112.png 1080w\" sizes=\"(max-width: 300px) 100vw, 300px\" \/>\t\t\t\t\t\t\t\t\t\t\t\t\t\t\t<\/div>\n\t\t\t\t<\/div>\n\t\t\t\t<\/div>\n\t\t<div class=\"elementor-element elementor-element-71b4186 e-con-full e-flex e-con e-child\" data-id=\"71b4186\" data-element_type=\"container\" data-e-type=\"container\">\n\t\t\t\t<div class=\"elementor-element elementor-element-c33aec5 elementor-widget elementor-widget-text-editor\" data-id=\"c33aec5\" data-element_type=\"widget\" data-e-type=\"widget\" data-widget_type=\"text-editor.default\">\n\t\t\t\t<div class=\"elementor-widget-container\">\n\t\t\t\t\t\t\t\t\t<div class=\"vc_row wpb_row vc_row-fluid vc_custom_1694644531772\"><div class=\"wpb_column vc_column_container vc_col-sm-12\"><div class=\"vc_column-inner\"><div class=\"wpb_wrapper\"><div class=\"wpb_text_column wpb_content_element \"><div class=\"wpb_wrapper\"><div class=\"vc_row wpb_row vc_row-fluid vc_custom_1694644531772\"><div class=\"wpb_column vc_column_container vc_col-sm-12\"><div class=\"vc_column-inner\"><div class=\"wpb_wrapper\"><div class=\"wpb_text_column wpb_content_element \"><div class=\"wpb_wrapper\"><h3><strong>Qu\u2019est-ce-que l\u2019anorexie mentale?<\/strong><\/h3><p>\u00a0<\/p><p>L\u2019anorexie mentale (AM) se caract\u00e9rise par une restriction calorique s\u00e9v\u00e8re et une image corporelle d\u00e9form\u00e9e, qui emm\u00e8ne \u00e0 un poids corporel tr\u00e8s faible et \u00e0 une peur intense de prendre du poids.\u00a0<\/p><\/div><\/div><\/div><\/div><\/div><\/div><div class=\"vc_row wpb_row vc_row-fluid vc_custom_1694644531772\"><div class=\"wpb_column vc_column_container vc_col-sm-12\"><div class=\"vc_column-inner\"><div class=\"wpb_wrapper\"><div class=\"standard-arrow list-divider bullet-top\"><p>Il existe deux sous-types d\u2019anorexie mentale (1) :<\/p><ul><li aria-level=\"1\">Le type restrictif, o\u00f9 les comportements principaux sont le r\u00e9gime, le je\u00fbne ou l\u2019exercice physique compulsif\/excessif.<\/li><li aria-level=\"1\">Le type hyperphagie\/phagie purgative, o\u00f9 les comportements principaux comprennent des p\u00e9riodes d\u2019ingestion de grandes quantit\u00e9s de nourriture en peu de temps et\/ou la purge (par des vomissements, l\u2019utilisation de diur\u00e9tiques, de laxatifs et autres).<\/li><\/ul><\/div><div class=\"standard-arrow list-divider bullet-top\"><p>Parmi les signes et les comportements courants associ\u00e9s \u00e0 l\u2019anorexie, on peut citer<\/p><ul><li aria-level=\"1\">Restriction alimentaire (en termes de quantit\u00e9, de types d\u2019aliments, de r\u00e8gles alimentaires)<\/li><li aria-level=\"1\">Fixation sur la nourriture et l\u2019apport calorique, enregistrement de l\u2019apport, pes\u00e9e des aliments<\/li><li aria-level=\"1\">Perte de poids importante ou poids corporel tr\u00e8s faible par rapport \u00e0 l\u2019\u00e2ge, au sexe et \u00e0 la taille<\/li><li aria-level=\"1\">Exercice physique excessif et\/ou compulsif<\/li><li aria-level=\"1\">Perte ou irr\u00e9gularit\u00e9 des menstruations\u00a0<\/li><li aria-level=\"1\">Manque d\u2019\u00e9nergie, fatigue et\/ou difficult\u00e9s de concentration<\/li><li aria-level=\"1\">Intol\u00e9rance au froid<\/li><li aria-level=\"1\">Perte de cheveux ou cheveux secs et cassants<\/li><\/ul><\/div><\/div><\/div><\/div><\/div><\/div><\/div><\/div><\/div><\/div><\/div>\t\t\t\t\t\t\t\t<\/div>\n\t\t\t\t<\/div>\n\t\t\t\t<\/div>\n\t\t\t\t\t<\/div>\n\t\t\t\t<\/div>\n\t\t<div class=\"elementor-element elementor-element-658d709 e-flex e-con-boxed e-con e-parent\" data-id=\"658d709\" data-element_type=\"container\" data-e-type=\"container\">\n\t\t\t\t\t<div class=\"e-con-inner\">\n\t\t\t\t<div class=\"elementor-element elementor-element-f2ee222 elementor-widget elementor-widget-text-editor\" data-id=\"f2ee222\" data-element_type=\"widget\" data-e-type=\"widget\" data-widget_type=\"text-editor.default\">\n\t\t\t\t<div class=\"elementor-widget-container\">\n\t\t\t\t\t\t\t\t\t<div class=\"wpb_text_column wpb_content_element \"><div class=\"wpb_wrapper\"><h3><strong>Quelques complications m\u00e9dicales de l\u2019anorexie<\/strong><\/h3><\/div><\/div><div class=\"wpb_text_column wpb_content_element \"><div class=\"wpb_wrapper\"><p>\u00a0<\/p><p>Lorsque nos besoins physiques ne sont pas r\u00e9guli\u00e8rement satisfaits, notre corps commence \u00e0 s\u2019adapter et \u00e0 \u00e9conomiser de l\u2019\u00e9nergie, en ne donnant la priorit\u00e9 qu\u2019aux fonctions les plus essentielles. Les adaptations ne sont pas toujours coh\u00e9rentes d\u2019une personne \u00e0 l\u2019autre (elles sont souvent influenc\u00e9es par les adaptations g\u00e9n\u00e9tiques de notre lign\u00e9e ancestrale), mais toutes les personnes atteintes d\u2019AM ou pr\u00e9sentant des comportements d\u2019AM verront des complications se d\u00e9velopper. Bien qu\u2019il ne s\u2019agisse en aucun cas d\u2019une liste exhaustive de complications, comme indiqu\u00e9 ci-dessous, nos syst\u00e8mes corporels peuvent \u00eatre affect\u00e9s de la t\u00eate aux pieds (3,4) :<\/p><\/div><\/div>\t\t\t\t\t\t\t\t<\/div>\n\t\t\t\t<\/div>\n\t\t\t\t\t<\/div>\n\t\t\t\t<\/div>\n\t\t<div class=\"elementor-element elementor-element-bf14ad2 e-flex e-con-boxed e-con e-parent\" data-id=\"bf14ad2\" data-element_type=\"container\" data-e-type=\"container\">\n\t\t\t\t\t<div class=\"e-con-inner\">\n\t\t<div class=\"elementor-element elementor-element-fd743d7 e-con-full e-flex e-con e-child\" data-id=\"fd743d7\" data-element_type=\"container\" data-e-type=\"container\">\n\t\t\t\t<div class=\"elementor-element elementor-element-dc69fff elementor-widget elementor-widget-image\" data-id=\"dc69fff\" data-element_type=\"widget\" data-e-type=\"widget\" data-widget_type=\"image.default\">\n\t\t\t\t<div class=\"elementor-widget-container\">\n\t\t\t\t\t\t\t\t\t\t\t\t\t\t\t<img decoding=\"async\" width=\"300\" height=\"300\" src=\"https:\/\/sooma.ca\/wp-content\/uploads\/2025\/07\/115-300x300.png\" class=\"attachment-medium size-medium wp-image-6873\" alt=\"\" srcset=\"https:\/\/sooma.ca\/wp-content\/uploads\/2025\/07\/115-300x300.png 300w, https:\/\/sooma.ca\/wp-content\/uploads\/2025\/07\/115-1024x1024.png 1024w, https:\/\/sooma.ca\/wp-content\/uploads\/2025\/07\/115-150x150.png 150w, https:\/\/sooma.ca\/wp-content\/uploads\/2025\/07\/115-768x768.png 768w, https:\/\/sooma.ca\/wp-content\/uploads\/2025\/07\/115.png 1080w\" sizes=\"(max-width: 300px) 100vw, 300px\" \/>\t\t\t\t\t\t\t\t\t\t\t\t\t\t\t<\/div>\n\t\t\t\t<\/div>\n\t\t\t\t<\/div>\n\t\t<div class=\"elementor-element elementor-element-12fb0b7 e-con-full e-flex e-con e-child\" data-id=\"12fb0b7\" data-element_type=\"container\" data-e-type=\"container\">\n\t\t\t\t<div class=\"elementor-element elementor-element-28a83a4 elementor-widget elementor-widget-text-editor\" data-id=\"28a83a4\" data-element_type=\"widget\" data-e-type=\"widget\" data-widget_type=\"text-editor.default\">\n\t\t\t\t<div class=\"elementor-widget-container\">\n\t\t\t\t\t\t\t\t\t<h4><i>Sant\u00e9 du cerveau\u00a0<\/i><\/h4><p>\u00a0<\/p><p>L\u2019anorexie provoque divers changements dans le cerveau, qui sont tous directement li\u00e9s \u00e0 la s\u00e9v\u00e9rit\u00e9 de la restriction, de la perte ou de la suppression du poids. Ces changements peuvent inclure la perte de tissu c\u00e9r\u00e9bral (c\u2019est-\u00e0-dire la perte de neurones et des connexions entre eux) et la perte de quantit\u00e9s importantes de mati\u00e8re grise et blanche du cerveau (ce qui signifie que le cerveau perd une partie de sa capacit\u00e9 \u00e0 contr\u00f4ler les mouvements, la m\u00e9moire, la parole et les \u00e9motions, ainsi qu\u2019une partie de la capacit\u00e9 des diff\u00e9rentes parties du cerveau et du corps \u00e0 communiquer les unes avec les autres).\u00a0<\/p><p>En raison de ces changements, le cerveau commence \u00e9galement \u00e0 \u00e9prouver des difficult\u00e9s \u00e0 fonctionner normalement, notamment \u00e0 r\u00e9guler les niveaux d\u2019hormones (<a href=\"https:\/\/sooma.ca\/fr\/avez-vous-perdu-vos-regles-et-pensez-que-cest-genial-pensez-y-plus-loin\/\">ce qui peut entra\u00eener la perte des menstruations<\/a>), \u00e0 r\u00e9guler la temp\u00e9rature corporelle (c\u2019est pourquoi de nombreuses personnes souffrant d\u2019anorexie deviennent intol\u00e9rantes au froid et, dans des situations graves, peuvent d\u00e9velopper des poils fins et\u00a0 \u00bb flous\u00a0 \u00bb sur le visage et le corps, appel\u00e9s lanugo), et \u00e0 cr\u00e9er des changements dans l\u2019humeur, le comportement et la cognition.<\/p><p>Par exemple, il est fr\u00e9quent que les personnes atteintes d\u2019anorexie d\u00e9veloppent des comportements associ\u00e9s \u00e0 d\u2019autres troubles mentaux tels que les troubles obsessionnels compulsifs (TOC), les psychoses et les troubles li\u00e9s \u00e0 l\u2019abus de substances. Les personnes souffrant d\u2019anorexie deviennent souvent rigides et strictes en mati\u00e8re d\u2019alimentation ou d\u2019exercice physique, font des suivis rigoureuses sur leur alimentation et leur activit\u00e9 physique dans des applications ou journal alimentaire, recherchent la perfection en mati\u00e8re d\u2019alimentation, de corps et d\u2019aspects sociaux tels que l\u2019\u00e9cole ou le travail, et bien d\u2019autres choses encore. Jusqu\u2019\u00e0 75 % des personnes atteintes d\u2019anorexie souffrent \u00e9galement d\u2019anxi\u00e9t\u00e9 et de d\u00e9pression, et il est fr\u00e9quent qu\u2019elles d\u00e9veloppent des comportements d\u2019automutilation.<\/p>\t\t\t\t\t\t\t\t<\/div>\n\t\t\t\t<\/div>\n\t\t\t\t<\/div>\n\t\t\t\t\t<\/div>\n\t\t\t\t<\/div>\n\t\t<div class=\"elementor-element elementor-element-52ac831 e-flex e-con-boxed e-con e-parent\" data-id=\"52ac831\" data-element_type=\"container\" data-e-type=\"container\">\n\t\t\t\t\t<div class=\"e-con-inner\">\n\t\t<div class=\"elementor-element elementor-element-832e542 e-con-full e-flex e-con e-child\" data-id=\"832e542\" data-element_type=\"container\" data-e-type=\"container\">\n\t\t\t\t<div class=\"elementor-element elementor-element-ce226a3 elementor-widget elementor-widget-image\" data-id=\"ce226a3\" data-element_type=\"widget\" data-e-type=\"widget\" data-widget_type=\"image.default\">\n\t\t\t\t<div class=\"elementor-widget-container\">\n\t\t\t\t\t\t\t\t\t\t\t\t\t\t\t<img loading=\"lazy\" decoding=\"async\" width=\"300\" height=\"300\" src=\"https:\/\/sooma.ca\/wp-content\/uploads\/2025\/07\/113-300x300.png\" class=\"attachment-medium size-medium wp-image-6869\" alt=\"\" srcset=\"https:\/\/sooma.ca\/wp-content\/uploads\/2025\/07\/113-300x300.png 300w, https:\/\/sooma.ca\/wp-content\/uploads\/2025\/07\/113-1024x1024.png 1024w, https:\/\/sooma.ca\/wp-content\/uploads\/2025\/07\/113-150x150.png 150w, https:\/\/sooma.ca\/wp-content\/uploads\/2025\/07\/113-768x768.png 768w, https:\/\/sooma.ca\/wp-content\/uploads\/2025\/07\/113.png 1080w\" sizes=\"(max-width: 300px) 100vw, 300px\" \/>\t\t\t\t\t\t\t\t\t\t\t\t\t\t\t<\/div>\n\t\t\t\t<\/div>\n\t\t\t\t<\/div>\n\t\t<div class=\"elementor-element elementor-element-498dc6c e-con-full e-flex e-con e-child\" data-id=\"498dc6c\" data-element_type=\"container\" data-e-type=\"container\">\n\t\t\t\t<div class=\"elementor-element elementor-element-37db32a elementor-widget elementor-widget-text-editor\" data-id=\"37db32a\" data-element_type=\"widget\" data-e-type=\"widget\" data-widget_type=\"text-editor.default\">\n\t\t\t\t<div class=\"elementor-widget-container\">\n\t\t\t\t\t\t\t\t\t<h4><i>Sant\u00e9 du sang et du c\u0153ur<\/i><\/h4><p>\u00a0<\/p><p>En cas de restriction calorique s\u00e9v\u00e8re, le corps perd du muscle cardiaque afin de pr\u00e9server d\u2019autres muscles. Il peut en r\u00e9sulter divers sympt\u00f4mes tels que faiblesse, vertiges, fatigue et \u00e9tourdissements. Une baisse de la tension art\u00e9rielle et de la fr\u00e9quence cardiaque est \u00e9galement fr\u00e9quente, en raison de facteurs tels que la d\u00e9shydratation. La d\u00e9shydratation due \u00e0 un apport inad\u00e9quat peut \u00e9galement provoquer de dangereux d\u00e9s\u00e9quilibres \u00e9lectrolytiques qui peuvent \u00eatre fatals.\u00a0<\/p><p>Les signes vitaux orthostatiques doivent \u00eatre v\u00e9rifi\u00e9s r\u00e9guli\u00e8rement par un m\u00e9decin ou une infirmi\u00e8re praticienne (en mesurant la pression art\u00e9rielle en position couch\u00e9e et debout et en comparant les variations) afin de surveiller et d\u2019\u00e9valuer la fonction et la stabilit\u00e9 cardiaques. Toute personne atteinte d\u2019AM ou soup\u00e7onn\u00e9e de l\u2019\u00eatre et dont la fr\u00e9quence cardiaque est inf\u00e9rieure \u00e0 40 bpm doit \u00e9galement faire l\u2019objet d\u2019une surveillance m\u00e9dicale \u00e9troite, m\u00eame s\u2019il s\u2019agit d\u2019un athl\u00e8te ou de personnes sportives.<\/p>\t\t\t\t\t\t\t\t<\/div>\n\t\t\t\t<\/div>\n\t\t\t\t<\/div>\n\t\t\t\t\t<\/div>\n\t\t\t\t<\/div>\n\t\t<div class=\"elementor-element elementor-element-87ab723 e-flex e-con-boxed e-con e-parent\" data-id=\"87ab723\" data-element_type=\"container\" data-e-type=\"container\">\n\t\t\t\t\t<div class=\"e-con-inner\">\n\t\t<div class=\"elementor-element elementor-element-87c1d5e e-con-full e-flex e-con e-child\" data-id=\"87c1d5e\" data-element_type=\"container\" data-e-type=\"container\">\n\t\t\t\t<div class=\"elementor-element elementor-element-e9b6fdd elementor-widget elementor-widget-image\" data-id=\"e9b6fdd\" data-element_type=\"widget\" data-e-type=\"widget\" data-widget_type=\"image.default\">\n\t\t\t\t<div class=\"elementor-widget-container\">\n\t\t\t\t\t\t\t\t\t\t\t\t\t\t\t<img loading=\"lazy\" decoding=\"async\" width=\"300\" height=\"300\" src=\"https:\/\/sooma.ca\/wp-content\/uploads\/2025\/07\/114-300x300.png\" class=\"attachment-medium size-medium wp-image-6871\" alt=\"\" srcset=\"https:\/\/sooma.ca\/wp-content\/uploads\/2025\/07\/114-300x300.png 300w, https:\/\/sooma.ca\/wp-content\/uploads\/2025\/07\/114-1024x1024.png 1024w, https:\/\/sooma.ca\/wp-content\/uploads\/2025\/07\/114-150x150.png 150w, https:\/\/sooma.ca\/wp-content\/uploads\/2025\/07\/114-768x768.png 768w, https:\/\/sooma.ca\/wp-content\/uploads\/2025\/07\/114.png 1080w\" sizes=\"(max-width: 300px) 100vw, 300px\" \/>\t\t\t\t\t\t\t\t\t\t\t\t\t\t\t<\/div>\n\t\t\t\t<\/div>\n\t\t\t\t<\/div>\n\t\t<div class=\"elementor-element elementor-element-76210e3 e-con-full e-flex e-con e-child\" data-id=\"76210e3\" data-element_type=\"container\" data-e-type=\"container\">\n\t\t\t\t<div class=\"elementor-element elementor-element-45c19bb elementor-widget elementor-widget-text-editor\" data-id=\"45c19bb\" data-element_type=\"widget\" data-e-type=\"widget\" data-widget_type=\"text-editor.default\">\n\t\t\t\t<div class=\"elementor-widget-container\">\n\t\t\t\t\t\t\t\t\t<h4><i>Sant\u00e9 gastro-intestinale<\/i><\/h4><p>\u00a0<\/p><p>L\u2019une des fa\u00e7ons dont le corps s\u2019adapte \u00e0 la restriction \u00e9nerg\u00e9tique consiste \u00e0 r\u00e9duire le fonctionnement des processus corporels qui sont moins importants pour la survie (comme la digestion lorsque l\u2019alimentation est limit\u00e9e). De m\u00eame, le m\u00e9tabolisme (ou la somme des r\u00e9actions qui se produisent dans le corps pour se fournir en \u00e9nergie) diminue de mani\u00e8re significative. L\u2019organisme agit ainsi pour favoriser la survie et tenter de limiter la perte de poids en br\u00fblant plus d\u2019\u00e9nergie que ce qui est consomm\u00e9 (pensez \u00e0 un ours en hibernation pour l\u2019hiver).<\/p><p>En raison de ces adaptations, l\u2019intestin peut ralentir jusqu\u2019\u00e0 50 %, et de nombreuses personnes atteintes d\u2019AM pr\u00e9sentent souvent des sympt\u00f4mes similaires au syndrome du c\u00f4lon irritable, comme des gaz, des ballonnements, des crampes et des selles anormales (en particulier la constipation). Certaines personnes peuvent \u00e9galement d\u00e9velopper une maladie appel\u00e9e gastropar\u00e9sie, dans laquelle la digestion dans l\u2019estomac est tellement ralentie qu\u2019une personne peut se sentir tr\u00e8s rassasi\u00e9e pendant des heures apr\u00e8s n\u2019avoir pris que quelques bouch\u00e9es (entre autres sympt\u00f4mes).<\/p>\t\t\t\t\t\t\t\t<\/div>\n\t\t\t\t<\/div>\n\t\t\t\t<\/div>\n\t\t\t\t\t<\/div>\n\t\t\t\t<\/div>\n\t\t<div class=\"elementor-element elementor-element-33077e6 e-flex e-con-boxed e-con e-parent\" data-id=\"33077e6\" data-element_type=\"container\" data-e-type=\"container\">\n\t\t\t\t\t<div class=\"e-con-inner\">\n\t\t<div class=\"elementor-element elementor-element-113a472 e-con-full e-flex e-con e-child\" data-id=\"113a472\" data-element_type=\"container\" data-e-type=\"container\">\n\t\t\t\t<div class=\"elementor-element elementor-element-8fff355 elementor-widget elementor-widget-image\" data-id=\"8fff355\" data-element_type=\"widget\" data-e-type=\"widget\" data-widget_type=\"image.default\">\n\t\t\t\t<div class=\"elementor-widget-container\">\n\t\t\t\t\t\t\t\t\t\t\t\t\t\t\t<img loading=\"lazy\" decoding=\"async\" width=\"300\" height=\"300\" src=\"https:\/\/sooma.ca\/wp-content\/uploads\/2025\/07\/116-300x300.png\" class=\"attachment-medium size-medium wp-image-6875\" alt=\"\" srcset=\"https:\/\/sooma.ca\/wp-content\/uploads\/2025\/07\/116-300x300.png 300w, https:\/\/sooma.ca\/wp-content\/uploads\/2025\/07\/116-1024x1024.png 1024w, https:\/\/sooma.ca\/wp-content\/uploads\/2025\/07\/116-150x150.png 150w, https:\/\/sooma.ca\/wp-content\/uploads\/2025\/07\/116-768x768.png 768w, https:\/\/sooma.ca\/wp-content\/uploads\/2025\/07\/116.png 1080w\" sizes=\"(max-width: 300px) 100vw, 300px\" \/>\t\t\t\t\t\t\t\t\t\t\t\t\t\t\t<\/div>\n\t\t\t\t<\/div>\n\t\t\t\t<\/div>\n\t\t<div class=\"elementor-element elementor-element-724c77d e-con-full e-flex e-con e-child\" data-id=\"724c77d\" data-element_type=\"container\" data-e-type=\"container\">\n\t\t\t\t<div class=\"elementor-element elementor-element-a20934b elementor-widget elementor-widget-text-editor\" data-id=\"a20934b\" data-element_type=\"widget\" data-e-type=\"widget\" data-widget_type=\"text-editor.default\">\n\t\t\t\t<div class=\"elementor-widget-container\">\n\t\t\t\t\t\t\t\t\t<h4><i>Sant\u00e9 des os<\/i><\/h4><p>\u00a0<\/p><p>Les os sont des structures poreuses de l\u2019organisme qui ont besoin de divers nutriments pour rester solides. Un grand nombre de ces nutriments, comme le calcium, la vitamine D, le magn\u00e9sium et d\u2019autres encore, doivent \u00eatre consomm\u00e9s car le corps ne peut pas les produire lui-m\u00eame. Avec une restriction extr\u00eame de l\u2019apport, le corps compte sur les os pour r\u00e9cup\u00e9rer ces vitamines et min\u00e9raux pour leurs autres utilisations, ce qui \u00e9puise les os et augmente le risque d\u2019ost\u00e9oporose.\u00a0<\/p><p>Le risque d\u2019ost\u00e9oporose est \u00e9galement accru chez les personnes ayant un faible taux d\u2019\u0153strog\u00e8nes (dont nous savons qu\u2019il peut \u00eatre caus\u00e9 par la restriction), car les \u0153strog\u00e8nes jouent un r\u00f4le dans le maintien de la densit\u00e9 osseuse. Environ 40 % des femmes ayant de l\u2019anorexie souffrent d\u2019ost\u00e9oporose au cours de leur trouble alimentaire. Les femmes souffrant d\u2019anorexie depuis plus de 5 ans pr\u00e9sentent un taux annuel de fractures environ 7 fois sup\u00e9rieur \u00e0 celui des femmes non anorexiques. Des \u00e9tudes montrent \u00e9galement que les hommes souffrant d\u2019anorexie ont tendance \u00e0 avoir une perte osseuse plus s\u00e9v\u00e8re que les femmes ayant une \u00e9volution similaire de la maladie.<\/p>\t\t\t\t\t\t\t\t<\/div>\n\t\t\t\t<\/div>\n\t\t\t\t<\/div>\n\t\t\t\t\t<\/div>\n\t\t\t\t<\/div>\n\t\t<div class=\"elementor-element elementor-element-4c7d3b0c e-flex e-con-boxed e-con e-parent\" data-id=\"4c7d3b0c\" data-element_type=\"container\" data-e-type=\"container\">\n\t\t\t\t\t<div class=\"e-con-inner\">\n\t\t\t\t<div class=\"elementor-element elementor-element-4ff94169 elementor-widget elementor-widget-text-editor\" data-id=\"4ff94169\" data-element_type=\"widget\" data-e-type=\"widget\" data-widget_type=\"text-editor.default\">\n\t\t\t\t<div class=\"elementor-widget-container\">\n\t\t\t\t\t\t\t\t\t<div class=\"vc_row wpb_row vc_row-fluid\"><div class=\"wpb_column vc_column_container vc_col-sm-12\"><div class=\"vc_column-inner\"><div class=\"wpb_wrapper\"><div class=\"wpb_text_column wpb_content_element \"><div class=\"wpb_wrapper\"><div class=\"vc_row wpb_row vc_row-fluid\"><div class=\"wpb_column vc_column_container vc_col-sm-12\"><div class=\"vc_column-inner\"><div class=\"wpb_wrapper\"><div class=\"wpb_text_column wpb_content_element \"><div class=\"wpb_wrapper\"><h3><strong>Conclusion<\/strong><\/h3><\/div><div class=\"wpb_text_column wpb_content_element \"><div class=\"wpb_wrapper\">\u00a0<\/div><\/div><\/div><\/div><\/div><\/div><\/div><div class=\"vc_row wpb_row vc_row-fluid\"><div class=\"wpb_column vc_column_container vc_col-sm-12\"><div class=\"vc_column-inner\"><div class=\"wpb_wrapper\"><div class=\"wpb_text_column wpb_content_element \"><div><p>L\u2019anorexie mentale, qu\u2019elle soit diagnostiqu\u00e9e ou non, peut entra\u00eener toute une s\u00e9rie de complications m\u00e9dicales susceptibles d\u2019avoir un impact significatif sur la qualit\u00e9 de vie actuelle et future d\u2019une personne. Elle peut avoir des r\u00e9percussions sur les fonctions corporelles de la t\u00eate aux pieds et entra\u00eener divers probl\u00e8mes physiques, psychologiques, \u00e9motionnels, comportementaux et m\u00e9dicaux. L\u2019AM peut \u00eatre mortelle, mais en m\u00eame temps, certaines personnes ressentent ces sympt\u00f4mes et continuent \u00e0 vivre \u00ab leur vie \u00bb, ce qui peut rendre la maladie d\u00e9routante. Quoi qu\u2019il en soit, le r\u00e9tablissement est une partie essentielle du traitement pour toute personne souffrant d\u2019un trouble alimentaire.<\/p><p>Restez \u00e0 l\u2019aff\u00fbt pour notre article sur les impacts de la gu\u00e9rison des troubles alimentaires, pour en savoir plus sur la fa\u00e7on dont la plupart des sympt\u00f4mes des troubles du comportement alimentaire disparaissent avec une alimentation ad\u00e9quate. Si vous ou une personne de votre entourage \u00eates aux prises avec des probl\u00e8mes alimentaires ou d\u2019image corporelle, ou si vous pr\u00e9sentez des signes de troubles alimentaires, n\u2019h\u00e9sitez pas \u00e0 communiquer avec l\u2019\u00e9quipe de S\u00f6\u00f6ma pour obtenir du soutien au (514) 437-4260 ou par courriel \u00e0 l\u2019adresse suivante : info@sooma.ca.<\/p><\/div><div><span style=\"font-size: 16px;\">Vous pouvez \u00e9galement prendre un rendez-vous directement avec l\u2019un\u00b7e de nos professionnel\u00b7le\u00b7s en cliquant sur<\/span><strong style=\"font-size: 16px;\"> <a href=\"https:\/\/l.bttr.to\/sLyHK\" target=\"_blank\" rel=\"noopener\">ce lien<\/a>.<\/strong><\/div><\/div><\/div><\/div><\/div><\/div><\/div><\/div><\/div><\/div><\/div><\/div>\t\t\t\t\t\t\t\t<\/div>\n\t\t\t\t<\/div>\n\t\t\t\t\t<\/div>\n\t\t\t\t<\/div>\n\t\t<div class=\"elementor-element elementor-element-26fbf8e4 e-flex e-con-boxed e-con e-parent\" data-id=\"26fbf8e4\" data-element_type=\"container\" data-e-type=\"container\">\n\t\t\t\t\t<div class=\"e-con-inner\">\n\t\t<div class=\"elementor-element elementor-element-9d1ad6f e-con-full e-flex e-con e-child\" data-id=\"9d1ad6f\" data-element_type=\"container\" data-e-type=\"container\">\n\t\t\t\t<div class=\"elementor-element elementor-element-601409e elementor-widget elementor-widget-heading\" data-id=\"601409e\" data-element_type=\"widget\" data-e-type=\"widget\" data-widget_type=\"heading.default\">\n\t\t\t\t<div class=\"elementor-widget-container\">\n\t\t\t\t\t<p class=\"elementor-heading-title elementor-size-default\">\u00c9crit par:<\/p>\t\t\t\t<\/div>\n\t\t\t\t<\/div>\n\t\t\t\t<div class=\"elementor-element elementor-element-04deda6 elementor-author-box--layout-image-left elementor-author-box--align-left elementor-author-box--image-valign-top elementor-widget elementor-widget-author-box\" data-id=\"04deda6\" data-element_type=\"widget\" data-e-type=\"widget\" data-widget_type=\"author-box.default\">\n\t\t\t\t<div class=\"elementor-widget-container\">\n\t\t\t\t\t\t\t<div class=\"elementor-author-box\">\n\t\t\t\t\t\t\t<div  class=\"elementor-author-box__avatar\">\n\t\t\t\t\t<img decoding=\"async\" src=\"https:\/\/sooma.ca\/wp-content\/uploads\/2025\/05\/Sooma-nutrition-team-Justine-Chriqui-274x300.jpg\" alt=\"Image de Justine Chriqui\" loading=\"lazy\">\n\t\t\t\t<\/div>\n\t\t\t\n\t\t\t<div class=\"elementor-author-box__text\">\n\t\t\t\t\t\t\t\t\t<div >\n\t\t\t\t\t\t<h4 class=\"elementor-author-box__name\">\n\t\t\t\t\t\t\tJustine Chriqui\t\t\t\t\t\t<\/h4>\n\t\t\t\t\t<\/div>\n\t\t\t\t\n\t\t\t\t\t\t\t\t\t<div class=\"elementor-author-box__bio\">\n\t\t\t\t\t\t<p>Di\u00e9t\u00e9tiste professionnelle<\/p>\n\t\t\t\t\t<\/div>\n\t\t\t\t\n\t\t\t\t\t\t\t<\/div>\n\t\t<\/div>\n\t\t\t\t\t\t<\/div>\n\t\t\t\t<\/div>\n\t\t\t\t<\/div>\n\t\t\t\t\t<\/div>\n\t\t\t\t<\/div>\n\t\t<div class=\"elementor-element elementor-element-c572be0 e-flex e-con-boxed e-con e-parent\" data-id=\"c572be0\" data-element_type=\"container\" data-e-type=\"container\">\n\t\t\t\t\t<div class=\"e-con-inner\">\n\t\t\t\t<div class=\"elementor-element elementor-element-af79e65 elementor-widget elementor-widget-text-editor\" data-id=\"af79e65\" data-element_type=\"widget\" data-e-type=\"widget\" data-widget_type=\"text-editor.default\">\n\t\t\t\t<div class=\"elementor-widget-container\">\n\t\t\t\t\t\t\t\t\t<h3>R\u00e9f\u00e9rences<\/h3><ol><li>Guarda, A. (Feb 2023).\u00a0<i>What are Eating Disorders?<\/i>. American Psychiatric Association.\u00a0<i>\u00a0<\/i>Retrieved from\u00a0<a href=\"https:\/\/www.psychiatry.org\/patients-families\/eating-disorders\/what-are-eating-disorders\" rel=\"noopener\">https:\/\/www.psychiatry.org\/patients-families\/eating-disorders\/what-are-eating-disorders<\/a>\u00a0<\/li><li aria-level=\"1\"><i>Eating Disorders: About More Than Food.\u00a0<\/i>(2021). National Institute of Mental Health. Retrieved from\u00a0<a href=\"https:\/\/www.nimh.nih.gov\/sites\/default\/files\/documents\/health\/publications\/eating-disorders\/eating-disorders-about-more-than-food.pdf\" rel=\"noopener\">https:\/\/www.nimh.nih.gov\/sites\/default\/files\/documents\/health\/publications\/eating-disorders\/eating-disorders-about-more-than-food.pdf<\/a>\u00a0<\/li><li aria-level=\"1\">Herrin, M., &amp; Larkin, M. (2013). Nutrition counseling in the treatment of eating disorders (2nd ed.). Routledge\/Taylor &amp; Francis Group.<\/li><li aria-level=\"1\">Gaudiani, J.L. (2018). Sick Enough: A Guide to the Medical Complications of Eating Disorders (1st ed.). Routledge.<\/li><\/ol>\t\t\t\t\t\t\t\t<\/div>\n\t\t\t\t<\/div>\n\t\t\t\t\t<\/div>\n\t\t\t\t<\/div>\n\t\t<div class=\"elementor-element elementor-element-fe86ec5 e-flex e-con-boxed e-con e-parent\" data-id=\"fe86ec5\" data-element_type=\"container\" data-e-type=\"container\">\n\t\t\t\t\t<div class=\"e-con-inner\">\n\t\t\t\t<div class=\"elementor-element elementor-element-1b7ec0dd elementor-widget elementor-widget-heading\" data-id=\"1b7ec0dd\" data-element_type=\"widget\" data-e-type=\"widget\" data-widget_type=\"heading.default\">\n\t\t\t\t<div class=\"elementor-widget-container\">\n\t\t\t\t\t<h2 class=\"elementor-heading-title elementor-size-default\">Related Posts<\/h2>\t\t\t\t<\/div>\n\t\t\t\t<\/div>\n\t\t\t\t<div class=\"elementor-element elementor-element-35dbbc41 elementor-posts__hover-none elementor-grid-4 elementor-grid-tablet-2 elementor-grid-mobile-1 elementor-posts--thumbnail-top elementor-card-shadow-yes elementor-widget elementor-widget-posts\" data-id=\"35dbbc41\" data-element_type=\"widget\" data-e-type=\"widget\" data-settings=\"{&quot;cards_columns&quot;:&quot;4&quot;,&quot;cards_columns_tablet&quot;:&quot;2&quot;,&quot;cards_columns_mobile&quot;:&quot;1&quot;,&quot;cards_row_gap&quot;:{&quot;unit&quot;:&quot;px&quot;,&quot;size&quot;:35,&quot;sizes&quot;:[]},&quot;cards_row_gap_tablet&quot;:{&quot;unit&quot;:&quot;px&quot;,&quot;size&quot;:&quot;&quot;,&quot;sizes&quot;:[]},&quot;cards_row_gap_mobile&quot;:{&quot;unit&quot;:&quot;px&quot;,&quot;size&quot;:&quot;&quot;,&quot;sizes&quot;:[]}}\" data-widget_type=\"posts.cards\">\n\t\t\t\t<div class=\"elementor-widget-container\">\n\t\t\t\t\t\t\t<div class=\"elementor-posts-container elementor-posts elementor-posts--skin-cards elementor-grid\" role=\"list\">\n\t\t\t\t<article class=\"elementor-post elementor-grid-item post-10940 post type-post status-publish format-standard has-post-thumbnail hentry category-nutrition-sportive tag-carb-load tag-chargement-en-glucides tag-courrire tag-glucides tag-le-carb-loading tag-nutrition-sportive\" role=\"listitem\">\n\t\t\t<div class=\"elementor-post__card\">\n\t\t\t\t<a class=\"elementor-post__thumbnail__link\" href=\"https:\/\/sooma.ca\/fr\/le-carb-loading\/\" tabindex=\"-1\"><div class=\"elementor-post__thumbnail\"><img loading=\"lazy\" decoding=\"async\" width=\"1080\" height=\"1350\" src=\"https:\/\/sooma.ca\/wp-content\/uploads\/2026\/04\/108.png\" class=\"attachment-full size-full wp-image-10942\" alt=\"\" srcset=\"https:\/\/sooma.ca\/wp-content\/uploads\/2026\/04\/108.png 1080w, https:\/\/sooma.ca\/wp-content\/uploads\/2026\/04\/108-240x300.png 240w, https:\/\/sooma.ca\/wp-content\/uploads\/2026\/04\/108-819x1024.png 819w, https:\/\/sooma.ca\/wp-content\/uploads\/2026\/04\/108-768x960.png 768w\" sizes=\"(max-width: 1080px) 100vw, 1080px\" \/><\/div><\/a>\n\t\t\t\t<div class=\"elementor-post__text\">\n\t\t\t\t<h3 class=\"elementor-post__title\">\n\t\t\t<a href=\"https:\/\/sooma.ca\/fr\/le-carb-loading\/\">\n\t\t\t\t\u00c0 quoi \u00e7a ressemble vraiment, le \u201ccarb loading\u201d?\t\t\t<\/a>\n\t\t<\/h3>\n\t\t\n\t\t<a class=\"elementor-post__read-more\" href=\"https:\/\/sooma.ca\/fr\/le-carb-loading\/\" aria-label=\"En savoir plus sur \u00c0 quoi \u00e7a ressemble vraiment, le \u201ccarb loading\u201d?\" tabindex=\"-1\">\n\t\t\tRead More \u00bb\t\t<\/a>\n\n\t\t\t\t<\/div>\n\t\t\t\t\t<\/div>\n\t\t<\/article>\n\t\t\t\t<article class=\"elementor-post elementor-grid-item post-10602 post type-post status-publish format-standard has-post-thumbnail hentry category-retablissement-des-troubles-alimentaires tag-anorexie tag-lhypermetabolisme tag-realimentation tag-retablissement\" role=\"listitem\">\n\t\t\t<div class=\"elementor-post__card\">\n\t\t\t\t<a class=\"elementor-post__thumbnail__link\" href=\"https:\/\/sooma.ca\/fr\/lhypermetabolisme-pendant-la-realimentation\/\" tabindex=\"-1\"><div class=\"elementor-post__thumbnail\"><img loading=\"lazy\" decoding=\"async\" width=\"1080\" height=\"1350\" src=\"https:\/\/sooma.ca\/wp-content\/uploads\/2026\/02\/81.png\" class=\"attachment-full size-full wp-image-10604\" alt=\"\" srcset=\"https:\/\/sooma.ca\/wp-content\/uploads\/2026\/02\/81.png 1080w, https:\/\/sooma.ca\/wp-content\/uploads\/2026\/02\/81-240x300.png 240w, https:\/\/sooma.ca\/wp-content\/uploads\/2026\/02\/81-819x1024.png 819w, https:\/\/sooma.ca\/wp-content\/uploads\/2026\/02\/81-768x960.png 768w\" sizes=\"(max-width: 1080px) 100vw, 1080px\" \/><\/div><\/a>\n\t\t\t\t<div class=\"elementor-post__text\">\n\t\t\t\t<h3 class=\"elementor-post__title\">\n\t\t\t<a href=\"https:\/\/sooma.ca\/fr\/lhypermetabolisme-pendant-la-realimentation\/\">\n\t\t\t\tL\u2019hyperm\u00e9tabolisme pendant la r\u00e9alimentation en anorexie : ce qu\u2019il faut savoir\t\t\t<\/a>\n\t\t<\/h3>\n\t\t\n\t\t<a class=\"elementor-post__read-more\" href=\"https:\/\/sooma.ca\/fr\/lhypermetabolisme-pendant-la-realimentation\/\" aria-label=\"En savoir plus sur L\u2019hyperm\u00e9tabolisme pendant la r\u00e9alimentation en anorexie : ce qu\u2019il faut savoir\" tabindex=\"-1\">\n\t\t\tRead More \u00bb\t\t<\/a>\n\n\t\t\t\t<\/div>\n\t\t\t\t\t<\/div>\n\t\t<\/article>\n\t\t\t\t<article class=\"elementor-post elementor-grid-item post-10512 post type-post status-publish format-standard has-post-thumbnail hentry category-retablissement-des-troubles-alimentaires tag-accompagnement-nutritionnel-pour-tca tag-retablissement-tca tag-role-des-dietetistes-en-retablissement-act-for-eating-disorders tag-tcc tag-tcc-pour-lanorexie-ou-la-boulimie-dbt-emotional-regulation tag-tcd tag-tfe tag-therapie-act\" role=\"listitem\">\n\t\t\t<div class=\"elementor-post__card\">\n\t\t\t\t<a class=\"elementor-post__thumbnail__link\" href=\"https:\/\/sooma.ca\/fr\/4-approches-therapeutiques\/\" tabindex=\"-1\"><div class=\"elementor-post__thumbnail\"><img loading=\"lazy\" decoding=\"async\" width=\"1080\" height=\"1350\" src=\"https:\/\/sooma.ca\/wp-content\/uploads\/2026\/01\/7.png\" class=\"attachment-full size-full wp-image-10514\" alt=\"\" srcset=\"https:\/\/sooma.ca\/wp-content\/uploads\/2026\/01\/7.png 1080w, https:\/\/sooma.ca\/wp-content\/uploads\/2026\/01\/7-240x300.png 240w, https:\/\/sooma.ca\/wp-content\/uploads\/2026\/01\/7-819x1024.png 819w, https:\/\/sooma.ca\/wp-content\/uploads\/2026\/01\/7-768x960.png 768w\" sizes=\"(max-width: 1080px) 100vw, 1080px\" \/><\/div><\/a>\n\t\t\t\t<div class=\"elementor-post__text\">\n\t\t\t\t<h3 class=\"elementor-post__title\">\n\t\t\t<a href=\"https:\/\/sooma.ca\/fr\/4-approches-therapeutiques\/\">\n\t\t\t\tPARTIE\u202f2 : Comment les di\u00e9t\u00e9tistes utilisent des approches th\u00e9rapeutiques fond\u00e9es sur des preuves pour soutenir le r\u00e9tablissement dans un trouble alimentaire\t\t\t<\/a>\n\t\t<\/h3>\n\t\t\n\t\t<a class=\"elementor-post__read-more\" href=\"https:\/\/sooma.ca\/fr\/4-approches-therapeutiques\/\" aria-label=\"En savoir plus sur PARTIE\u202f2 : Comment les di\u00e9t\u00e9tistes utilisent des approches th\u00e9rapeutiques fond\u00e9es sur des preuves pour soutenir le r\u00e9tablissement dans un trouble alimentaire\" tabindex=\"-1\">\n\t\t\tRead More \u00bb\t\t<\/a>\n\n\t\t\t\t<\/div>\n\t\t\t\t\t<\/div>\n\t\t<\/article>\n\t\t\t\t<article class=\"elementor-post elementor-grid-item post-10326 post type-post status-publish format-standard has-post-thumbnail hentry category-trouble-alimentaire tag-apple-watch tag-exercice-compulsif tag-fitbit tag-oura tag-tca tag-traquers-dacitivite tag-trouble-alimentaire\" role=\"listitem\">\n\t\t\t<div class=\"elementor-post__card\">\n\t\t\t\t<a class=\"elementor-post__thumbnail__link\" href=\"https:\/\/sooma.ca\/fr\/traquers-activite-trouble-alimentaire\/\" tabindex=\"-1\"><div class=\"elementor-post__thumbnail\"><img loading=\"lazy\" decoding=\"async\" width=\"1080\" height=\"1350\" src=\"https:\/\/sooma.ca\/wp-content\/uploads\/2025\/12\/95.png\" class=\"attachment-full size-full wp-image-10328\" alt=\"\" srcset=\"https:\/\/sooma.ca\/wp-content\/uploads\/2025\/12\/95.png 1080w, https:\/\/sooma.ca\/wp-content\/uploads\/2025\/12\/95-240x300.png 240w, https:\/\/sooma.ca\/wp-content\/uploads\/2025\/12\/95-819x1024.png 819w, https:\/\/sooma.ca\/wp-content\/uploads\/2025\/12\/95-768x960.png 768w\" sizes=\"(max-width: 1080px) 100vw, 1080px\" \/><\/div><\/a>\n\t\t\t\t<div class=\"elementor-post__text\">\n\t\t\t\t<h3 class=\"elementor-post__title\">\n\t\t\t<a href=\"https:\/\/sooma.ca\/fr\/traquers-activite-trouble-alimentaire\/\">\n\t\t\t\tComment les traqueurs d\u2019activit\u00e9 peuvent influencer les troubles alimentaires et votre relation avec votre corps\t\t\t<\/a>\n\t\t<\/h3>\n\t\t\n\t\t<a class=\"elementor-post__read-more\" href=\"https:\/\/sooma.ca\/fr\/traquers-activite-trouble-alimentaire\/\" aria-label=\"En savoir plus sur Comment les traqueurs d\u2019activit\u00e9 peuvent influencer les troubles alimentaires et votre relation avec votre corps\" tabindex=\"-1\">\n\t\t\tRead More \u00bb\t\t<\/a>\n\n\t\t\t\t<\/div>\n\t\t\t\t\t<\/div>\n\t\t<\/article>\n\t\t\t\t<article class=\"elementor-post elementor-grid-item post-10271 post type-post status-publish format-standard has-post-thumbnail hentry category-trouble-alimentaire tag-signes-dalerte-tca-enfant tag-tca-enfants tag-trouble-alimentaire tag-trouble-alimentaire-chez-des-enfants\" role=\"listitem\">\n\t\t\t<div class=\"elementor-post__card\">\n\t\t\t\t<a class=\"elementor-post__thumbnail__link\" href=\"https:\/\/sooma.ca\/fr\/5-signes-dalerte-que-votre-enfant\/\" tabindex=\"-1\"><div class=\"elementor-post__thumbnail\"><img loading=\"lazy\" decoding=\"async\" width=\"1080\" height=\"1350\" src=\"https:\/\/sooma.ca\/wp-content\/uploads\/2025\/11\/88.png\" class=\"attachment-full size-full wp-image-10273\" alt=\"\" srcset=\"https:\/\/sooma.ca\/wp-content\/uploads\/2025\/11\/88.png 1080w, https:\/\/sooma.ca\/wp-content\/uploads\/2025\/11\/88-240x300.png 240w, https:\/\/sooma.ca\/wp-content\/uploads\/2025\/11\/88-819x1024.png 819w, https:\/\/sooma.ca\/wp-content\/uploads\/2025\/11\/88-768x960.png 768w\" sizes=\"(max-width: 1080px) 100vw, 1080px\" \/><\/div><\/a>\n\t\t\t\t<div class=\"elementor-post__text\">\n\t\t\t\t<h3 class=\"elementor-post__title\">\n\t\t\t<a href=\"https:\/\/sooma.ca\/fr\/5-signes-dalerte-que-votre-enfant\/\">\n\t\t\t\t5 signes d\u2019alerte que votre enfant pourrait avoir un trouble alimentaire\t\t\t<\/a>\n\t\t<\/h3>\n\t\t\n\t\t<a class=\"elementor-post__read-more\" href=\"https:\/\/sooma.ca\/fr\/5-signes-dalerte-que-votre-enfant\/\" aria-label=\"En savoir plus sur 5 signes d\u2019alerte que votre enfant pourrait avoir un trouble alimentaire\" tabindex=\"-1\">\n\t\t\tRead More \u00bb\t\t<\/a>\n\n\t\t\t\t<\/div>\n\t\t\t\t\t<\/div>\n\t\t<\/article>\n\t\t\t\t<article class=\"elementor-post elementor-grid-item post-10051 post type-post status-publish format-standard has-post-thumbnail hentry category-trouble-alimentaire tag-accompagnement-nutritionnel-pour-tca tag-role-des-dietetistes-en-retablissement-act-for-eating-disorders tag-tcc-pour-lanorexie-ou-la-boulimie-dbt-emotional-regulation\" role=\"listitem\">\n\t\t\t<div class=\"elementor-post__card\">\n\t\t\t\t<a class=\"elementor-post__thumbnail__link\" href=\"https:\/\/sooma.ca\/fr\/approches-therapeutiques-troubles-alimentaires\/\" tabindex=\"-1\"><div class=\"elementor-post__thumbnail\"><img loading=\"lazy\" decoding=\"async\" width=\"1080\" height=\"1350\" src=\"https:\/\/sooma.ca\/wp-content\/uploads\/2025\/11\/Blog-images-1.png\" class=\"attachment-full size-full wp-image-10076\" alt=\"\" srcset=\"https:\/\/sooma.ca\/wp-content\/uploads\/2025\/11\/Blog-images-1.png 1080w, https:\/\/sooma.ca\/wp-content\/uploads\/2025\/11\/Blog-images-1-240x300.png 240w, https:\/\/sooma.ca\/wp-content\/uploads\/2025\/11\/Blog-images-1-819x1024.png 819w, https:\/\/sooma.ca\/wp-content\/uploads\/2025\/11\/Blog-images-1-768x960.png 768w\" sizes=\"(max-width: 1080px) 100vw, 1080px\" \/><\/div><\/a>\n\t\t\t\t<div class=\"elementor-post__text\">\n\t\t\t\t<h3 class=\"elementor-post__title\">\n\t\t\t<a href=\"https:\/\/sooma.ca\/fr\/approches-therapeutiques-troubles-alimentaires\/\">\n\t\t\t\t4 approches th\u00e9rapeutiques utilis\u00e9es par les di\u00e9t\u00e9tistes pour traiter les troubles alimentaires\t\t\t<\/a>\n\t\t<\/h3>\n\t\t\n\t\t<a class=\"elementor-post__read-more\" href=\"https:\/\/sooma.ca\/fr\/approches-therapeutiques-troubles-alimentaires\/\" aria-label=\"En savoir plus sur 4 approches th\u00e9rapeutiques utilis\u00e9es par les di\u00e9t\u00e9tistes pour traiter les troubles alimentaires\" tabindex=\"-1\">\n\t\t\tRead More \u00bb\t\t<\/a>\n\n\t\t\t\t<\/div>\n\t\t\t\t\t<\/div>\n\t\t<\/article>\n\t\t\t\t<article class=\"elementor-post elementor-grid-item post-9698 post type-post status-publish format-standard has-post-thumbnail hentry category-alimentation-desordonee category-non-categorise category-trouble-alimentaire tag-dopamine-2 tag-endorphines tag-gaba-2 tag-neurotransmetteurs tag-serotonine\" role=\"listitem\">\n\t\t\t<div class=\"elementor-post__card\">\n\t\t\t\t<a class=\"elementor-post__thumbnail__link\" href=\"https:\/\/sooma.ca\/fr\/les-neurotransmetteurs-et-les-troubles-alimentaires\/\" tabindex=\"-1\"><div class=\"elementor-post__thumbnail\"><img loading=\"lazy\" decoding=\"async\" width=\"1080\" height=\"1350\" src=\"https:\/\/sooma.ca\/wp-content\/uploads\/2025\/10\/1.png\" class=\"attachment-full size-full wp-image-9670\" alt=\"\" srcset=\"https:\/\/sooma.ca\/wp-content\/uploads\/2025\/10\/1.png 1080w, https:\/\/sooma.ca\/wp-content\/uploads\/2025\/10\/1-240x300.png 240w, https:\/\/sooma.ca\/wp-content\/uploads\/2025\/10\/1-819x1024.png 819w, https:\/\/sooma.ca\/wp-content\/uploads\/2025\/10\/1-768x960.png 768w\" sizes=\"(max-width: 1080px) 100vw, 1080px\" \/><\/div><\/a>\n\t\t\t\t<div class=\"elementor-post__text\">\n\t\t\t\t<h3 class=\"elementor-post__title\">\n\t\t\t<a href=\"https:\/\/sooma.ca\/fr\/les-neurotransmetteurs-et-les-troubles-alimentaires\/\">\n\t\t\t\tLes Neurotransmetteurs et les Troubles Alimentaires\t\t\t<\/a>\n\t\t<\/h3>\n\t\t\n\t\t<a class=\"elementor-post__read-more\" href=\"https:\/\/sooma.ca\/fr\/les-neurotransmetteurs-et-les-troubles-alimentaires\/\" aria-label=\"En savoir plus sur Les Neurotransmetteurs et les Troubles Alimentaires\" tabindex=\"-1\">\n\t\t\tRead More \u00bb\t\t<\/a>\n\n\t\t\t\t<\/div>\n\t\t\t\t\t<\/div>\n\t\t<\/article>\n\t\t\t\t<article class=\"elementor-post elementor-grid-item post-9397 post type-post status-publish format-standard has-post-thumbnail hentry category-alimentation-intuitive tag-ai tag-alimentation-intuitive tag-faim-et-satiete tag-nutrition-douce tag-relation-saine-avec-la-nourriture\" role=\"listitem\">\n\t\t\t<div class=\"elementor-post__card\">\n\t\t\t\t<a class=\"elementor-post__thumbnail__link\" href=\"https:\/\/sooma.ca\/fr\/lalimentation-intuitive-est-elle-faite-pour-vous-adapter-lai-a-votre-vie\/\" tabindex=\"-1\"><div class=\"elementor-post__thumbnail\"><img loading=\"lazy\" decoding=\"async\" width=\"1080\" height=\"1080\" src=\"https:\/\/sooma.ca\/wp-content\/uploads\/2025\/10\/7.png\" class=\"attachment-full size-full wp-image-9372\" alt=\"\" srcset=\"https:\/\/sooma.ca\/wp-content\/uploads\/2025\/10\/7.png 1080w, https:\/\/sooma.ca\/wp-content\/uploads\/2025\/10\/7-300x300.png 300w, https:\/\/sooma.ca\/wp-content\/uploads\/2025\/10\/7-1024x1024.png 1024w, https:\/\/sooma.ca\/wp-content\/uploads\/2025\/10\/7-150x150.png 150w, https:\/\/sooma.ca\/wp-content\/uploads\/2025\/10\/7-768x768.png 768w\" sizes=\"(max-width: 1080px) 100vw, 1080px\" \/><\/div><\/a>\n\t\t\t\t<div class=\"elementor-post__text\">\n\t\t\t\t<h3 class=\"elementor-post__title\">\n\t\t\t<a href=\"https:\/\/sooma.ca\/fr\/lalimentation-intuitive-est-elle-faite-pour-vous-adapter-lai-a-votre-vie\/\">\n\t\t\t\tL&rsquo;alimentation intuitive est-elle faite pour vous ? Adapter l&rsquo;AI \u00e0 votre vie\t\t\t<\/a>\n\t\t<\/h3>\n\t\t\n\t\t<a class=\"elementor-post__read-more\" href=\"https:\/\/sooma.ca\/fr\/lalimentation-intuitive-est-elle-faite-pour-vous-adapter-lai-a-votre-vie\/\" aria-label=\"En savoir plus sur L&rsquo;alimentation intuitive est-elle faite pour vous ? Adapter l&rsquo;AI \u00e0 votre vie\" tabindex=\"-1\">\n\t\t\tRead More \u00bb\t\t<\/a>\n\n\t\t\t\t<\/div>\n\t\t\t\t\t<\/div>\n\t\t<\/article>\n\t\t\t\t<article class=\"elementor-post elementor-grid-item post-9184 post type-post status-publish format-standard has-post-thumbnail hentry category-trouble-alimentaire tag-aide tag-signes-des-troubles-alimentaires tag-tca tag-trouble-alimentaire tag-troubles-alimentaires\" role=\"listitem\">\n\t\t\t<div class=\"elementor-post__card\">\n\t\t\t\t<a class=\"elementor-post__thumbnail__link\" href=\"https:\/\/sooma.ca\/fr\/ai-je-un-trouble-alimentaire-comprendre-les-signes-et-demander-de-laide\/\" tabindex=\"-1\"><div class=\"elementor-post__thumbnail\"><img loading=\"lazy\" decoding=\"async\" width=\"1080\" height=\"1080\" src=\"https:\/\/sooma.ca\/wp-content\/uploads\/2025\/09\/Blog-Pics-.png\" class=\"attachment-full size-full wp-image-9212\" alt=\"\" srcset=\"https:\/\/sooma.ca\/wp-content\/uploads\/2025\/09\/Blog-Pics-.png 1080w, https:\/\/sooma.ca\/wp-content\/uploads\/2025\/09\/Blog-Pics--300x300.png 300w, https:\/\/sooma.ca\/wp-content\/uploads\/2025\/09\/Blog-Pics--1024x1024.png 1024w, https:\/\/sooma.ca\/wp-content\/uploads\/2025\/09\/Blog-Pics--150x150.png 150w, https:\/\/sooma.ca\/wp-content\/uploads\/2025\/09\/Blog-Pics--768x768.png 768w\" sizes=\"(max-width: 1080px) 100vw, 1080px\" \/><\/div><\/a>\n\t\t\t\t<div class=\"elementor-post__text\">\n\t\t\t\t<h3 class=\"elementor-post__title\">\n\t\t\t<a href=\"https:\/\/sooma.ca\/fr\/ai-je-un-trouble-alimentaire-comprendre-les-signes-et-demander-de-laide\/\">\n\t\t\t\tAi-je un trouble alimentaire? Comprendre les signes et demander de l\u2019aide\t\t\t<\/a>\n\t\t<\/h3>\n\t\t\n\t\t<a class=\"elementor-post__read-more\" href=\"https:\/\/sooma.ca\/fr\/ai-je-un-trouble-alimentaire-comprendre-les-signes-et-demander-de-laide\/\" aria-label=\"En savoir plus sur Ai-je un trouble alimentaire? Comprendre les signes et demander de l\u2019aide\" tabindex=\"-1\">\n\t\t\tRead More \u00bb\t\t<\/a>\n\n\t\t\t\t<\/div>\n\t\t\t\t\t<\/div>\n\t\t<\/article>\n\t\t\t\t<article class=\"elementor-post elementor-grid-item post-8706 post type-post status-publish format-standard has-post-thumbnail hentry category-arfid-2 category-trouble-alimentaire tag-arfid tag-enchainement-alimentaire tag-trouble-alimentaire tag-trouble-devitement-alimentaire\" role=\"listitem\">\n\t\t\t<div class=\"elementor-post__card\">\n\t\t\t\t<a class=\"elementor-post__thumbnail__link\" href=\"https:\/\/sooma.ca\/fr\/votre-enfant-vit-des-defis-alimentaires-ou-souffre-darfid-trouble-devitement-restriction-de-lapport-alimentaire-avez-vous-essaye-lenchainement-alimentaire\/\" tabindex=\"-1\"><div class=\"elementor-post__thumbnail\"><img loading=\"lazy\" decoding=\"async\" width=\"1080\" height=\"1080\" src=\"https:\/\/sooma.ca\/wp-content\/uploads\/2025\/08\/5-1.png\" class=\"attachment-full size-full wp-image-8530\" alt=\"\" srcset=\"https:\/\/sooma.ca\/wp-content\/uploads\/2025\/08\/5-1.png 1080w, https:\/\/sooma.ca\/wp-content\/uploads\/2025\/08\/5-1-300x300.png 300w, https:\/\/sooma.ca\/wp-content\/uploads\/2025\/08\/5-1-1024x1024.png 1024w, https:\/\/sooma.ca\/wp-content\/uploads\/2025\/08\/5-1-150x150.png 150w, https:\/\/sooma.ca\/wp-content\/uploads\/2025\/08\/5-1-768x768.png 768w\" sizes=\"(max-width: 1080px) 100vw, 1080px\" \/><\/div><\/a>\n\t\t\t\t<div class=\"elementor-post__text\">\n\t\t\t\t<h3 class=\"elementor-post__title\">\n\t\t\t<a href=\"https:\/\/sooma.ca\/fr\/votre-enfant-vit-des-defis-alimentaires-ou-souffre-darfid-trouble-devitement-restriction-de-lapport-alimentaire-avez-vous-essaye-lenchainement-alimentaire\/\">\n\t\t\t\tVotre enfant vit des d\u00e9fis alimentaires ou souffre d\u2019ARFID (trouble d\u2019\u00e9vitement\/restriction de l\u2019apport alimentaire)? Avez-vous essay\u00e9\u00a0l\u2019encha\u00eenement alimentaire?\t\t\t<\/a>\n\t\t<\/h3>\n\t\t\n\t\t<a class=\"elementor-post__read-more\" href=\"https:\/\/sooma.ca\/fr\/votre-enfant-vit-des-defis-alimentaires-ou-souffre-darfid-trouble-devitement-restriction-de-lapport-alimentaire-avez-vous-essaye-lenchainement-alimentaire\/\" aria-label=\"En savoir plus sur Votre enfant vit des d\u00e9fis alimentaires ou souffre d\u2019ARFID (trouble d\u2019\u00e9vitement\/restriction de l\u2019apport alimentaire)? Avez-vous essay\u00e9\u00a0l\u2019encha\u00eenement alimentaire?\" tabindex=\"-1\">\n\t\t\tRead More \u00bb\t\t<\/a>\n\n\t\t\t\t<\/div>\n\t\t\t\t\t<\/div>\n\t\t<\/article>\n\t\t\t\t<article class=\"elementor-post elementor-grid-item post-8516 post type-post status-publish format-standard has-post-thumbnail hentry category-anorexie category-arfid-2 category-boulimie category-hyperphagie-boulimique category-trouble-alimentaire tag-insecurite-alimentaire tag-mythes tag-pauvrete tag-tca tag-trouble-alimentaire\" role=\"listitem\">\n\t\t\t<div class=\"elementor-post__card\">\n\t\t\t\t<a class=\"elementor-post__thumbnail__link\" href=\"https:\/\/sooma.ca\/fr\/comprendre-le-lien-entre-insecurite-alimentaire-et-troubles-du-comportement-alimentaire-3-faits-a-connaitre\/\" tabindex=\"-1\"><div class=\"elementor-post__thumbnail\"><img loading=\"lazy\" decoding=\"async\" width=\"1080\" height=\"1080\" src=\"https:\/\/sooma.ca\/wp-content\/uploads\/2025\/08\/Heading-2.png\" class=\"attachment-full size-full wp-image-8499\" alt=\"\" srcset=\"https:\/\/sooma.ca\/wp-content\/uploads\/2025\/08\/Heading-2.png 1080w, https:\/\/sooma.ca\/wp-content\/uploads\/2025\/08\/Heading-2-300x300.png 300w, https:\/\/sooma.ca\/wp-content\/uploads\/2025\/08\/Heading-2-1024x1024.png 1024w, https:\/\/sooma.ca\/wp-content\/uploads\/2025\/08\/Heading-2-150x150.png 150w, https:\/\/sooma.ca\/wp-content\/uploads\/2025\/08\/Heading-2-768x768.png 768w\" sizes=\"(max-width: 1080px) 100vw, 1080px\" \/><\/div><\/a>\n\t\t\t\t<div class=\"elementor-post__text\">\n\t\t\t\t<h3 class=\"elementor-post__title\">\n\t\t\t<a href=\"https:\/\/sooma.ca\/fr\/comprendre-le-lien-entre-insecurite-alimentaire-et-troubles-du-comportement-alimentaire-3-faits-a-connaitre\/\">\n\t\t\t\tComprendre le lien entre ins\u00e9curit\u00e9 alimentaire et troubles du comportement alimentaire : 3 faits \u00e0 conna\u00eetre\t\t\t<\/a>\n\t\t<\/h3>\n\t\t\n\t\t<a class=\"elementor-post__read-more\" href=\"https:\/\/sooma.ca\/fr\/comprendre-le-lien-entre-insecurite-alimentaire-et-troubles-du-comportement-alimentaire-3-faits-a-connaitre\/\" aria-label=\"En savoir plus sur Comprendre le lien entre ins\u00e9curit\u00e9 alimentaire et troubles du comportement alimentaire : 3 faits \u00e0 conna\u00eetre\" tabindex=\"-1\">\n\t\t\tRead More \u00bb\t\t<\/a>\n\n\t\t\t\t<\/div>\n\t\t\t\t\t<\/div>\n\t\t<\/article>\n\t\t\t\t<article class=\"elementor-post elementor-grid-item post-9279 post type-post status-publish format-standard has-post-thumbnail hentry category-alimentation-desordonee category-trouble-alimentaire tag-alimentation-desordonnes tag-alimentation-enfant tag-enfant tag-tca tag-trouble-alimentaire-chez-des-enfants tag-troubles-alimentaires\" role=\"listitem\">\n\t\t\t<div class=\"elementor-post__card\">\n\t\t\t\t<a class=\"elementor-post__thumbnail__link\" href=\"https:\/\/sooma.ca\/fr\/facons-rapides-de-savoir-si-votre-enfant-a-des-comportements-alimentaires-desordonnes-ou-un-trouble-alimentaire\/\" tabindex=\"-1\"><div class=\"elementor-post__thumbnail\"><img loading=\"lazy\" decoding=\"async\" width=\"1080\" height=\"1080\" src=\"https:\/\/sooma.ca\/wp-content\/uploads\/2025\/08\/1.png\" class=\"attachment-full size-full wp-image-8380\" alt=\"\" srcset=\"https:\/\/sooma.ca\/wp-content\/uploads\/2025\/08\/1.png 1080w, https:\/\/sooma.ca\/wp-content\/uploads\/2025\/08\/1-300x300.png 300w, https:\/\/sooma.ca\/wp-content\/uploads\/2025\/08\/1-1024x1024.png 1024w, https:\/\/sooma.ca\/wp-content\/uploads\/2025\/08\/1-150x150.png 150w, https:\/\/sooma.ca\/wp-content\/uploads\/2025\/08\/1-768x768.png 768w\" sizes=\"(max-width: 1080px) 100vw, 1080px\" \/><\/div><\/a>\n\t\t\t\t<div class=\"elementor-post__text\">\n\t\t\t\t<h3 class=\"elementor-post__title\">\n\t\t\t<a href=\"https:\/\/sooma.ca\/fr\/facons-rapides-de-savoir-si-votre-enfant-a-des-comportements-alimentaires-desordonnes-ou-un-trouble-alimentaire\/\">\n\t\t\t\tFa\u00e7ons rapides de savoir si votre enfant a des comportements alimentaires d\u00e9sordonn\u00e9s ou un trouble alimentaire\t\t\t<\/a>\n\t\t<\/h3>\n\t\t\n\t\t<a class=\"elementor-post__read-more\" href=\"https:\/\/sooma.ca\/fr\/facons-rapides-de-savoir-si-votre-enfant-a-des-comportements-alimentaires-desordonnes-ou-un-trouble-alimentaire\/\" aria-label=\"En savoir plus sur Fa\u00e7ons rapides de savoir si votre enfant a des comportements alimentaires d\u00e9sordonn\u00e9s ou un trouble alimentaire\" tabindex=\"-1\">\n\t\t\tRead More \u00bb\t\t<\/a>\n\n\t\t\t\t<\/div>\n\t\t\t\t\t<\/div>\n\t\t<\/article>\n\t\t\t\t<article class=\"elementor-post elementor-grid-item post-8044 post type-post status-publish format-standard has-post-thumbnail hentry category-alimentation-intuitive tag-alimentation-intuitive tag-culture-des-dietes tag-diete tag-nutrition tag-pleine-conscience tag-regime tag-voix-de-la-diete\" role=\"listitem\">\n\t\t\t<div class=\"elementor-post__card\">\n\t\t\t\t<a class=\"elementor-post__thumbnail__link\" href=\"https:\/\/sooma.ca\/fr\/comment-defier-les-voix-de-la-diete\/\" tabindex=\"-1\"><div class=\"elementor-post__thumbnail\"><img loading=\"lazy\" decoding=\"async\" width=\"1080\" height=\"1350\" src=\"https:\/\/sooma.ca\/wp-content\/uploads\/2025\/07\/Untitled-design-8.png\" class=\"attachment-full size-full wp-image-8045\" alt=\"\" srcset=\"https:\/\/sooma.ca\/wp-content\/uploads\/2025\/07\/Untitled-design-8.png 1080w, https:\/\/sooma.ca\/wp-content\/uploads\/2025\/07\/Untitled-design-8-240x300.png 240w, https:\/\/sooma.ca\/wp-content\/uploads\/2025\/07\/Untitled-design-8-819x1024.png 819w, https:\/\/sooma.ca\/wp-content\/uploads\/2025\/07\/Untitled-design-8-768x960.png 768w\" sizes=\"(max-width: 1080px) 100vw, 1080px\" \/><\/div><\/a>\n\t\t\t\t<div class=\"elementor-post__text\">\n\t\t\t\t<h3 class=\"elementor-post__title\">\n\t\t\t<a href=\"https:\/\/sooma.ca\/fr\/comment-defier-les-voix-de-la-diete\/\">\n\t\t\t\tComment D\u00e9fier les Voix de la Di\u00e8te\t\t\t<\/a>\n\t\t<\/h3>\n\t\t\n\t\t<a class=\"elementor-post__read-more\" href=\"https:\/\/sooma.ca\/fr\/comment-defier-les-voix-de-la-diete\/\" aria-label=\"En savoir plus sur Comment D\u00e9fier les Voix de la Di\u00e8te\" tabindex=\"-1\">\n\t\t\tRead More \u00bb\t\t<\/a>\n\n\t\t\t\t<\/div>\n\t\t\t\t\t<\/div>\n\t\t<\/article>\n\t\t\t\t<article class=\"elementor-post elementor-grid-item post-7416 post type-post status-publish format-standard has-post-thumbnail hentry category-alimentation-intuitive tag-alimentation-intuitive tag-nutrition tag-pleine-conscience tag-retablissement\" role=\"listitem\">\n\t\t\t<div class=\"elementor-post__card\">\n\t\t\t\t<a class=\"elementor-post__thumbnail__link\" href=\"https:\/\/sooma.ca\/fr\/la-pleine-conscience-en-nutrition\/\" tabindex=\"-1\"><div class=\"elementor-post__thumbnail\"><img loading=\"lazy\" decoding=\"async\" width=\"1080\" height=\"1080\" src=\"https:\/\/sooma.ca\/wp-content\/uploads\/2025\/07\/189.png\" class=\"attachment-full size-full wp-image-7417\" alt=\"\" srcset=\"https:\/\/sooma.ca\/wp-content\/uploads\/2025\/07\/189.png 1080w, https:\/\/sooma.ca\/wp-content\/uploads\/2025\/07\/189-300x300.png 300w, https:\/\/sooma.ca\/wp-content\/uploads\/2025\/07\/189-1024x1024.png 1024w, https:\/\/sooma.ca\/wp-content\/uploads\/2025\/07\/189-150x150.png 150w, https:\/\/sooma.ca\/wp-content\/uploads\/2025\/07\/189-768x768.png 768w\" sizes=\"(max-width: 1080px) 100vw, 1080px\" \/><\/div><\/a>\n\t\t\t\t<div class=\"elementor-post__text\">\n\t\t\t\t<h3 class=\"elementor-post__title\">\n\t\t\t<a href=\"https:\/\/sooma.ca\/fr\/la-pleine-conscience-en-nutrition\/\">\n\t\t\t\tLa pleine conscience en nutrition\t\t\t<\/a>\n\t\t<\/h3>\n\t\t\n\t\t<a class=\"elementor-post__read-more\" href=\"https:\/\/sooma.ca\/fr\/la-pleine-conscience-en-nutrition\/\" aria-label=\"En savoir plus sur La pleine conscience en nutrition\" tabindex=\"-1\">\n\t\t\tRead More \u00bb\t\t<\/a>\n\n\t\t\t\t<\/div>\n\t\t\t\t\t<\/div>\n\t\t<\/article>\n\t\t\t\t<article class=\"elementor-post elementor-grid-item post-7382 post type-post status-publish format-standard has-post-thumbnail hentry category-image-corporelle category-retablissement-des-troubles-alimentaires tag-acceptation tag-acceptation-de-soi tag-confiance tag-confiance-en-soi tag-image-corporelle tag-patinage-artistique tag-sport-competitif tag-tca\" role=\"listitem\">\n\t\t\t<div class=\"elementor-post__card\">\n\t\t\t\t<a class=\"elementor-post__thumbnail__link\" href=\"https:\/\/sooma.ca\/fr\/mon-histoire-le-sport-competitif-et-limage\/\" tabindex=\"-1\"><div class=\"elementor-post__thumbnail\"><img loading=\"lazy\" decoding=\"async\" width=\"1080\" height=\"1080\" src=\"https:\/\/sooma.ca\/wp-content\/uploads\/2025\/07\/105.png\" class=\"attachment-full size-full wp-image-6822\" alt=\"\" srcset=\"https:\/\/sooma.ca\/wp-content\/uploads\/2025\/07\/105.png 1080w, https:\/\/sooma.ca\/wp-content\/uploads\/2025\/07\/105-300x300.png 300w, https:\/\/sooma.ca\/wp-content\/uploads\/2025\/07\/105-1024x1024.png 1024w, https:\/\/sooma.ca\/wp-content\/uploads\/2025\/07\/105-150x150.png 150w, https:\/\/sooma.ca\/wp-content\/uploads\/2025\/07\/105-768x768.png 768w\" sizes=\"(max-width: 1080px) 100vw, 1080px\" \/><\/div><\/a>\n\t\t\t\t<div class=\"elementor-post__text\">\n\t\t\t\t<h3 class=\"elementor-post__title\">\n\t\t\t<a href=\"https:\/\/sooma.ca\/fr\/mon-histoire-le-sport-competitif-et-limage\/\">\n\t\t\t\tMon histoire: le sport comp\u00e9titif et l\u2019image\t\t\t<\/a>\n\t\t<\/h3>\n\t\t\n\t\t<a class=\"elementor-post__read-more\" href=\"https:\/\/sooma.ca\/fr\/mon-histoire-le-sport-competitif-et-limage\/\" aria-label=\"En savoir plus sur Mon histoire: le sport comp\u00e9titif et l\u2019image\" tabindex=\"-1\">\n\t\t\tRead More \u00bb\t\t<\/a>\n\n\t\t\t\t<\/div>\n\t\t\t\t\t<\/div>\n\t\t<\/article>\n\t\t\t\t<article class=\"elementor-post elementor-grid-item post-7381 post type-post status-publish format-standard has-post-thumbnail hentry category-retablissement-des-troubles-alimentaires tag-acceptation tag-acceptation-de-soi tag-confiance tag-confiance-en-soi\" role=\"listitem\">\n\t\t\t<div class=\"elementor-post__card\">\n\t\t\t\t<a class=\"elementor-post__thumbnail__link\" href=\"https:\/\/sooma.ca\/fr\/mon-histoire-vers-lacceptation\/\" tabindex=\"-1\"><div class=\"elementor-post__thumbnail\"><img loading=\"lazy\" decoding=\"async\" width=\"1080\" height=\"1080\" src=\"https:\/\/sooma.ca\/wp-content\/uploads\/2025\/07\/105.png\" class=\"attachment-full size-full wp-image-6822\" alt=\"\" srcset=\"https:\/\/sooma.ca\/wp-content\/uploads\/2025\/07\/105.png 1080w, https:\/\/sooma.ca\/wp-content\/uploads\/2025\/07\/105-300x300.png 300w, https:\/\/sooma.ca\/wp-content\/uploads\/2025\/07\/105-1024x1024.png 1024w, https:\/\/sooma.ca\/wp-content\/uploads\/2025\/07\/105-150x150.png 150w, https:\/\/sooma.ca\/wp-content\/uploads\/2025\/07\/105-768x768.png 768w\" sizes=\"(max-width: 1080px) 100vw, 1080px\" \/><\/div><\/a>\n\t\t\t\t<div class=\"elementor-post__text\">\n\t\t\t\t<h3 class=\"elementor-post__title\">\n\t\t\t<a href=\"https:\/\/sooma.ca\/fr\/mon-histoire-vers-lacceptation\/\">\n\t\t\t\tMon histoire: vers l\u2019acceptation\t\t\t<\/a>\n\t\t<\/h3>\n\t\t\n\t\t<a class=\"elementor-post__read-more\" href=\"https:\/\/sooma.ca\/fr\/mon-histoire-vers-lacceptation\/\" aria-label=\"En savoir plus sur Mon histoire: vers l\u2019acceptation\" tabindex=\"-1\">\n\t\t\tRead More \u00bb\t\t<\/a>\n\n\t\t\t\t<\/div>\n\t\t\t\t\t<\/div>\n\t\t<\/article>\n\t\t\t\t<article class=\"elementor-post elementor-grid-item post-7343 post type-post status-publish format-standard has-post-thumbnail hentry category-nutrition-sportive tag-alimenter-pour-performance tag-course tag-course-a-pied tag-glucides tag-marathon tag-performance-optimale tag-salimenter tag-surcharge-en-glucides\" role=\"listitem\">\n\t\t\t<div class=\"elementor-post__card\">\n\t\t\t\t<a class=\"elementor-post__thumbnail__link\" href=\"https:\/\/sooma.ca\/fr\/maitriser-la-surcharge-en-glucides-alimente-ton-epreuve-dendurance-pour-une-performance-optimale\/\" tabindex=\"-1\"><div class=\"elementor-post__thumbnail\"><img loading=\"lazy\" decoding=\"async\" width=\"1080\" height=\"1080\" src=\"https:\/\/sooma.ca\/wp-content\/uploads\/2025\/07\/183.png\" class=\"attachment-full size-full wp-image-7322\" alt=\"\" srcset=\"https:\/\/sooma.ca\/wp-content\/uploads\/2025\/07\/183.png 1080w, https:\/\/sooma.ca\/wp-content\/uploads\/2025\/07\/183-300x300.png 300w, https:\/\/sooma.ca\/wp-content\/uploads\/2025\/07\/183-1024x1024.png 1024w, https:\/\/sooma.ca\/wp-content\/uploads\/2025\/07\/183-150x150.png 150w, https:\/\/sooma.ca\/wp-content\/uploads\/2025\/07\/183-768x768.png 768w\" sizes=\"(max-width: 1080px) 100vw, 1080px\" \/><\/div><\/a>\n\t\t\t\t<div class=\"elementor-post__text\">\n\t\t\t\t<h3 class=\"elementor-post__title\">\n\t\t\t<a href=\"https:\/\/sooma.ca\/fr\/maitriser-la-surcharge-en-glucides-alimente-ton-epreuve-dendurance-pour-une-performance-optimale\/\">\n\t\t\t\tMa\u00eetriser la surcharge en glucides : Alimente ton \u00e9preuve d\u2019endurance pour une performance optimale\t\t\t<\/a>\n\t\t<\/h3>\n\t\t\n\t\t<a class=\"elementor-post__read-more\" href=\"https:\/\/sooma.ca\/fr\/maitriser-la-surcharge-en-glucides-alimente-ton-epreuve-dendurance-pour-une-performance-optimale\/\" aria-label=\"En savoir plus sur Ma\u00eetriser la surcharge en glucides : Alimente ton \u00e9preuve d\u2019endurance pour une performance optimale\" tabindex=\"-1\">\n\t\t\tRead More \u00bb\t\t<\/a>\n\n\t\t\t\t<\/div>\n\t\t\t\t\t<\/div>\n\t\t<\/article>\n\t\t\t\t<article class=\"elementor-post elementor-grid-item post-7308 post type-post status-publish format-standard has-post-thumbnail hentry category-image-corporelle tag-dysmorphie-corporelle tag-dysmorphie-musculaire tag-image-corporelle tag-tdc-p tag-trouble-dysmorphique-corporel\" role=\"listitem\">\n\t\t\t<div class=\"elementor-post__card\">\n\t\t\t\t<a class=\"elementor-post__thumbnail__link\" href=\"https:\/\/sooma.ca\/fr\/reflechir-aux-realites-la-lutte-contre-le-trouble-dysmorphique-corporel\/\" tabindex=\"-1\"><div class=\"elementor-post__thumbnail\"><img loading=\"lazy\" decoding=\"async\" width=\"1080\" height=\"1080\" src=\"https:\/\/sooma.ca\/wp-content\/uploads\/2025\/07\/177.png\" class=\"attachment-full size-full wp-image-7287\" alt=\"\" srcset=\"https:\/\/sooma.ca\/wp-content\/uploads\/2025\/07\/177.png 1080w, https:\/\/sooma.ca\/wp-content\/uploads\/2025\/07\/177-300x300.png 300w, https:\/\/sooma.ca\/wp-content\/uploads\/2025\/07\/177-1024x1024.png 1024w, https:\/\/sooma.ca\/wp-content\/uploads\/2025\/07\/177-150x150.png 150w, https:\/\/sooma.ca\/wp-content\/uploads\/2025\/07\/177-768x768.png 768w\" sizes=\"(max-width: 1080px) 100vw, 1080px\" \/><\/div><\/a>\n\t\t\t\t<div class=\"elementor-post__text\">\n\t\t\t\t<h3 class=\"elementor-post__title\">\n\t\t\t<a href=\"https:\/\/sooma.ca\/fr\/reflechir-aux-realites-la-lutte-contre-le-trouble-dysmorphique-corporel\/\">\n\t\t\t\tR\u00e9fl\u00e9chir aux r\u00e9alit\u00e9s : La lutte contre le trouble dysmorphique corporel\t\t\t<\/a>\n\t\t<\/h3>\n\t\t\n\t\t<a class=\"elementor-post__read-more\" href=\"https:\/\/sooma.ca\/fr\/reflechir-aux-realites-la-lutte-contre-le-trouble-dysmorphique-corporel\/\" aria-label=\"En savoir plus sur R\u00e9fl\u00e9chir aux r\u00e9alit\u00e9s : La lutte contre le trouble dysmorphique corporel\" tabindex=\"-1\">\n\t\t\tRead More \u00bb\t\t<\/a>\n\n\t\t\t\t<\/div>\n\t\t\t\t\t<\/div>\n\t\t<\/article>\n\t\t\t\t<article class=\"elementor-post elementor-grid-item post-7272 post type-post status-publish format-standard has-post-thumbnail hentry category-retablissement-des-troubles-alimentaires category-trouble-alimentaire tag-restauration-du-poids tag-retablissement tag-tca tag-trouble-alimentaire\" role=\"listitem\">\n\t\t\t<div class=\"elementor-post__card\">\n\t\t\t\t<a class=\"elementor-post__thumbnail__link\" href=\"https:\/\/sooma.ca\/fr\/lanalogie-de-lusine-expliquer-le-concept-de-la-restauration-du-poids\/\" tabindex=\"-1\"><div class=\"elementor-post__thumbnail\"><img loading=\"lazy\" decoding=\"async\" width=\"1080\" height=\"1080\" src=\"https:\/\/sooma.ca\/wp-content\/uploads\/2025\/07\/171.png\" class=\"attachment-full size-full wp-image-7249\" alt=\"\" srcset=\"https:\/\/sooma.ca\/wp-content\/uploads\/2025\/07\/171.png 1080w, https:\/\/sooma.ca\/wp-content\/uploads\/2025\/07\/171-300x300.png 300w, https:\/\/sooma.ca\/wp-content\/uploads\/2025\/07\/171-1024x1024.png 1024w, https:\/\/sooma.ca\/wp-content\/uploads\/2025\/07\/171-150x150.png 150w, https:\/\/sooma.ca\/wp-content\/uploads\/2025\/07\/171-768x768.png 768w\" sizes=\"(max-width: 1080px) 100vw, 1080px\" \/><\/div><\/a>\n\t\t\t\t<div class=\"elementor-post__text\">\n\t\t\t\t<h3 class=\"elementor-post__title\">\n\t\t\t<a href=\"https:\/\/sooma.ca\/fr\/lanalogie-de-lusine-expliquer-le-concept-de-la-restauration-du-poids\/\">\n\t\t\t\tL\u2019Analogie de l\u2019Usine \u2013 Expliquer le concept de la restauration du poids\t\t\t<\/a>\n\t\t<\/h3>\n\t\t\n\t\t<a class=\"elementor-post__read-more\" href=\"https:\/\/sooma.ca\/fr\/lanalogie-de-lusine-expliquer-le-concept-de-la-restauration-du-poids\/\" aria-label=\"En savoir plus sur L\u2019Analogie de l\u2019Usine \u2013 Expliquer le concept de la restauration du poids\" tabindex=\"-1\">\n\t\t\tRead More \u00bb\t\t<\/a>\n\n\t\t\t\t<\/div>\n\t\t\t\t\t<\/div>\n\t\t<\/article>\n\t\t\t\t<article class=\"elementor-post elementor-grid-item post-7236 post type-post status-publish format-standard has-post-thumbnail hentry category-alimentation-desordonee category-trouble-alimentaire tag-aliment-interdit tag-niveaux-de-faim tag-peur-de-manger tag-tca tag-trouble-alimentaire\" role=\"listitem\">\n\t\t\t<div class=\"elementor-post__card\">\n\t\t\t\t<a class=\"elementor-post__thumbnail__link\" href=\"https:\/\/sooma.ca\/fr\/quest-ce-quun-aliment-interdit-partie-1-la-notion-dun-aliment-interdit\/\" tabindex=\"-1\"><div class=\"elementor-post__thumbnail\"><img loading=\"lazy\" decoding=\"async\" width=\"1080\" height=\"1080\" src=\"https:\/\/sooma.ca\/wp-content\/uploads\/2025\/07\/166.png\" class=\"attachment-full size-full wp-image-7217\" alt=\"forbidden food\" srcset=\"https:\/\/sooma.ca\/wp-content\/uploads\/2025\/07\/166.png 1080w, https:\/\/sooma.ca\/wp-content\/uploads\/2025\/07\/166-300x300.png 300w, https:\/\/sooma.ca\/wp-content\/uploads\/2025\/07\/166-1024x1024.png 1024w, https:\/\/sooma.ca\/wp-content\/uploads\/2025\/07\/166-150x150.png 150w, https:\/\/sooma.ca\/wp-content\/uploads\/2025\/07\/166-768x768.png 768w\" sizes=\"(max-width: 1080px) 100vw, 1080px\" \/><\/div><\/a>\n\t\t\t\t<div class=\"elementor-post__text\">\n\t\t\t\t<h3 class=\"elementor-post__title\">\n\t\t\t<a href=\"https:\/\/sooma.ca\/fr\/quest-ce-quun-aliment-interdit-partie-1-la-notion-dun-aliment-interdit\/\">\n\t\t\t\tQu\u2019est-ce qu\u2019un aliment interdit ? Partie 1 : La notion d\u2019un aliment interdit\t\t\t<\/a>\n\t\t<\/h3>\n\t\t\n\t\t<a class=\"elementor-post__read-more\" href=\"https:\/\/sooma.ca\/fr\/quest-ce-quun-aliment-interdit-partie-1-la-notion-dun-aliment-interdit\/\" aria-label=\"En savoir plus sur Qu\u2019est-ce qu\u2019un aliment interdit ? Partie 1 : La notion d\u2019un aliment interdit\" tabindex=\"-1\">\n\t\t\tRead More \u00bb\t\t<\/a>\n\n\t\t\t\t<\/div>\n\t\t\t\t\t<\/div>\n\t\t<\/article>\n\t\t\t\t<article class=\"elementor-post elementor-grid-item post-7200 post type-post status-publish format-standard has-post-thumbnail hentry category-arfid-2 category-trouble-alimentaire tag-arfid-3 tag-evitement-sensoriel-des-aliments tag-neurodivergence-2 tag-preferences-alimentaire-ou-arfid\" role=\"listitem\">\n\t\t\t<div class=\"elementor-post__card\">\n\t\t\t\t<a class=\"elementor-post__thumbnail__link\" href=\"https:\/\/sooma.ca\/fr\/arfid-ou-preferences-alimentaires-3-facons-de-faire-la-difference-entre-les-deux\/\" tabindex=\"-1\"><div class=\"elementor-post__thumbnail\"><img loading=\"lazy\" decoding=\"async\" width=\"1080\" height=\"1080\" src=\"https:\/\/sooma.ca\/wp-content\/uploads\/2025\/07\/161.png\" class=\"attachment-full size-full wp-image-7181\" alt=\"\" srcset=\"https:\/\/sooma.ca\/wp-content\/uploads\/2025\/07\/161.png 1080w, https:\/\/sooma.ca\/wp-content\/uploads\/2025\/07\/161-300x300.png 300w, https:\/\/sooma.ca\/wp-content\/uploads\/2025\/07\/161-1024x1024.png 1024w, https:\/\/sooma.ca\/wp-content\/uploads\/2025\/07\/161-150x150.png 150w, https:\/\/sooma.ca\/wp-content\/uploads\/2025\/07\/161-768x768.png 768w\" sizes=\"(max-width: 1080px) 100vw, 1080px\" \/><\/div><\/a>\n\t\t\t\t<div class=\"elementor-post__text\">\n\t\t\t\t<h3 class=\"elementor-post__title\">\n\t\t\t<a href=\"https:\/\/sooma.ca\/fr\/arfid-ou-preferences-alimentaires-3-facons-de-faire-la-difference-entre-les-deux\/\">\n\t\t\t\tARFID ou pr\u00e9f\u00e9rences alimentaires? 3 fa\u00e7ons de faire la diff\u00e9rence entre les deux\t\t\t<\/a>\n\t\t<\/h3>\n\t\t\n\t\t<a class=\"elementor-post__read-more\" href=\"https:\/\/sooma.ca\/fr\/arfid-ou-preferences-alimentaires-3-facons-de-faire-la-difference-entre-les-deux\/\" aria-label=\"En savoir plus sur ARFID ou pr\u00e9f\u00e9rences alimentaires? 3 fa\u00e7ons de faire la diff\u00e9rence entre les deux\" tabindex=\"-1\">\n\t\t\tRead More \u00bb\t\t<\/a>\n\n\t\t\t\t<\/div>\n\t\t\t\t\t<\/div>\n\t\t<\/article>\n\t\t\t\t<article class=\"elementor-post elementor-grid-item post-7157 post type-post status-publish format-standard has-post-thumbnail hentry category-alimentation-intuitive category-retablissement-des-troubles-alimentaires tag-balados tag-manger-intuitivement tag-podcasts tag-relation-saine-avec-la-nourriture\" role=\"listitem\">\n\t\t\t<div class=\"elementor-post__card\">\n\t\t\t\t<a class=\"elementor-post__thumbnail__link\" href=\"https:\/\/sooma.ca\/fr\/developpement-personnel-10-podcasts-animes-par-des-professionnels-aguerris-pour-une-relation-plus-saine-avec-la-nourriture\/\" tabindex=\"-1\"><div class=\"elementor-post__thumbnail\"><img loading=\"lazy\" decoding=\"async\" width=\"1080\" height=\"1080\" src=\"https:\/\/sooma.ca\/wp-content\/uploads\/2025\/07\/158.png\" class=\"attachment-full size-full wp-image-7158\" alt=\"\" srcset=\"https:\/\/sooma.ca\/wp-content\/uploads\/2025\/07\/158.png 1080w, https:\/\/sooma.ca\/wp-content\/uploads\/2025\/07\/158-300x300.png 300w, https:\/\/sooma.ca\/wp-content\/uploads\/2025\/07\/158-1024x1024.png 1024w, https:\/\/sooma.ca\/wp-content\/uploads\/2025\/07\/158-150x150.png 150w, https:\/\/sooma.ca\/wp-content\/uploads\/2025\/07\/158-768x768.png 768w\" sizes=\"(max-width: 1080px) 100vw, 1080px\" \/><\/div><\/a>\n\t\t\t\t<div class=\"elementor-post__text\">\n\t\t\t\t<h3 class=\"elementor-post__title\">\n\t\t\t<a href=\"https:\/\/sooma.ca\/fr\/developpement-personnel-10-podcasts-animes-par-des-professionnels-aguerris-pour-une-relation-plus-saine-avec-la-nourriture\/\">\n\t\t\t\tD\u00e9veloppement personnel : 10 podcasts anim\u00e9s par des professionnels aguerris pour une relation plus saine avec la nourriture\t\t\t<\/a>\n\t\t<\/h3>\n\t\t\n\t\t<a class=\"elementor-post__read-more\" href=\"https:\/\/sooma.ca\/fr\/developpement-personnel-10-podcasts-animes-par-des-professionnels-aguerris-pour-une-relation-plus-saine-avec-la-nourriture\/\" aria-label=\"En savoir plus sur D\u00e9veloppement personnel : 10 podcasts anim\u00e9s par des professionnels aguerris pour une relation plus saine avec la nourriture\" tabindex=\"-1\">\n\t\t\tRead More \u00bb\t\t<\/a>\n\n\t\t\t\t<\/div>\n\t\t\t\t\t<\/div>\n\t\t<\/article>\n\t\t\t\t<article class=\"elementor-post elementor-grid-item post-7146 post type-post status-publish format-standard has-post-thumbnail hentry category-alimentation-intuitive category-retablissement-des-troubles-alimentaires tag-etre-plein tag-faim tag-niveaux-de-faim tag-plein tag-retablissement tag-retablissement-tca tag-satiete tag-tca tag-trouble-alimentaire\" role=\"listitem\">\n\t\t\t<div class=\"elementor-post__card\">\n\t\t\t\t<a class=\"elementor-post__thumbnail__link\" href=\"https:\/\/sooma.ca\/fr\/comment-savoir-si-vous-etes-plein-explorer-les-differents-niveaux-de-satiete\/\" tabindex=\"-1\"><div class=\"elementor-post__thumbnail\"><img loading=\"lazy\" decoding=\"async\" width=\"1080\" height=\"1080\" src=\"https:\/\/sooma.ca\/wp-content\/uploads\/2025\/07\/153.png\" class=\"attachment-full size-full wp-image-7127\" alt=\"\" srcset=\"https:\/\/sooma.ca\/wp-content\/uploads\/2025\/07\/153.png 1080w, https:\/\/sooma.ca\/wp-content\/uploads\/2025\/07\/153-300x300.png 300w, https:\/\/sooma.ca\/wp-content\/uploads\/2025\/07\/153-1024x1024.png 1024w, https:\/\/sooma.ca\/wp-content\/uploads\/2025\/07\/153-150x150.png 150w, https:\/\/sooma.ca\/wp-content\/uploads\/2025\/07\/153-768x768.png 768w\" sizes=\"(max-width: 1080px) 100vw, 1080px\" \/><\/div><\/a>\n\t\t\t\t<div class=\"elementor-post__text\">\n\t\t\t\t<h3 class=\"elementor-post__title\">\n\t\t\t<a href=\"https:\/\/sooma.ca\/fr\/comment-savoir-si-vous-etes-plein-explorer-les-differents-niveaux-de-satiete\/\">\n\t\t\t\tComment savoir si vous \u00eates plein \u2013 Explorer les diff\u00e9rents niveaux de sati\u00e9t\u00e9\t\t\t<\/a>\n\t\t<\/h3>\n\t\t\n\t\t<a class=\"elementor-post__read-more\" href=\"https:\/\/sooma.ca\/fr\/comment-savoir-si-vous-etes-plein-explorer-les-differents-niveaux-de-satiete\/\" aria-label=\"En savoir plus sur Comment savoir si vous \u00eates plein \u2013 Explorer les diff\u00e9rents niveaux de sati\u00e9t\u00e9\" tabindex=\"-1\">\n\t\t\tRead More \u00bb\t\t<\/a>\n\n\t\t\t\t<\/div>\n\t\t\t\t\t<\/div>\n\t\t<\/article>\n\t\t\t\t<article class=\"elementor-post elementor-grid-item post-7108 post type-post status-publish format-standard has-post-thumbnail hentry category-retablissement-des-troubles-alimentaires tag-psychologie tag-retablissement tag-retablissement-tca tag-sante-mentale tag-tca tag-tcd tag-therapie tag-trouble-alimentaire\" role=\"listitem\">\n\t\t\t<div class=\"elementor-post__card\">\n\t\t\t\t<a class=\"elementor-post__thumbnail__link\" href=\"https:\/\/sooma.ca\/fr\/la-tcd-et-comment-elle-peut-aider-a-la-guerison-des-troubles-alimentaires\/\" tabindex=\"-1\"><div class=\"elementor-post__thumbnail\"><img loading=\"lazy\" decoding=\"async\" width=\"1080\" height=\"1080\" src=\"https:\/\/sooma.ca\/wp-content\/uploads\/2025\/07\/148.png\" class=\"attachment-full size-full wp-image-7087\" alt=\"\" srcset=\"https:\/\/sooma.ca\/wp-content\/uploads\/2025\/07\/148.png 1080w, https:\/\/sooma.ca\/wp-content\/uploads\/2025\/07\/148-300x300.png 300w, https:\/\/sooma.ca\/wp-content\/uploads\/2025\/07\/148-1024x1024.png 1024w, https:\/\/sooma.ca\/wp-content\/uploads\/2025\/07\/148-150x150.png 150w, https:\/\/sooma.ca\/wp-content\/uploads\/2025\/07\/148-768x768.png 768w\" sizes=\"(max-width: 1080px) 100vw, 1080px\" \/><\/div><\/a>\n\t\t\t\t<div class=\"elementor-post__text\">\n\t\t\t\t<h3 class=\"elementor-post__title\">\n\t\t\t<a href=\"https:\/\/sooma.ca\/fr\/la-tcd-et-comment-elle-peut-aider-a-la-guerison-des-troubles-alimentaires\/\">\n\t\t\t\tLa TCD et comment elle peut aider \u00e0 la gu\u00e9rison des troubles alimentaires\t\t\t<\/a>\n\t\t<\/h3>\n\t\t\n\t\t<a class=\"elementor-post__read-more\" href=\"https:\/\/sooma.ca\/fr\/la-tcd-et-comment-elle-peut-aider-a-la-guerison-des-troubles-alimentaires\/\" aria-label=\"En savoir plus sur La TCD et comment elle peut aider \u00e0 la gu\u00e9rison des troubles alimentaires\" tabindex=\"-1\">\n\t\t\tRead More \u00bb\t\t<\/a>\n\n\t\t\t\t<\/div>\n\t\t\t\t\t<\/div>\n\t\t<\/article>\n\t\t\t\t<article class=\"elementor-post elementor-grid-item post-7073 post type-post status-publish format-standard has-post-thumbnail hentry category-retablissement-des-troubles-alimentaires tag-faim tag-niveaux-de-faim tag-retablissement tag-retablissement-tca tag-satiete tag-tca tag-trouble-alimentaire\" role=\"listitem\">\n\t\t\t<div class=\"elementor-post__card\">\n\t\t\t\t<a class=\"elementor-post__thumbnail__link\" href=\"https:\/\/sooma.ca\/fr\/comprendre-sa-faim-naviguer-entre-les-differents-niveaux-de-faim\/\" tabindex=\"-1\"><div class=\"elementor-post__thumbnail\"><img loading=\"lazy\" decoding=\"async\" width=\"1080\" height=\"1080\" src=\"https:\/\/sooma.ca\/wp-content\/uploads\/2025\/07\/140.png\" class=\"attachment-full size-full wp-image-7047\" alt=\"\" srcset=\"https:\/\/sooma.ca\/wp-content\/uploads\/2025\/07\/140.png 1080w, https:\/\/sooma.ca\/wp-content\/uploads\/2025\/07\/140-300x300.png 300w, https:\/\/sooma.ca\/wp-content\/uploads\/2025\/07\/140-1024x1024.png 1024w, https:\/\/sooma.ca\/wp-content\/uploads\/2025\/07\/140-150x150.png 150w, https:\/\/sooma.ca\/wp-content\/uploads\/2025\/07\/140-768x768.png 768w\" sizes=\"(max-width: 1080px) 100vw, 1080px\" \/><\/div><\/a>\n\t\t\t\t<div class=\"elementor-post__text\">\n\t\t\t\t<h3 class=\"elementor-post__title\">\n\t\t\t<a href=\"https:\/\/sooma.ca\/fr\/comprendre-sa-faim-naviguer-entre-les-differents-niveaux-de-faim\/\">\n\t\t\t\tComprendre sa faim \u2013 naviguer entre les diff\u00e9rents niveaux de faim\t\t\t<\/a>\n\t\t<\/h3>\n\t\t\n\t\t<a class=\"elementor-post__read-more\" href=\"https:\/\/sooma.ca\/fr\/comprendre-sa-faim-naviguer-entre-les-differents-niveaux-de-faim\/\" aria-label=\"En savoir plus sur Comprendre sa faim \u2013 naviguer entre les diff\u00e9rents niveaux de faim\" tabindex=\"-1\">\n\t\t\tRead More \u00bb\t\t<\/a>\n\n\t\t\t\t<\/div>\n\t\t\t\t\t<\/div>\n\t\t<\/article>\n\t\t\t\t<article class=\"elementor-post elementor-grid-item post-7033 post type-post status-publish format-standard has-post-thumbnail hentry category-retablissement-des-troubles-alimentaires tag-anorexie tag-boulimie tag-hyperphagie tag-hyperphagie-boulimique tag-retablissement tag-retablissement-tca tag-tca tag-trouble-alimentaire\" role=\"listitem\">\n\t\t\t<div class=\"elementor-post__card\">\n\t\t\t\t<a class=\"elementor-post__thumbnail__link\" href=\"https:\/\/sooma.ca\/fr\/partie-4-comment-le-retablissement-dun-trouble-alimentaire-peut-aider\/\" tabindex=\"-1\"><div class=\"elementor-post__thumbnail\"><img loading=\"lazy\" decoding=\"async\" width=\"1080\" height=\"1080\" src=\"https:\/\/sooma.ca\/wp-content\/uploads\/2025\/07\/137.png\" class=\"attachment-full size-full wp-image-7018\" alt=\"\" srcset=\"https:\/\/sooma.ca\/wp-content\/uploads\/2025\/07\/137.png 1080w, https:\/\/sooma.ca\/wp-content\/uploads\/2025\/07\/137-300x300.png 300w, https:\/\/sooma.ca\/wp-content\/uploads\/2025\/07\/137-1024x1024.png 1024w, https:\/\/sooma.ca\/wp-content\/uploads\/2025\/07\/137-150x150.png 150w, https:\/\/sooma.ca\/wp-content\/uploads\/2025\/07\/137-768x768.png 768w\" sizes=\"(max-width: 1080px) 100vw, 1080px\" \/><\/div><\/a>\n\t\t\t\t<div class=\"elementor-post__text\">\n\t\t\t\t<h3 class=\"elementor-post__title\">\n\t\t\t<a href=\"https:\/\/sooma.ca\/fr\/partie-4-comment-le-retablissement-dun-trouble-alimentaire-peut-aider\/\">\n\t\t\t\tPartie 4 : Comment le r\u00e9tablissement d\u2019un trouble alimentaire peut aider\t\t\t<\/a>\n\t\t<\/h3>\n\t\t\n\t\t<a class=\"elementor-post__read-more\" href=\"https:\/\/sooma.ca\/fr\/partie-4-comment-le-retablissement-dun-trouble-alimentaire-peut-aider\/\" aria-label=\"En savoir plus sur Partie 4 : Comment le r\u00e9tablissement d\u2019un trouble alimentaire peut aider\" tabindex=\"-1\">\n\t\t\tRead More \u00bb\t\t<\/a>\n\n\t\t\t\t<\/div>\n\t\t\t\t\t<\/div>\n\t\t<\/article>\n\t\t\t\t<article class=\"elementor-post elementor-grid-item post-6995 post type-post status-publish format-standard has-post-thumbnail hentry category-hyperphagie-boulimique category-trouble-alimentaire tag-boulimie tag-crises-dhyperphagie tag-hyperphagie tag-hyperphagie-boulimique tag-manger-en-ecces tag-tca tag-trouble-alimentaire\" role=\"listitem\">\n\t\t\t<div class=\"elementor-post__card\">\n\t\t\t\t<a class=\"elementor-post__thumbnail__link\" href=\"https:\/\/sooma.ca\/fr\/partie-3-les-consequences-de-lhyperphagie-boulimique\/\" tabindex=\"-1\"><div class=\"elementor-post__thumbnail\"><img loading=\"lazy\" decoding=\"async\" width=\"1080\" height=\"1080\" src=\"https:\/\/sooma.ca\/wp-content\/uploads\/2025\/07\/130.png\" class=\"attachment-full size-full wp-image-6982\" alt=\"\" srcset=\"https:\/\/sooma.ca\/wp-content\/uploads\/2025\/07\/130.png 1080w, https:\/\/sooma.ca\/wp-content\/uploads\/2025\/07\/130-300x300.png 300w, https:\/\/sooma.ca\/wp-content\/uploads\/2025\/07\/130-1024x1024.png 1024w, https:\/\/sooma.ca\/wp-content\/uploads\/2025\/07\/130-150x150.png 150w, https:\/\/sooma.ca\/wp-content\/uploads\/2025\/07\/130-768x768.png 768w\" sizes=\"(max-width: 1080px) 100vw, 1080px\" \/><\/div><\/a>\n\t\t\t\t<div class=\"elementor-post__text\">\n\t\t\t\t<h3 class=\"elementor-post__title\">\n\t\t\t<a href=\"https:\/\/sooma.ca\/fr\/partie-3-les-consequences-de-lhyperphagie-boulimique\/\">\n\t\t\t\tPartie 3 : Les cons\u00e9quences de l\u2019hyperphagie boulimique\t\t\t<\/a>\n\t\t<\/h3>\n\t\t\n\t\t<a class=\"elementor-post__read-more\" href=\"https:\/\/sooma.ca\/fr\/partie-3-les-consequences-de-lhyperphagie-boulimique\/\" aria-label=\"En savoir plus sur Partie 3 : Les cons\u00e9quences de l\u2019hyperphagie boulimique\" tabindex=\"-1\">\n\t\t\tRead More \u00bb\t\t<\/a>\n\n\t\t\t\t<\/div>\n\t\t\t\t\t<\/div>\n\t\t<\/article>\n\t\t\t\t<article class=\"elementor-post elementor-grid-item post-6967 post type-post status-publish format-standard has-post-thumbnail hentry category-boulimie category-trouble-alimentaire tag-boulimie tag-boulimie-nerveuse tag-exercice-compulsif tag-exercice-physique-excessif tag-laxative tag-purge tag-tca tag-trouble-alimentaire tag-vomissements-auto-induits-vai tag-vommissement\" role=\"listitem\">\n\t\t\t<div class=\"elementor-post__card\">\n\t\t\t\t<a class=\"elementor-post__thumbnail__link\" href=\"https:\/\/sooma.ca\/fr\/partie-2-les-consequences-de-la-boulimie-nerveuse\/\" tabindex=\"-1\"><div class=\"elementor-post__thumbnail\"><img loading=\"lazy\" decoding=\"async\" width=\"1080\" height=\"1080\" src=\"https:\/\/sooma.ca\/wp-content\/uploads\/2025\/07\/124.png\" class=\"attachment-full size-full wp-image-6942\" alt=\"\" srcset=\"https:\/\/sooma.ca\/wp-content\/uploads\/2025\/07\/124.png 1080w, https:\/\/sooma.ca\/wp-content\/uploads\/2025\/07\/124-300x300.png 300w, https:\/\/sooma.ca\/wp-content\/uploads\/2025\/07\/124-1024x1024.png 1024w, https:\/\/sooma.ca\/wp-content\/uploads\/2025\/07\/124-150x150.png 150w, https:\/\/sooma.ca\/wp-content\/uploads\/2025\/07\/124-768x768.png 768w\" sizes=\"(max-width: 1080px) 100vw, 1080px\" \/><\/div><\/a>\n\t\t\t\t<div class=\"elementor-post__text\">\n\t\t\t\t<h3 class=\"elementor-post__title\">\n\t\t\t<a href=\"https:\/\/sooma.ca\/fr\/partie-2-les-consequences-de-la-boulimie-nerveuse\/\">\n\t\t\t\tPartie 2 : Les cons\u00e9quences de la boulimie nerveuse\t\t\t<\/a>\n\t\t<\/h3>\n\t\t\n\t\t<a class=\"elementor-post__read-more\" href=\"https:\/\/sooma.ca\/fr\/partie-2-les-consequences-de-la-boulimie-nerveuse\/\" aria-label=\"En savoir plus sur Partie 2 : Les cons\u00e9quences de la boulimie nerveuse\" tabindex=\"-1\">\n\t\t\tRead More \u00bb\t\t<\/a>\n\n\t\t\t\t<\/div>\n\t\t\t\t\t<\/div>\n\t\t<\/article>\n\t\t\t\t<article class=\"elementor-post elementor-grid-item post-6929 post type-post status-publish format-standard has-post-thumbnail hentry category-nutrition-general tag-appetit tag-besoins-energetiques tag-manger-sans-appetit tag-nutrition\" role=\"listitem\">\n\t\t\t<div class=\"elementor-post__card\">\n\t\t\t\t<a class=\"elementor-post__thumbnail__link\" href=\"https:\/\/sooma.ca\/fr\/comment-repondre-a-vos-besoins-lorsque-vous-navez-pas-dappetit\/\" tabindex=\"-1\"><div class=\"elementor-post__thumbnail\"><img loading=\"lazy\" decoding=\"async\" width=\"1080\" height=\"1080\" src=\"https:\/\/sooma.ca\/wp-content\/uploads\/2025\/07\/117.png\" class=\"attachment-full size-full wp-image-6902\" alt=\"\" srcset=\"https:\/\/sooma.ca\/wp-content\/uploads\/2025\/07\/117.png 1080w, https:\/\/sooma.ca\/wp-content\/uploads\/2025\/07\/117-300x300.png 300w, https:\/\/sooma.ca\/wp-content\/uploads\/2025\/07\/117-1024x1024.png 1024w, https:\/\/sooma.ca\/wp-content\/uploads\/2025\/07\/117-150x150.png 150w, https:\/\/sooma.ca\/wp-content\/uploads\/2025\/07\/117-768x768.png 768w\" sizes=\"(max-width: 1080px) 100vw, 1080px\" \/><\/div><\/a>\n\t\t\t\t<div class=\"elementor-post__text\">\n\t\t\t\t<h3 class=\"elementor-post__title\">\n\t\t\t<a href=\"https:\/\/sooma.ca\/fr\/comment-repondre-a-vos-besoins-lorsque-vous-navez-pas-dappetit\/\">\n\t\t\t\tComment r\u00e9pondre \u00e0 vos besoins lorsque vous n\u2019avez pas d\u2019app\u00e9tit\t\t\t<\/a>\n\t\t<\/h3>\n\t\t\n\t\t<a class=\"elementor-post__read-more\" href=\"https:\/\/sooma.ca\/fr\/comment-repondre-a-vos-besoins-lorsque-vous-navez-pas-dappetit\/\" aria-label=\"En savoir plus sur Comment r\u00e9pondre \u00e0 vos besoins lorsque vous n\u2019avez pas d\u2019app\u00e9tit\" tabindex=\"-1\">\n\t\t\tRead More \u00bb\t\t<\/a>\n\n\t\t\t\t<\/div>\n\t\t\t\t\t<\/div>\n\t\t<\/article>\n\t\t\t\t<article class=\"elementor-post elementor-grid-item post-6886 post type-post status-publish format-standard has-post-thumbnail hentry category-anorexie category-trouble-alimentaire tag-anorexie tag-anorexie-mentale tag-exercice-compulsif tag-restriction-2 tag-tca tag-trouble-alimentaire\" role=\"listitem\">\n\t\t\t<div class=\"elementor-post__card\">\n\t\t\t\t<a class=\"elementor-post__thumbnail__link\" href=\"https:\/\/sooma.ca\/fr\/les-consequences-de-lanorexie\/\" tabindex=\"-1\"><div class=\"elementor-post__thumbnail\"><img loading=\"lazy\" decoding=\"async\" width=\"1080\" height=\"1080\" src=\"https:\/\/sooma.ca\/wp-content\/uploads\/2025\/07\/111.png\" class=\"attachment-full size-full wp-image-6865\" alt=\"\" srcset=\"https:\/\/sooma.ca\/wp-content\/uploads\/2025\/07\/111.png 1080w, https:\/\/sooma.ca\/wp-content\/uploads\/2025\/07\/111-300x300.png 300w, https:\/\/sooma.ca\/wp-content\/uploads\/2025\/07\/111-1024x1024.png 1024w, https:\/\/sooma.ca\/wp-content\/uploads\/2025\/07\/111-150x150.png 150w, https:\/\/sooma.ca\/wp-content\/uploads\/2025\/07\/111-768x768.png 768w\" sizes=\"(max-width: 1080px) 100vw, 1080px\" \/><\/div><\/a>\n\t\t\t\t<div class=\"elementor-post__text\">\n\t\t\t\t<h3 class=\"elementor-post__title\">\n\t\t\t<a href=\"https:\/\/sooma.ca\/fr\/les-consequences-de-lanorexie\/\">\n\t\t\t\tLes cons\u00e9quences de l\u2019anorexie\t\t\t<\/a>\n\t\t<\/h3>\n\t\t\n\t\t<a class=\"elementor-post__read-more\" href=\"https:\/\/sooma.ca\/fr\/les-consequences-de-lanorexie\/\" aria-label=\"En savoir plus sur Les cons\u00e9quences de l\u2019anorexie\" tabindex=\"-1\">\n\t\t\tRead More \u00bb\t\t<\/a>\n\n\t\t\t\t<\/div>\n\t\t\t\t\t<\/div>\n\t\t<\/article>\n\t\t\t\t<article class=\"elementor-post elementor-grid-item post-6854 post type-post status-publish format-standard has-post-thumbnail hentry category-retablissement-des-troubles-alimentaires tag-collaboration tag-soins-inclusifs tag-soins-tenant-compte-des-traumatismes tag-traumatisme\" role=\"listitem\">\n\t\t\t<div class=\"elementor-post__card\">\n\t\t\t\t<a class=\"elementor-post__thumbnail__link\" href=\"https:\/\/sooma.ca\/fr\/soins-tenant-compte-des-traumatismes-partie-2-soins-inclusifs\/\" tabindex=\"-1\"><div class=\"elementor-post__thumbnail\"><img loading=\"lazy\" decoding=\"async\" width=\"1080\" height=\"1080\" src=\"https:\/\/sooma.ca\/wp-content\/uploads\/2025\/07\/loss.png\" class=\"attachment-full size-full wp-image-6842\" alt=\"\" srcset=\"https:\/\/sooma.ca\/wp-content\/uploads\/2025\/07\/loss.png 1080w, https:\/\/sooma.ca\/wp-content\/uploads\/2025\/07\/loss-300x300.png 300w, https:\/\/sooma.ca\/wp-content\/uploads\/2025\/07\/loss-1024x1024.png 1024w, https:\/\/sooma.ca\/wp-content\/uploads\/2025\/07\/loss-150x150.png 150w, https:\/\/sooma.ca\/wp-content\/uploads\/2025\/07\/loss-768x768.png 768w\" sizes=\"(max-width: 1080px) 100vw, 1080px\" \/><\/div><\/a>\n\t\t\t\t<div class=\"elementor-post__text\">\n\t\t\t\t<h3 class=\"elementor-post__title\">\n\t\t\t<a href=\"https:\/\/sooma.ca\/fr\/soins-tenant-compte-des-traumatismes-partie-2-soins-inclusifs\/\">\n\t\t\t\tSoins tenant compte des traumatismes partie 2 \u2013 Soins inclusifs\t\t\t<\/a>\n\t\t<\/h3>\n\t\t\n\t\t<a class=\"elementor-post__read-more\" href=\"https:\/\/sooma.ca\/fr\/soins-tenant-compte-des-traumatismes-partie-2-soins-inclusifs\/\" aria-label=\"En savoir plus sur Soins tenant compte des traumatismes partie 2 \u2013 Soins inclusifs\" tabindex=\"-1\">\n\t\t\tRead More \u00bb\t\t<\/a>\n\n\t\t\t\t<\/div>\n\t\t\t\t\t<\/div>\n\t\t<\/article>\n\t\t\t\t<article class=\"elementor-post elementor-grid-item post-6816 post type-post status-publish format-standard has-post-thumbnail hentry category-culture-des-dietes tag-culture-des-dietes tag-regime tag-restriction-2\" role=\"listitem\">\n\t\t\t<div class=\"elementor-post__card\">\n\t\t\t\t<a class=\"elementor-post__thumbnail__link\" href=\"https:\/\/sooma.ca\/fr\/les-messages-caches-de-la-culture-des-dietes-sont-partout\/\" tabindex=\"-1\"><div class=\"elementor-post__thumbnail\"><img loading=\"lazy\" decoding=\"async\" width=\"1080\" height=\"1080\" src=\"https:\/\/sooma.ca\/wp-content\/uploads\/2025\/07\/102.png\" class=\"attachment-full size-full wp-image-6804\" alt=\"\" srcset=\"https:\/\/sooma.ca\/wp-content\/uploads\/2025\/07\/102.png 1080w, https:\/\/sooma.ca\/wp-content\/uploads\/2025\/07\/102-300x300.png 300w, https:\/\/sooma.ca\/wp-content\/uploads\/2025\/07\/102-1024x1024.png 1024w, https:\/\/sooma.ca\/wp-content\/uploads\/2025\/07\/102-150x150.png 150w, https:\/\/sooma.ca\/wp-content\/uploads\/2025\/07\/102-768x768.png 768w\" sizes=\"(max-width: 1080px) 100vw, 1080px\" \/><\/div><\/a>\n\t\t\t\t<div class=\"elementor-post__text\">\n\t\t\t\t<h3 class=\"elementor-post__title\">\n\t\t\t<a href=\"https:\/\/sooma.ca\/fr\/les-messages-caches-de-la-culture-des-dietes-sont-partout\/\">\n\t\t\t\tLes messages cach\u00e9s de la culture des di\u00e8tes sont partout\t\t\t<\/a>\n\t\t<\/h3>\n\t\t\n\t\t<a class=\"elementor-post__read-more\" href=\"https:\/\/sooma.ca\/fr\/les-messages-caches-de-la-culture-des-dietes-sont-partout\/\" aria-label=\"En savoir plus sur Les messages cach\u00e9s de la culture des di\u00e8tes sont partout\" tabindex=\"-1\">\n\t\t\tRead More \u00bb\t\t<\/a>\n\n\t\t\t\t<\/div>\n\t\t\t\t\t<\/div>\n\t\t<\/article>\n\t\t\t\t<article class=\"elementor-post elementor-grid-item post-6789 post type-post status-publish format-standard has-post-thumbnail hentry category-retablissement-des-troubles-alimentaires category-trouble-alimentaire tag-la-hutte tag-therapie tag-traitement-des-troubles-alimentation tag-traumatisme\" role=\"listitem\">\n\t\t\t<div class=\"elementor-post__card\">\n\t\t\t\t<a class=\"elementor-post__thumbnail__link\" href=\"https:\/\/sooma.ca\/fr\/la-hutte-une-analogie-fondee-sur-les-traumatismes-pour-les-troubles-de-lalimentation-et-leur-retablissement\/\" tabindex=\"-1\"><div class=\"elementor-post__thumbnail\"><img loading=\"lazy\" decoding=\"async\" width=\"1080\" height=\"1080\" src=\"https:\/\/sooma.ca\/wp-content\/uploads\/2025\/07\/100.png\" class=\"attachment-full size-full wp-image-6780\" alt=\"\" srcset=\"https:\/\/sooma.ca\/wp-content\/uploads\/2025\/07\/100.png 1080w, https:\/\/sooma.ca\/wp-content\/uploads\/2025\/07\/100-300x300.png 300w, https:\/\/sooma.ca\/wp-content\/uploads\/2025\/07\/100-1024x1024.png 1024w, https:\/\/sooma.ca\/wp-content\/uploads\/2025\/07\/100-150x150.png 150w, https:\/\/sooma.ca\/wp-content\/uploads\/2025\/07\/100-768x768.png 768w\" sizes=\"(max-width: 1080px) 100vw, 1080px\" \/><\/div><\/a>\n\t\t\t\t<div class=\"elementor-post__text\">\n\t\t\t\t<h3 class=\"elementor-post__title\">\n\t\t\t<a href=\"https:\/\/sooma.ca\/fr\/la-hutte-une-analogie-fondee-sur-les-traumatismes-pour-les-troubles-de-lalimentation-et-leur-retablissement\/\">\n\t\t\t\tLa Hutte \u2013 Une analogie fond\u00e9e sur les traumatismes pour les troubles de l\u2019alimentation et leur r\u00e9tablissement\t\t\t<\/a>\n\t\t<\/h3>\n\t\t\n\t\t<a class=\"elementor-post__read-more\" href=\"https:\/\/sooma.ca\/fr\/la-hutte-une-analogie-fondee-sur-les-traumatismes-pour-les-troubles-de-lalimentation-et-leur-retablissement\/\" aria-label=\"En savoir plus sur La Hutte \u2013 Une analogie fond\u00e9e sur les traumatismes pour les troubles de l\u2019alimentation et leur r\u00e9tablissement\" tabindex=\"-1\">\n\t\t\tRead More \u00bb\t\t<\/a>\n\n\t\t\t\t<\/div>\n\t\t\t\t\t<\/div>\n\t\t<\/article>\n\t\t\t\t<article class=\"elementor-post elementor-grid-item post-6730 post type-post status-publish format-standard has-post-thumbnail hentry category-trouble-alimentaire tag-aliments-culturels tag-aliments-interdits tag-fetes tag-hannukah-2 tag-kwanzaa-2 tag-noel tag-restriction-2\" role=\"listitem\">\n\t\t\t<div class=\"elementor-post__card\">\n\t\t\t\t<a class=\"elementor-post__thumbnail__link\" href=\"https:\/\/sooma.ca\/fr\/naviguer-les-aliments-culturels-lorsquils-sont-des-aliments-interdits\/\" tabindex=\"-1\"><div class=\"elementor-post__thumbnail\"><img loading=\"lazy\" decoding=\"async\" width=\"1080\" height=\"1080\" src=\"https:\/\/sooma.ca\/wp-content\/uploads\/2025\/07\/95.png\" class=\"attachment-full size-full wp-image-6694\" alt=\"\" srcset=\"https:\/\/sooma.ca\/wp-content\/uploads\/2025\/07\/95.png 1080w, https:\/\/sooma.ca\/wp-content\/uploads\/2025\/07\/95-300x300.png 300w, https:\/\/sooma.ca\/wp-content\/uploads\/2025\/07\/95-1024x1024.png 1024w, https:\/\/sooma.ca\/wp-content\/uploads\/2025\/07\/95-150x150.png 150w, https:\/\/sooma.ca\/wp-content\/uploads\/2025\/07\/95-768x768.png 768w\" sizes=\"(max-width: 1080px) 100vw, 1080px\" \/><\/div><\/a>\n\t\t\t\t<div class=\"elementor-post__text\">\n\t\t\t\t<h3 class=\"elementor-post__title\">\n\t\t\t<a href=\"https:\/\/sooma.ca\/fr\/naviguer-les-aliments-culturels-lorsquils-sont-des-aliments-interdits\/\">\n\t\t\t\tNaviguer les aliments culturels lorsqu\u2019ils sont des aliments interdits\t\t\t<\/a>\n\t\t<\/h3>\n\t\t\n\t\t<a class=\"elementor-post__read-more\" href=\"https:\/\/sooma.ca\/fr\/naviguer-les-aliments-culturels-lorsquils-sont-des-aliments-interdits\/\" aria-label=\"En savoir plus sur Naviguer les aliments culturels lorsqu\u2019ils sont des aliments interdits\" tabindex=\"-1\">\n\t\t\tRead More \u00bb\t\t<\/a>\n\n\t\t\t\t<\/div>\n\t\t\t\t\t<\/div>\n\t\t<\/article>\n\t\t\t\t<article class=\"elementor-post elementor-grid-item post-6536 post type-post status-publish format-standard has-post-thumbnail hentry category-alimentation-desordonee category-hyperphagie-boulimique tag-hyperphagie tag-hyperphagie-boulimique tag-restriction-2\" role=\"listitem\">\n\t\t\t<div class=\"elementor-post__card\">\n\t\t\t\t<a class=\"elementor-post__thumbnail__link\" href=\"https:\/\/sooma.ca\/fr\/5-choses-a-mettre-en-place-pour-diminuer-lhyperphagie\/\" tabindex=\"-1\"><div class=\"elementor-post__thumbnail\"><img loading=\"lazy\" decoding=\"async\" width=\"1080\" height=\"1080\" src=\"https:\/\/sooma.ca\/wp-content\/uploads\/2025\/07\/92-1.png\" class=\"attachment-full size-full wp-image-6435\" alt=\"\" srcset=\"https:\/\/sooma.ca\/wp-content\/uploads\/2025\/07\/92-1.png 1080w, https:\/\/sooma.ca\/wp-content\/uploads\/2025\/07\/92-1-300x300.png 300w, https:\/\/sooma.ca\/wp-content\/uploads\/2025\/07\/92-1-1024x1024.png 1024w, https:\/\/sooma.ca\/wp-content\/uploads\/2025\/07\/92-1-150x150.png 150w, https:\/\/sooma.ca\/wp-content\/uploads\/2025\/07\/92-1-768x768.png 768w\" sizes=\"(max-width: 1080px) 100vw, 1080px\" \/><\/div><\/a>\n\t\t\t\t<div class=\"elementor-post__text\">\n\t\t\t\t<h3 class=\"elementor-post__title\">\n\t\t\t<a href=\"https:\/\/sooma.ca\/fr\/5-choses-a-mettre-en-place-pour-diminuer-lhyperphagie\/\">\n\t\t\t\t5 choses \u00e0 mettre en place pour diminuer l\u2019hyperphagie\t\t\t<\/a>\n\t\t<\/h3>\n\t\t\n\t\t<a class=\"elementor-post__read-more\" href=\"https:\/\/sooma.ca\/fr\/5-choses-a-mettre-en-place-pour-diminuer-lhyperphagie\/\" aria-label=\"En savoir plus sur 5 choses \u00e0 mettre en place pour diminuer l\u2019hyperphagie\" tabindex=\"-1\">\n\t\t\tRead More \u00bb\t\t<\/a>\n\n\t\t\t\t<\/div>\n\t\t\t\t\t<\/div>\n\t\t<\/article>\n\t\t\t\t<article class=\"elementor-post elementor-grid-item post-6391 post type-post status-publish format-standard has-post-thumbnail hentry category-alimentation-intuitive category-nutrition-sportive tag-alimentation-intuitive tag-athletes-2\" role=\"listitem\">\n\t\t\t<div class=\"elementor-post__card\">\n\t\t\t\t<a class=\"elementor-post__thumbnail__link\" href=\"https:\/\/sooma.ca\/fr\/les-principes-de-lalimentation-intuitive-pour-les-athletes-2\/\" tabindex=\"-1\"><div class=\"elementor-post__thumbnail\"><img loading=\"lazy\" decoding=\"async\" width=\"1080\" height=\"1080\" src=\"https:\/\/sooma.ca\/wp-content\/uploads\/2025\/07\/82.png\" class=\"attachment-full size-full wp-image-6069\" alt=\"\" srcset=\"https:\/\/sooma.ca\/wp-content\/uploads\/2025\/07\/82.png 1080w, https:\/\/sooma.ca\/wp-content\/uploads\/2025\/07\/82-300x300.png 300w, https:\/\/sooma.ca\/wp-content\/uploads\/2025\/07\/82-1024x1024.png 1024w, https:\/\/sooma.ca\/wp-content\/uploads\/2025\/07\/82-150x150.png 150w, https:\/\/sooma.ca\/wp-content\/uploads\/2025\/07\/82-768x768.png 768w\" sizes=\"(max-width: 1080px) 100vw, 1080px\" \/><\/div><\/a>\n\t\t\t\t<div class=\"elementor-post__text\">\n\t\t\t\t<h3 class=\"elementor-post__title\">\n\t\t\t<a href=\"https:\/\/sooma.ca\/fr\/les-principes-de-lalimentation-intuitive-pour-les-athletes-2\/\">\n\t\t\t\tLes principes de l\u2019alimentation intuitive pour les athl\u00e8tes\t\t\t<\/a>\n\t\t<\/h3>\n\t\t\n\t\t<a class=\"elementor-post__read-more\" href=\"https:\/\/sooma.ca\/fr\/les-principes-de-lalimentation-intuitive-pour-les-athletes-2\/\" aria-label=\"En savoir plus sur Les principes de l\u2019alimentation intuitive pour les athl\u00e8tes\" tabindex=\"-1\">\n\t\t\tRead More \u00bb\t\t<\/a>\n\n\t\t\t\t<\/div>\n\t\t\t\t\t<\/div>\n\t\t<\/article>\n\t\t\t\t<article class=\"elementor-post elementor-grid-item post-6390 post type-post status-publish format-standard has-post-thumbnail hentry category-alimentation-desordonee tag-emotions tag-manger-quand-on-est-stresse tag-manger-ses-emotions\" role=\"listitem\">\n\t\t\t<div class=\"elementor-post__card\">\n\t\t\t\t<a class=\"elementor-post__thumbnail__link\" href=\"https:\/\/sooma.ca\/fr\/manger-ses-emotions\/\" tabindex=\"-1\"><div class=\"elementor-post__thumbnail\"><img loading=\"lazy\" decoding=\"async\" width=\"1080\" height=\"1080\" src=\"https:\/\/sooma.ca\/wp-content\/uploads\/2025\/07\/90.png\" class=\"attachment-full size-full wp-image-6370\" alt=\"\" srcset=\"https:\/\/sooma.ca\/wp-content\/uploads\/2025\/07\/90.png 1080w, https:\/\/sooma.ca\/wp-content\/uploads\/2025\/07\/90-300x300.png 300w, https:\/\/sooma.ca\/wp-content\/uploads\/2025\/07\/90-1024x1024.png 1024w, https:\/\/sooma.ca\/wp-content\/uploads\/2025\/07\/90-150x150.png 150w, https:\/\/sooma.ca\/wp-content\/uploads\/2025\/07\/90-768x768.png 768w\" sizes=\"(max-width: 1080px) 100vw, 1080px\" \/><\/div><\/a>\n\t\t\t\t<div class=\"elementor-post__text\">\n\t\t\t\t<h3 class=\"elementor-post__title\">\n\t\t\t<a href=\"https:\/\/sooma.ca\/fr\/manger-ses-emotions\/\">\n\t\t\t\tManger ses \u00e9motions\t\t\t<\/a>\n\t\t<\/h3>\n\t\t\n\t\t<a class=\"elementor-post__read-more\" href=\"https:\/\/sooma.ca\/fr\/manger-ses-emotions\/\" aria-label=\"En savoir plus sur Manger ses \u00e9motions\" tabindex=\"-1\">\n\t\t\tRead More \u00bb\t\t<\/a>\n\n\t\t\t\t<\/div>\n\t\t\t\t\t<\/div>\n\t\t<\/article>\n\t\t\t\t<article class=\"elementor-post elementor-grid-item post-6106 post type-post status-publish format-standard has-post-thumbnail hentry category-alimentation-intuitive category-nutrition-sportive tag-alimentation-intuitive tag-athletes-2\" role=\"listitem\">\n\t\t\t<div class=\"elementor-post__card\">\n\t\t\t\t<a class=\"elementor-post__thumbnail__link\" href=\"https:\/\/sooma.ca\/fr\/les-principes-de-lalimentation-intuitive-pour-les-athletes\/\" tabindex=\"-1\"><div class=\"elementor-post__thumbnail\"><img loading=\"lazy\" decoding=\"async\" width=\"1080\" height=\"1080\" src=\"https:\/\/sooma.ca\/wp-content\/uploads\/2025\/07\/82.png\" class=\"attachment-full size-full wp-image-6069\" alt=\"\" srcset=\"https:\/\/sooma.ca\/wp-content\/uploads\/2025\/07\/82.png 1080w, https:\/\/sooma.ca\/wp-content\/uploads\/2025\/07\/82-300x300.png 300w, https:\/\/sooma.ca\/wp-content\/uploads\/2025\/07\/82-1024x1024.png 1024w, https:\/\/sooma.ca\/wp-content\/uploads\/2025\/07\/82-150x150.png 150w, https:\/\/sooma.ca\/wp-content\/uploads\/2025\/07\/82-768x768.png 768w\" sizes=\"(max-width: 1080px) 100vw, 1080px\" \/><\/div><\/a>\n\t\t\t\t<div class=\"elementor-post__text\">\n\t\t\t\t<h3 class=\"elementor-post__title\">\n\t\t\t<a href=\"https:\/\/sooma.ca\/fr\/les-principes-de-lalimentation-intuitive-pour-les-athletes\/\">\n\t\t\t\tLes principes de l\u2019alimentation intuitive pour les athl\u00e8tes\t\t\t<\/a>\n\t\t<\/h3>\n\t\t\n\t\t<a class=\"elementor-post__read-more\" href=\"https:\/\/sooma.ca\/fr\/les-principes-de-lalimentation-intuitive-pour-les-athletes\/\" aria-label=\"En savoir plus sur Les principes de l\u2019alimentation intuitive pour les athl\u00e8tes\" tabindex=\"-1\">\n\t\t\tRead More \u00bb\t\t<\/a>\n\n\t\t\t\t<\/div>\n\t\t\t\t\t<\/div>\n\t\t<\/article>\n\t\t\t\t<article class=\"elementor-post elementor-grid-item post-6048 post type-post status-publish format-standard has-post-thumbnail hentry category-retablissement-des-troubles-alimentaires tag-meditation tag-pratiques-dincarnation tag-retablissement tag-tca tag-troubles-alimentaires tag-yoga\" role=\"listitem\">\n\t\t\t<div class=\"elementor-post__card\">\n\t\t\t\t<a class=\"elementor-post__thumbnail__link\" href=\"https:\/\/sooma.ca\/fr\/comment-les-pratiques-dincarnation-soutiennent-la-guerison-des-troubles-de-lalimentation\/\" tabindex=\"-1\"><div class=\"elementor-post__thumbnail\"><img loading=\"lazy\" decoding=\"async\" width=\"1080\" height=\"1080\" src=\"https:\/\/sooma.ca\/wp-content\/uploads\/2025\/07\/78.png\" class=\"attachment-full size-full wp-image-5993\" alt=\"\" srcset=\"https:\/\/sooma.ca\/wp-content\/uploads\/2025\/07\/78.png 1080w, https:\/\/sooma.ca\/wp-content\/uploads\/2025\/07\/78-300x300.png 300w, https:\/\/sooma.ca\/wp-content\/uploads\/2025\/07\/78-1024x1024.png 1024w, https:\/\/sooma.ca\/wp-content\/uploads\/2025\/07\/78-150x150.png 150w, https:\/\/sooma.ca\/wp-content\/uploads\/2025\/07\/78-768x768.png 768w\" sizes=\"(max-width: 1080px) 100vw, 1080px\" \/><\/div><\/a>\n\t\t\t\t<div class=\"elementor-post__text\">\n\t\t\t\t<h3 class=\"elementor-post__title\">\n\t\t\t<a href=\"https:\/\/sooma.ca\/fr\/comment-les-pratiques-dincarnation-soutiennent-la-guerison-des-troubles-de-lalimentation\/\">\n\t\t\t\tComment les pratiques d\u2019incarnation soutiennent la gu\u00e9rison des troubles de l\u2019alimentation\t\t\t<\/a>\n\t\t<\/h3>\n\t\t\n\t\t<a class=\"elementor-post__read-more\" href=\"https:\/\/sooma.ca\/fr\/comment-les-pratiques-dincarnation-soutiennent-la-guerison-des-troubles-de-lalimentation\/\" aria-label=\"En savoir plus sur Comment les pratiques d\u2019incarnation soutiennent la gu\u00e9rison des troubles de l\u2019alimentation\" tabindex=\"-1\">\n\t\t\tRead More \u00bb\t\t<\/a>\n\n\t\t\t\t<\/div>\n\t\t\t\t\t<\/div>\n\t\t<\/article>\n\t\t\t\t<article class=\"elementor-post elementor-grid-item post-5949 post type-post status-publish format-standard has-post-thumbnail hentry category-culture-des-dietes tag-alimentation-intuitive tag-culture-des-dietes tag-diete-2 tag-neutre\" role=\"listitem\">\n\t\t\t<div class=\"elementor-post__card\">\n\t\t\t\t<a class=\"elementor-post__thumbnail__link\" href=\"https:\/\/sooma.ca\/fr\/comment-aider-votre-enfant-a-etre-neutre-envers-la-nourriture-et-son-corps\/\" tabindex=\"-1\"><div class=\"elementor-post__thumbnail\"><img loading=\"lazy\" decoding=\"async\" width=\"1080\" height=\"1080\" src=\"https:\/\/sooma.ca\/wp-content\/uploads\/2025\/07\/74.png\" class=\"attachment-full size-full wp-image-5846\" alt=\"\" srcset=\"https:\/\/sooma.ca\/wp-content\/uploads\/2025\/07\/74.png 1080w, https:\/\/sooma.ca\/wp-content\/uploads\/2025\/07\/74-300x300.png 300w, https:\/\/sooma.ca\/wp-content\/uploads\/2025\/07\/74-1024x1024.png 1024w, https:\/\/sooma.ca\/wp-content\/uploads\/2025\/07\/74-150x150.png 150w, https:\/\/sooma.ca\/wp-content\/uploads\/2025\/07\/74-768x768.png 768w\" sizes=\"(max-width: 1080px) 100vw, 1080px\" \/><\/div><\/a>\n\t\t\t\t<div class=\"elementor-post__text\">\n\t\t\t\t<h3 class=\"elementor-post__title\">\n\t\t\t<a href=\"https:\/\/sooma.ca\/fr\/comment-aider-votre-enfant-a-etre-neutre-envers-la-nourriture-et-son-corps\/\">\n\t\t\t\tComment aider votre enfant \u00e0 \u00eatre neutre envers la nourriture et son corps\t\t\t<\/a>\n\t\t<\/h3>\n\t\t\n\t\t<a class=\"elementor-post__read-more\" href=\"https:\/\/sooma.ca\/fr\/comment-aider-votre-enfant-a-etre-neutre-envers-la-nourriture-et-son-corps\/\" aria-label=\"En savoir plus sur Comment aider votre enfant \u00e0 \u00eatre neutre envers la nourriture et son corps\" tabindex=\"-1\">\n\t\t\tRead More \u00bb\t\t<\/a>\n\n\t\t\t\t<\/div>\n\t\t\t\t\t<\/div>\n\t\t<\/article>\n\t\t\t\t<article class=\"elementor-post elementor-grid-item post-5830 post type-post status-publish format-standard has-post-thumbnail hentry category-alimentation-intuitive tag-alimentation-intuitive tag-nutrition-douce tag-retablissement\" role=\"listitem\">\n\t\t\t<div class=\"elementor-post__card\">\n\t\t\t\t<a class=\"elementor-post__thumbnail__link\" href=\"https:\/\/sooma.ca\/fr\/es-tu-prete-pour-la-nutrition-douce\/\" tabindex=\"-1\"><div class=\"elementor-post__thumbnail\"><img loading=\"lazy\" decoding=\"async\" width=\"1080\" height=\"1080\" src=\"https:\/\/sooma.ca\/wp-content\/uploads\/2025\/07\/69.png\" class=\"attachment-full size-full wp-image-5801\" alt=\"\" srcset=\"https:\/\/sooma.ca\/wp-content\/uploads\/2025\/07\/69.png 1080w, https:\/\/sooma.ca\/wp-content\/uploads\/2025\/07\/69-300x300.png 300w, https:\/\/sooma.ca\/wp-content\/uploads\/2025\/07\/69-1024x1024.png 1024w, https:\/\/sooma.ca\/wp-content\/uploads\/2025\/07\/69-150x150.png 150w, https:\/\/sooma.ca\/wp-content\/uploads\/2025\/07\/69-768x768.png 768w\" sizes=\"(max-width: 1080px) 100vw, 1080px\" \/><\/div><\/a>\n\t\t\t\t<div class=\"elementor-post__text\">\n\t\t\t\t<h3 class=\"elementor-post__title\">\n\t\t\t<a href=\"https:\/\/sooma.ca\/fr\/es-tu-prete-pour-la-nutrition-douce\/\">\n\t\t\t\tEs-tu pr\u00eate pour la nutrition douce?\t\t\t<\/a>\n\t\t<\/h3>\n\t\t\n\t\t<a class=\"elementor-post__read-more\" href=\"https:\/\/sooma.ca\/fr\/es-tu-prete-pour-la-nutrition-douce\/\" aria-label=\"En savoir plus sur Es-tu pr\u00eate pour la nutrition douce?\" tabindex=\"-1\">\n\t\t\tRead More \u00bb\t\t<\/a>\n\n\t\t\t\t<\/div>\n\t\t\t\t\t<\/div>\n\t\t<\/article>\n\t\t\t\t<article class=\"elementor-post elementor-grid-item post-5788 post type-post status-publish format-standard has-post-thumbnail hentry category-retablissement-des-troubles-alimentaires tag-meditation tag-retablissement tag-tca tag-troubles-alimentaires tag-yoga\" role=\"listitem\">\n\t\t\t<div class=\"elementor-post__card\">\n\t\t\t\t<a class=\"elementor-post__thumbnail__link\" href=\"https:\/\/sooma.ca\/fr\/le-yoga-et-le-processus-de-recuperation-des-troubles-alimentaires\/\" tabindex=\"-1\"><div class=\"elementor-post__thumbnail\"><img loading=\"lazy\" decoding=\"async\" width=\"1080\" height=\"1080\" src=\"https:\/\/sooma.ca\/wp-content\/uploads\/2025\/07\/65.png\" class=\"attachment-full size-full wp-image-5771\" alt=\"\" srcset=\"https:\/\/sooma.ca\/wp-content\/uploads\/2025\/07\/65.png 1080w, https:\/\/sooma.ca\/wp-content\/uploads\/2025\/07\/65-300x300.png 300w, https:\/\/sooma.ca\/wp-content\/uploads\/2025\/07\/65-1024x1024.png 1024w, https:\/\/sooma.ca\/wp-content\/uploads\/2025\/07\/65-150x150.png 150w, https:\/\/sooma.ca\/wp-content\/uploads\/2025\/07\/65-768x768.png 768w\" sizes=\"(max-width: 1080px) 100vw, 1080px\" \/><\/div><\/a>\n\t\t\t\t<div class=\"elementor-post__text\">\n\t\t\t\t<h3 class=\"elementor-post__title\">\n\t\t\t<a href=\"https:\/\/sooma.ca\/fr\/le-yoga-et-le-processus-de-recuperation-des-troubles-alimentaires\/\">\n\t\t\t\tLe yoga et le processus de r\u00e9cup\u00e9ration des troubles alimentaires\t\t\t<\/a>\n\t\t<\/h3>\n\t\t\n\t\t<a class=\"elementor-post__read-more\" href=\"https:\/\/sooma.ca\/fr\/le-yoga-et-le-processus-de-recuperation-des-troubles-alimentaires\/\" aria-label=\"En savoir plus sur Le yoga et le processus de r\u00e9cup\u00e9ration des troubles alimentaires\" tabindex=\"-1\">\n\t\t\tRead More \u00bb\t\t<\/a>\n\n\t\t\t\t<\/div>\n\t\t\t\t\t<\/div>\n\t\t<\/article>\n\t\t\t\t<article class=\"elementor-post elementor-grid-item post-5758 post type-post status-publish format-standard has-post-thumbnail hentry category-trouble-alimentaire tag-soins-tenant-compte-des-traumatismes tag-tca tag-traumatisme tag-troubles-alimentaires\" role=\"listitem\">\n\t\t\t<div class=\"elementor-post__card\">\n\t\t\t\t<a class=\"elementor-post__thumbnail__link\" href=\"https:\/\/sooma.ca\/fr\/que-signifie-fournir-des-soins-tenant-compte-des-traumatismes\/\" tabindex=\"-1\"><div class=\"elementor-post__thumbnail\"><img loading=\"lazy\" decoding=\"async\" width=\"1080\" height=\"1080\" src=\"https:\/\/sooma.ca\/wp-content\/uploads\/2025\/07\/60.png\" class=\"attachment-full size-full wp-image-5737\" alt=\"\" srcset=\"https:\/\/sooma.ca\/wp-content\/uploads\/2025\/07\/60.png 1080w, https:\/\/sooma.ca\/wp-content\/uploads\/2025\/07\/60-300x300.png 300w, https:\/\/sooma.ca\/wp-content\/uploads\/2025\/07\/60-1024x1024.png 1024w, https:\/\/sooma.ca\/wp-content\/uploads\/2025\/07\/60-150x150.png 150w, https:\/\/sooma.ca\/wp-content\/uploads\/2025\/07\/60-768x768.png 768w\" sizes=\"(max-width: 1080px) 100vw, 1080px\" \/><\/div><\/a>\n\t\t\t\t<div class=\"elementor-post__text\">\n\t\t\t\t<h3 class=\"elementor-post__title\">\n\t\t\t<a href=\"https:\/\/sooma.ca\/fr\/que-signifie-fournir-des-soins-tenant-compte-des-traumatismes\/\">\n\t\t\t\tQue signifie fournir des soins tenant compte des traumatismes?\t\t\t<\/a>\n\t\t<\/h3>\n\t\t\n\t\t<a class=\"elementor-post__read-more\" href=\"https:\/\/sooma.ca\/fr\/que-signifie-fournir-des-soins-tenant-compte-des-traumatismes\/\" aria-label=\"En savoir plus sur Que signifie fournir des soins tenant compte des traumatismes?\" tabindex=\"-1\">\n\t\t\tRead More \u00bb\t\t<\/a>\n\n\t\t\t\t<\/div>\n\t\t\t\t\t<\/div>\n\t\t<\/article>\n\t\t\t\t<article class=\"elementor-post elementor-grid-item post-5722 post type-post status-publish format-standard has-post-thumbnail hentry category-culture-des-dietes category-regimes tag-diete-2 tag-regime tag-sopk\" role=\"listitem\">\n\t\t\t<div class=\"elementor-post__card\">\n\t\t\t\t<a class=\"elementor-post__thumbnail__link\" href=\"https:\/\/sooma.ca\/fr\/faut-il-que-je-suive-un-regime-parce-que-jai-le-sopk\/\" tabindex=\"-1\"><div class=\"elementor-post__thumbnail\"><img loading=\"lazy\" decoding=\"async\" width=\"1080\" height=\"1080\" src=\"https:\/\/sooma.ca\/wp-content\/uploads\/2025\/07\/57.png\" class=\"attachment-full size-full wp-image-5687\" alt=\"\" srcset=\"https:\/\/sooma.ca\/wp-content\/uploads\/2025\/07\/57.png 1080w, https:\/\/sooma.ca\/wp-content\/uploads\/2025\/07\/57-300x300.png 300w, https:\/\/sooma.ca\/wp-content\/uploads\/2025\/07\/57-1024x1024.png 1024w, https:\/\/sooma.ca\/wp-content\/uploads\/2025\/07\/57-150x150.png 150w, https:\/\/sooma.ca\/wp-content\/uploads\/2025\/07\/57-768x768.png 768w\" sizes=\"(max-width: 1080px) 100vw, 1080px\" \/><\/div><\/a>\n\t\t\t\t<div class=\"elementor-post__text\">\n\t\t\t\t<h3 class=\"elementor-post__title\">\n\t\t\t<a href=\"https:\/\/sooma.ca\/fr\/faut-il-que-je-suive-un-regime-parce-que-jai-le-sopk\/\">\n\t\t\t\tFaut-il que je suive un r\u00e9gime parce que j\u2019ai le SOPK?\t\t\t<\/a>\n\t\t<\/h3>\n\t\t\n\t\t<a class=\"elementor-post__read-more\" href=\"https:\/\/sooma.ca\/fr\/faut-il-que-je-suive-un-regime-parce-que-jai-le-sopk\/\" aria-label=\"En savoir plus sur Faut-il que je suive un r\u00e9gime parce que j\u2019ai le SOPK?\" tabindex=\"-1\">\n\t\t\tRead More \u00bb\t\t<\/a>\n\n\t\t\t\t<\/div>\n\t\t\t\t\t<\/div>\n\t\t<\/article>\n\t\t\t\t<article class=\"elementor-post elementor-grid-item post-5650 post type-post status-publish format-standard has-post-thumbnail hentry category-orthorexie tag-diete-2 tag-manger-sainement tag-orthorexie tag-tca\" role=\"listitem\">\n\t\t\t<div class=\"elementor-post__card\">\n\t\t\t\t<a class=\"elementor-post__thumbnail__link\" href=\"https:\/\/sooma.ca\/fr\/a-quoi-ressemble-lorthorexie-et-comment-la-surmonter\/\" tabindex=\"-1\"><div class=\"elementor-post__thumbnail\"><img loading=\"lazy\" decoding=\"async\" width=\"1080\" height=\"1080\" src=\"https:\/\/sooma.ca\/wp-content\/uploads\/2025\/07\/52.png\" class=\"attachment-full size-full wp-image-5600\" alt=\"\" srcset=\"https:\/\/sooma.ca\/wp-content\/uploads\/2025\/07\/52.png 1080w, https:\/\/sooma.ca\/wp-content\/uploads\/2025\/07\/52-300x300.png 300w, https:\/\/sooma.ca\/wp-content\/uploads\/2025\/07\/52-1024x1024.png 1024w, https:\/\/sooma.ca\/wp-content\/uploads\/2025\/07\/52-150x150.png 150w, https:\/\/sooma.ca\/wp-content\/uploads\/2025\/07\/52-768x768.png 768w\" sizes=\"(max-width: 1080px) 100vw, 1080px\" \/><\/div><\/a>\n\t\t\t\t<div class=\"elementor-post__text\">\n\t\t\t\t<h3 class=\"elementor-post__title\">\n\t\t\t<a href=\"https:\/\/sooma.ca\/fr\/a-quoi-ressemble-lorthorexie-et-comment-la-surmonter\/\">\n\t\t\t\t\u00c0 quoi ressemble l\u2019orthorexie et comment la surmonter\t\t\t<\/a>\n\t\t<\/h3>\n\t\t\n\t\t<a class=\"elementor-post__read-more\" href=\"https:\/\/sooma.ca\/fr\/a-quoi-ressemble-lorthorexie-et-comment-la-surmonter\/\" aria-label=\"En savoir plus sur \u00c0 quoi ressemble l\u2019orthorexie et comment la surmonter\" tabindex=\"-1\">\n\t\t\tRead More \u00bb\t\t<\/a>\n\n\t\t\t\t<\/div>\n\t\t\t\t\t<\/div>\n\t\t<\/article>\n\t\t\t\t<article class=\"elementor-post elementor-grid-item post-5559 post type-post status-publish format-standard has-post-thumbnail hentry category-trouble-alimentaire tag-image-corporelle tag-instagram-2 tag-reseaux-sociaux tag-tca\" role=\"listitem\">\n\t\t\t<div class=\"elementor-post__card\">\n\t\t\t\t<a class=\"elementor-post__thumbnail__link\" href=\"https:\/\/sooma.ca\/fr\/remodelage-des-reseaux-sociaux\/\" tabindex=\"-1\"><div class=\"elementor-post__thumbnail\"><img loading=\"lazy\" decoding=\"async\" width=\"1080\" height=\"1080\" src=\"https:\/\/sooma.ca\/wp-content\/uploads\/2025\/07\/46.png\" class=\"attachment-full size-full wp-image-5535\" alt=\"\" srcset=\"https:\/\/sooma.ca\/wp-content\/uploads\/2025\/07\/46.png 1080w, https:\/\/sooma.ca\/wp-content\/uploads\/2025\/07\/46-300x300.png 300w, https:\/\/sooma.ca\/wp-content\/uploads\/2025\/07\/46-1024x1024.png 1024w, https:\/\/sooma.ca\/wp-content\/uploads\/2025\/07\/46-150x150.png 150w, https:\/\/sooma.ca\/wp-content\/uploads\/2025\/07\/46-768x768.png 768w\" sizes=\"(max-width: 1080px) 100vw, 1080px\" \/><\/div><\/a>\n\t\t\t\t<div class=\"elementor-post__text\">\n\t\t\t\t<h3 class=\"elementor-post__title\">\n\t\t\t<a href=\"https:\/\/sooma.ca\/fr\/remodelage-des-reseaux-sociaux\/\">\n\t\t\t\tRemodelage des r\u00e9seaux sociaux\t\t\t<\/a>\n\t\t<\/h3>\n\t\t\n\t\t<a class=\"elementor-post__read-more\" href=\"https:\/\/sooma.ca\/fr\/remodelage-des-reseaux-sociaux\/\" aria-label=\"En savoir plus sur Remodelage des r\u00e9seaux sociaux\" tabindex=\"-1\">\n\t\t\tRead More \u00bb\t\t<\/a>\n\n\t\t\t\t<\/div>\n\t\t\t\t\t<\/div>\n\t\t<\/article>\n\t\t\t\t<article class=\"elementor-post elementor-grid-item post-5444 post type-post status-publish format-standard has-post-thumbnail hentry category-exercice-intuitif tag-exercice tag-exercise-2 tag-exercise-intuitif tag-les-signes-dune-relation-desordonnee-avec-lexercice-physique tag-yoga\" role=\"listitem\">\n\t\t\t<div class=\"elementor-post__card\">\n\t\t\t\t<a class=\"elementor-post__thumbnail__link\" href=\"https:\/\/sooma.ca\/fr\/comment-pratiquer-lexercice-intuitif\/\" tabindex=\"-1\"><div class=\"elementor-post__thumbnail\"><img loading=\"lazy\" decoding=\"async\" width=\"1080\" height=\"1080\" src=\"https:\/\/sooma.ca\/wp-content\/uploads\/2025\/07\/42.png\" class=\"attachment-full size-full wp-image-5427\" alt=\"\" srcset=\"https:\/\/sooma.ca\/wp-content\/uploads\/2025\/07\/42.png 1080w, https:\/\/sooma.ca\/wp-content\/uploads\/2025\/07\/42-300x300.png 300w, https:\/\/sooma.ca\/wp-content\/uploads\/2025\/07\/42-1024x1024.png 1024w, https:\/\/sooma.ca\/wp-content\/uploads\/2025\/07\/42-150x150.png 150w, https:\/\/sooma.ca\/wp-content\/uploads\/2025\/07\/42-768x768.png 768w\" sizes=\"(max-width: 1080px) 100vw, 1080px\" \/><\/div><\/a>\n\t\t\t\t<div class=\"elementor-post__text\">\n\t\t\t\t<h3 class=\"elementor-post__title\">\n\t\t\t<a href=\"https:\/\/sooma.ca\/fr\/comment-pratiquer-lexercice-intuitif\/\">\n\t\t\t\tComment pratiquer l\u2019exercice intuitif\t\t\t<\/a>\n\t\t<\/h3>\n\t\t\n\t\t<a class=\"elementor-post__read-more\" href=\"https:\/\/sooma.ca\/fr\/comment-pratiquer-lexercice-intuitif\/\" aria-label=\"En savoir plus sur Comment pratiquer l\u2019exercice intuitif\" tabindex=\"-1\">\n\t\t\tRead More \u00bb\t\t<\/a>\n\n\t\t\t\t<\/div>\n\t\t\t\t\t<\/div>\n\t\t<\/article>\n\t\t\t\t<article class=\"elementor-post elementor-grid-item post-5401 post type-post status-publish format-standard has-post-thumbnail hentry category-trouble-alimentaire tag-alimentation-desordonnee tag-exercise-2 tag-les-signes-dune-relation-desordonnee-avec-lexercice-physique tag-trouble-alimentaire\" role=\"listitem\">\n\t\t\t<div class=\"elementor-post__card\">\n\t\t\t\t<a class=\"elementor-post__thumbnail__link\" href=\"https:\/\/sooma.ca\/fr\/les-signes-dune-relation-desordonnee-avec-lexercice-physique\/\" tabindex=\"-1\"><div class=\"elementor-post__thumbnail\"><img loading=\"lazy\" decoding=\"async\" width=\"1080\" height=\"1080\" src=\"https:\/\/sooma.ca\/wp-content\/uploads\/2025\/07\/38.png\" class=\"attachment-full size-full wp-image-5384\" alt=\"\" srcset=\"https:\/\/sooma.ca\/wp-content\/uploads\/2025\/07\/38.png 1080w, https:\/\/sooma.ca\/wp-content\/uploads\/2025\/07\/38-300x300.png 300w, https:\/\/sooma.ca\/wp-content\/uploads\/2025\/07\/38-1024x1024.png 1024w, https:\/\/sooma.ca\/wp-content\/uploads\/2025\/07\/38-150x150.png 150w, https:\/\/sooma.ca\/wp-content\/uploads\/2025\/07\/38-768x768.png 768w\" sizes=\"(max-width: 1080px) 100vw, 1080px\" \/><\/div><\/a>\n\t\t\t\t<div class=\"elementor-post__text\">\n\t\t\t\t<h3 class=\"elementor-post__title\">\n\t\t\t<a href=\"https:\/\/sooma.ca\/fr\/les-signes-dune-relation-desordonnee-avec-lexercice-physique\/\">\n\t\t\t\tLes signes d\u2019une relation d\u00e9sordonn\u00e9e avec l\u2019Exercice physique\t\t\t<\/a>\n\t\t<\/h3>\n\t\t\n\t\t<a class=\"elementor-post__read-more\" href=\"https:\/\/sooma.ca\/fr\/les-signes-dune-relation-desordonnee-avec-lexercice-physique\/\" aria-label=\"En savoir plus sur Les signes d\u2019une relation d\u00e9sordonn\u00e9e avec l\u2019Exercice physique\" tabindex=\"-1\">\n\t\t\tRead More \u00bb\t\t<\/a>\n\n\t\t\t\t<\/div>\n\t\t\t\t\t<\/div>\n\t\t<\/article>\n\t\t\t\t<article class=\"elementor-post elementor-grid-item post-5305 post type-post status-publish format-standard has-post-thumbnail hentry category-trouble-alimentaire tag-chrons tag-histoire tag-tca tag-temoignage tag-trouble-alimentaire\" role=\"listitem\">\n\t\t\t<div class=\"elementor-post__card\">\n\t\t\t\t<a class=\"elementor-post__thumbnail__link\" href=\"https:\/\/sooma.ca\/fr\/mon-histoire-un-arc-en-ciel-en-couleur\/\" tabindex=\"-1\"><div class=\"elementor-post__thumbnail\"><img loading=\"lazy\" decoding=\"async\" width=\"1080\" height=\"1080\" src=\"https:\/\/sooma.ca\/wp-content\/uploads\/2025\/06\/34-1.png\" class=\"attachment-full size-full wp-image-5306\" alt=\"\" srcset=\"https:\/\/sooma.ca\/wp-content\/uploads\/2025\/06\/34-1.png 1080w, https:\/\/sooma.ca\/wp-content\/uploads\/2025\/06\/34-1-300x300.png 300w, https:\/\/sooma.ca\/wp-content\/uploads\/2025\/06\/34-1-1024x1024.png 1024w, https:\/\/sooma.ca\/wp-content\/uploads\/2025\/06\/34-1-150x150.png 150w, https:\/\/sooma.ca\/wp-content\/uploads\/2025\/06\/34-1-768x768.png 768w\" sizes=\"(max-width: 1080px) 100vw, 1080px\" \/><\/div><\/a>\n\t\t\t\t<div class=\"elementor-post__text\">\n\t\t\t\t<h3 class=\"elementor-post__title\">\n\t\t\t<a href=\"https:\/\/sooma.ca\/fr\/mon-histoire-un-arc-en-ciel-en-couleur\/\">\n\t\t\t\tMon histoire: un arc en ciel en couleur\t\t\t<\/a>\n\t\t<\/h3>\n\t\t\n\t\t<a class=\"elementor-post__read-more\" href=\"https:\/\/sooma.ca\/fr\/mon-histoire-un-arc-en-ciel-en-couleur\/\" aria-label=\"En savoir plus sur Mon histoire: un arc en ciel en couleur\" tabindex=\"-1\">\n\t\t\tRead More \u00bb\t\t<\/a>\n\n\t\t\t\t<\/div>\n\t\t\t\t\t<\/div>\n\t\t<\/article>\n\t\t\t\t<article class=\"elementor-post elementor-grid-item post-5294 post type-post status-publish format-standard has-post-thumbnail hentry category-alimentation-intuitive tag-alimentation-intuitive tag-anti-diet-2 tag-anti-regime tag-culture-des-dietes tag-regime-2\" role=\"listitem\">\n\t\t\t<div class=\"elementor-post__card\">\n\t\t\t\t<a class=\"elementor-post__thumbnail__link\" href=\"https:\/\/sooma.ca\/fr\/lalimentation-intuitive-quest-ce-que-ce-nest-pas\/\" tabindex=\"-1\"><div class=\"elementor-post__thumbnail\"><img loading=\"lazy\" decoding=\"async\" width=\"1080\" height=\"1080\" src=\"https:\/\/sooma.ca\/wp-content\/uploads\/2025\/06\/31-1.png\" class=\"attachment-full size-full wp-image-5279\" alt=\"\" srcset=\"https:\/\/sooma.ca\/wp-content\/uploads\/2025\/06\/31-1.png 1080w, https:\/\/sooma.ca\/wp-content\/uploads\/2025\/06\/31-1-300x300.png 300w, https:\/\/sooma.ca\/wp-content\/uploads\/2025\/06\/31-1-1024x1024.png 1024w, https:\/\/sooma.ca\/wp-content\/uploads\/2025\/06\/31-1-150x150.png 150w, https:\/\/sooma.ca\/wp-content\/uploads\/2025\/06\/31-1-768x768.png 768w\" sizes=\"(max-width: 1080px) 100vw, 1080px\" \/><\/div><\/a>\n\t\t\t\t<div class=\"elementor-post__text\">\n\t\t\t\t<h3 class=\"elementor-post__title\">\n\t\t\t<a href=\"https:\/\/sooma.ca\/fr\/lalimentation-intuitive-quest-ce-que-ce-nest-pas\/\">\n\t\t\t\tL\u2019Alimentation intuitive: Qu\u2019est-ce que ce n\u2019est PAS?\t\t\t<\/a>\n\t\t<\/h3>\n\t\t\n\t\t<a class=\"elementor-post__read-more\" href=\"https:\/\/sooma.ca\/fr\/lalimentation-intuitive-quest-ce-que-ce-nest-pas\/\" aria-label=\"En savoir plus sur L\u2019Alimentation intuitive: Qu\u2019est-ce que ce n\u2019est PAS?\" tabindex=\"-1\">\n\t\t\tRead More \u00bb\t\t<\/a>\n\n\t\t\t\t<\/div>\n\t\t\t\t\t<\/div>\n\t\t<\/article>\n\t\t\t\t<article class=\"elementor-post elementor-grid-item post-5262 post type-post status-publish format-standard has-post-thumbnail hentry category-alimentation-intuitive tag-alimentation-intuitive tag-anti-diet-2 tag-anti-regime tag-culture-des-dietes\" role=\"listitem\">\n\t\t\t<div class=\"elementor-post__card\">\n\t\t\t\t<a class=\"elementor-post__thumbnail__link\" href=\"https:\/\/sooma.ca\/fr\/lalimentation-intuitive-quest-ce-que-cest\/\" tabindex=\"-1\"><div class=\"elementor-post__thumbnail\"><img loading=\"lazy\" decoding=\"async\" width=\"1080\" height=\"1080\" src=\"https:\/\/sooma.ca\/wp-content\/uploads\/2025\/06\/25-1.png\" class=\"attachment-full size-full wp-image-5241\" alt=\"\" srcset=\"https:\/\/sooma.ca\/wp-content\/uploads\/2025\/06\/25-1.png 1080w, https:\/\/sooma.ca\/wp-content\/uploads\/2025\/06\/25-1-300x300.png 300w, https:\/\/sooma.ca\/wp-content\/uploads\/2025\/06\/25-1-1024x1024.png 1024w, https:\/\/sooma.ca\/wp-content\/uploads\/2025\/06\/25-1-150x150.png 150w, https:\/\/sooma.ca\/wp-content\/uploads\/2025\/06\/25-1-768x768.png 768w\" sizes=\"(max-width: 1080px) 100vw, 1080px\" \/><\/div><\/a>\n\t\t\t\t<div class=\"elementor-post__text\">\n\t\t\t\t<h3 class=\"elementor-post__title\">\n\t\t\t<a href=\"https:\/\/sooma.ca\/fr\/lalimentation-intuitive-quest-ce-que-cest\/\">\n\t\t\t\tL\u2019Alimentation Intuitive: Qu\u2019est-ce que c\u2019est?\t\t\t<\/a>\n\t\t<\/h3>\n\t\t\n\t\t<a class=\"elementor-post__read-more\" href=\"https:\/\/sooma.ca\/fr\/lalimentation-intuitive-quest-ce-que-cest\/\" aria-label=\"En savoir plus sur L\u2019Alimentation Intuitive: Qu\u2019est-ce que c\u2019est?\" tabindex=\"-1\">\n\t\t\tRead More \u00bb\t\t<\/a>\n\n\t\t\t\t<\/div>\n\t\t\t\t\t<\/div>\n\t\t<\/article>\n\t\t\t\t<article class=\"elementor-post elementor-grid-item post-5222 post type-post status-publish format-standard has-post-thumbnail hentry category-culture-des-dietes tag-diete tag-perte-de-poids tag-regime tag-surpoids\" role=\"listitem\">\n\t\t\t<div class=\"elementor-post__card\">\n\t\t\t\t<a class=\"elementor-post__thumbnail__link\" href=\"https:\/\/sooma.ca\/fr\/pourquoi-les-gens-ont-du-mal-a-perdre-du-poids\/\" tabindex=\"-1\"><div class=\"elementor-post__thumbnail\"><img loading=\"lazy\" decoding=\"async\" width=\"1080\" height=\"1080\" src=\"https:\/\/sooma.ca\/wp-content\/uploads\/2025\/06\/22-1.png\" class=\"attachment-full size-full wp-image-5204\" alt=\"\" srcset=\"https:\/\/sooma.ca\/wp-content\/uploads\/2025\/06\/22-1.png 1080w, https:\/\/sooma.ca\/wp-content\/uploads\/2025\/06\/22-1-300x300.png 300w, https:\/\/sooma.ca\/wp-content\/uploads\/2025\/06\/22-1-1024x1024.png 1024w, https:\/\/sooma.ca\/wp-content\/uploads\/2025\/06\/22-1-150x150.png 150w, https:\/\/sooma.ca\/wp-content\/uploads\/2025\/06\/22-1-768x768.png 768w\" sizes=\"(max-width: 1080px) 100vw, 1080px\" \/><\/div><\/a>\n\t\t\t\t<div class=\"elementor-post__text\">\n\t\t\t\t<h3 class=\"elementor-post__title\">\n\t\t\t<a href=\"https:\/\/sooma.ca\/fr\/pourquoi-les-gens-ont-du-mal-a-perdre-du-poids\/\">\n\t\t\t\tPourquoi les gens ont du mal \u00e0 perdre du poids\t\t\t<\/a>\n\t\t<\/h3>\n\t\t\n\t\t<a class=\"elementor-post__read-more\" href=\"https:\/\/sooma.ca\/fr\/pourquoi-les-gens-ont-du-mal-a-perdre-du-poids\/\" aria-label=\"En savoir plus sur Pourquoi les gens ont du mal \u00e0 perdre du poids\" tabindex=\"-1\">\n\t\t\tRead More \u00bb\t\t<\/a>\n\n\t\t\t\t<\/div>\n\t\t\t\t\t<\/div>\n\t\t<\/article>\n\t\t\t\t<article class=\"elementor-post elementor-grid-item post-5185 post type-post status-publish format-standard has-post-thumbnail hentry category-culture-des-dietes tag-glucides tag-hormones tag-keto-2\" role=\"listitem\">\n\t\t\t<div class=\"elementor-post__card\">\n\t\t\t\t<a class=\"elementor-post__thumbnail__link\" href=\"https:\/\/sooma.ca\/fr\/couper-les-glucides-comment-cela-affecte-vos-hormones-et-votre-sante\/\" tabindex=\"-1\"><div class=\"elementor-post__thumbnail\"><img loading=\"lazy\" decoding=\"async\" width=\"1080\" height=\"1080\" src=\"https:\/\/sooma.ca\/wp-content\/uploads\/2025\/06\/17-2.png\" class=\"attachment-full size-full wp-image-5163\" alt=\"\" srcset=\"https:\/\/sooma.ca\/wp-content\/uploads\/2025\/06\/17-2.png 1080w, https:\/\/sooma.ca\/wp-content\/uploads\/2025\/06\/17-2-300x300.png 300w, https:\/\/sooma.ca\/wp-content\/uploads\/2025\/06\/17-2-1024x1024.png 1024w, https:\/\/sooma.ca\/wp-content\/uploads\/2025\/06\/17-2-150x150.png 150w, https:\/\/sooma.ca\/wp-content\/uploads\/2025\/06\/17-2-768x768.png 768w\" sizes=\"(max-width: 1080px) 100vw, 1080px\" \/><\/div><\/a>\n\t\t\t\t<div class=\"elementor-post__text\">\n\t\t\t\t<h3 class=\"elementor-post__title\">\n\t\t\t<a href=\"https:\/\/sooma.ca\/fr\/couper-les-glucides-comment-cela-affecte-vos-hormones-et-votre-sante\/\">\n\t\t\t\tCouper les glucides? Comment cela affecte vos hormones et votre sant\u00e9\t\t\t<\/a>\n\t\t<\/h3>\n\t\t\n\t\t<a class=\"elementor-post__read-more\" href=\"https:\/\/sooma.ca\/fr\/couper-les-glucides-comment-cela-affecte-vos-hormones-et-votre-sante\/\" aria-label=\"En savoir plus sur Couper les glucides? Comment cela affecte vos hormones et votre sant\u00e9\" tabindex=\"-1\">\n\t\t\tRead More \u00bb\t\t<\/a>\n\n\t\t\t\t<\/div>\n\t\t\t\t\t<\/div>\n\t\t<\/article>\n\t\t\t\t<article class=\"elementor-post elementor-grid-item post-5150 post type-post status-publish format-standard has-post-thumbnail hentry category-arfid-2 tag-arfid-3\" role=\"listitem\">\n\t\t\t<div class=\"elementor-post__card\">\n\t\t\t\t<a class=\"elementor-post__thumbnail__link\" href=\"https:\/\/sooma.ca\/fr\/le-trouble-dalimentation-selectif-et-ou-evitant-arfid\/\" tabindex=\"-1\"><div class=\"elementor-post__thumbnail\"><img loading=\"lazy\" decoding=\"async\" width=\"1080\" height=\"1080\" src=\"https:\/\/sooma.ca\/wp-content\/uploads\/2025\/06\/14-2.png\" class=\"attachment-full size-full wp-image-5135\" alt=\"\" srcset=\"https:\/\/sooma.ca\/wp-content\/uploads\/2025\/06\/14-2.png 1080w, https:\/\/sooma.ca\/wp-content\/uploads\/2025\/06\/14-2-300x300.png 300w, https:\/\/sooma.ca\/wp-content\/uploads\/2025\/06\/14-2-1024x1024.png 1024w, https:\/\/sooma.ca\/wp-content\/uploads\/2025\/06\/14-2-150x150.png 150w, https:\/\/sooma.ca\/wp-content\/uploads\/2025\/06\/14-2-768x768.png 768w\" sizes=\"(max-width: 1080px) 100vw, 1080px\" \/><\/div><\/a>\n\t\t\t\t<div class=\"elementor-post__text\">\n\t\t\t\t<h3 class=\"elementor-post__title\">\n\t\t\t<a href=\"https:\/\/sooma.ca\/fr\/le-trouble-dalimentation-selectif-et-ou-evitant-arfid\/\">\n\t\t\t\tLe trouble d\u2019alimentation s\u00e9lectif et\/ou \u00e9vitant (ARFID)\t\t\t<\/a>\n\t\t<\/h3>\n\t\t\n\t\t<a class=\"elementor-post__read-more\" href=\"https:\/\/sooma.ca\/fr\/le-trouble-dalimentation-selectif-et-ou-evitant-arfid\/\" aria-label=\"En savoir plus sur Le trouble d\u2019alimentation s\u00e9lectif et\/ou \u00e9vitant (ARFID)\" tabindex=\"-1\">\n\t\t\tRead More \u00bb\t\t<\/a>\n\n\t\t\t\t<\/div>\n\t\t\t\t\t<\/div>\n\t\t<\/article>\n\t\t\t\t<article class=\"elementor-post elementor-grid-item post-5111 post type-post status-publish format-standard has-post-thumbnail hentry category-trouble-alimentaire tag-intervention-familiale tag-tca tag-tf tag-trouble-alimentaire\" role=\"listitem\">\n\t\t\t<div class=\"elementor-post__card\">\n\t\t\t\t<a class=\"elementor-post__thumbnail__link\" href=\"https:\/\/sooma.ca\/fr\/lintervention-familiale\/\" tabindex=\"-1\"><div class=\"elementor-post__thumbnail\"><img loading=\"lazy\" decoding=\"async\" width=\"1080\" height=\"1080\" src=\"https:\/\/sooma.ca\/wp-content\/uploads\/2025\/06\/11-2.png\" class=\"attachment-full size-full wp-image-5088\" alt=\"\" srcset=\"https:\/\/sooma.ca\/wp-content\/uploads\/2025\/06\/11-2.png 1080w, https:\/\/sooma.ca\/wp-content\/uploads\/2025\/06\/11-2-300x300.png 300w, https:\/\/sooma.ca\/wp-content\/uploads\/2025\/06\/11-2-1024x1024.png 1024w, https:\/\/sooma.ca\/wp-content\/uploads\/2025\/06\/11-2-150x150.png 150w, https:\/\/sooma.ca\/wp-content\/uploads\/2025\/06\/11-2-768x768.png 768w\" sizes=\"(max-width: 1080px) 100vw, 1080px\" \/><\/div><\/a>\n\t\t\t\t<div class=\"elementor-post__text\">\n\t\t\t\t<h3 class=\"elementor-post__title\">\n\t\t\t<a href=\"https:\/\/sooma.ca\/fr\/lintervention-familiale\/\">\n\t\t\t\tL\u2019intervention familiale\t\t\t<\/a>\n\t\t<\/h3>\n\t\t\n\t\t<a class=\"elementor-post__read-more\" href=\"https:\/\/sooma.ca\/fr\/lintervention-familiale\/\" aria-label=\"En savoir plus sur L\u2019intervention familiale\" tabindex=\"-1\">\n\t\t\tRead More \u00bb\t\t<\/a>\n\n\t\t\t\t<\/div>\n\t\t\t\t\t<\/div>\n\t\t<\/article>\n\t\t\t\t<article class=\"elementor-post elementor-grid-item post-5075 post type-post status-publish format-standard has-post-thumbnail hentry category-trouble-alimentaire tag-dietetiste tag-genre tag-identites-de-genre tag-lgbtq tag-soins-daffirmation-du-genre tag-tca tag-trans tag-trouble-alimentaire\" role=\"listitem\">\n\t\t\t<div class=\"elementor-post__card\">\n\t\t\t\t<a class=\"elementor-post__thumbnail__link\" href=\"https:\/\/sooma.ca\/fr\/ce-que-signifie-fournir-des-soins-daffirmation-du-genre-partie-2\/\" tabindex=\"-1\"><div class=\"elementor-post__thumbnail\"><img loading=\"lazy\" decoding=\"async\" width=\"1080\" height=\"1080\" src=\"https:\/\/sooma.ca\/wp-content\/uploads\/2025\/06\/Untitled-design-7.png\" class=\"attachment-full size-full wp-image-5059\" alt=\"\" srcset=\"https:\/\/sooma.ca\/wp-content\/uploads\/2025\/06\/Untitled-design-7.png 1080w, https:\/\/sooma.ca\/wp-content\/uploads\/2025\/06\/Untitled-design-7-300x300.png 300w, https:\/\/sooma.ca\/wp-content\/uploads\/2025\/06\/Untitled-design-7-1024x1024.png 1024w, https:\/\/sooma.ca\/wp-content\/uploads\/2025\/06\/Untitled-design-7-150x150.png 150w, https:\/\/sooma.ca\/wp-content\/uploads\/2025\/06\/Untitled-design-7-768x768.png 768w\" sizes=\"(max-width: 1080px) 100vw, 1080px\" \/><\/div><\/a>\n\t\t\t\t<div class=\"elementor-post__text\">\n\t\t\t\t<h3 class=\"elementor-post__title\">\n\t\t\t<a href=\"https:\/\/sooma.ca\/fr\/ce-que-signifie-fournir-des-soins-daffirmation-du-genre-partie-2\/\">\n\t\t\t\tCe que signifie fournir des soins d\u2019affirmation du genre \u2013 Partie 2\t\t\t<\/a>\n\t\t<\/h3>\n\t\t\n\t\t<a class=\"elementor-post__read-more\" href=\"https:\/\/sooma.ca\/fr\/ce-que-signifie-fournir-des-soins-daffirmation-du-genre-partie-2\/\" aria-label=\"En savoir plus sur Ce que signifie fournir des soins d\u2019affirmation du genre \u2013 Partie 2\" tabindex=\"-1\">\n\t\t\tRead More \u00bb\t\t<\/a>\n\n\t\t\t\t<\/div>\n\t\t\t\t\t<\/div>\n\t\t<\/article>\n\t\t\t\t<article class=\"elementor-post elementor-grid-item post-5040 post type-post status-publish format-standard has-post-thumbnail hentry category-trouble-alimentaire tag-genre tag-identites-de-genre tag-lgbtq tag-soins-daffirmation-du-genre tag-tca tag-trans tag-trouble-alimentaire\" role=\"listitem\">\n\t\t\t<div class=\"elementor-post__card\">\n\t\t\t\t<a class=\"elementor-post__thumbnail__link\" href=\"https:\/\/sooma.ca\/fr\/ce-que-signifie-fournir-des-soins-daffirmation-du-genre-partie-1\/\" tabindex=\"-1\"><div class=\"elementor-post__thumbnail\"><img loading=\"lazy\" decoding=\"async\" width=\"1080\" height=\"1080\" src=\"https:\/\/sooma.ca\/wp-content\/uploads\/2025\/06\/1-3.png\" class=\"attachment-full size-full wp-image-4996\" alt=\"\" srcset=\"https:\/\/sooma.ca\/wp-content\/uploads\/2025\/06\/1-3.png 1080w, https:\/\/sooma.ca\/wp-content\/uploads\/2025\/06\/1-3-300x300.png 300w, https:\/\/sooma.ca\/wp-content\/uploads\/2025\/06\/1-3-1024x1024.png 1024w, https:\/\/sooma.ca\/wp-content\/uploads\/2025\/06\/1-3-150x150.png 150w, https:\/\/sooma.ca\/wp-content\/uploads\/2025\/06\/1-3-768x768.png 768w\" sizes=\"(max-width: 1080px) 100vw, 1080px\" \/><\/div><\/a>\n\t\t\t\t<div class=\"elementor-post__text\">\n\t\t\t\t<h3 class=\"elementor-post__title\">\n\t\t\t<a href=\"https:\/\/sooma.ca\/fr\/ce-que-signifie-fournir-des-soins-daffirmation-du-genre-partie-1\/\">\n\t\t\t\tCe que signifie fournir des soins d\u2019affirmation du genre \u2013 Partie 1\t\t\t<\/a>\n\t\t<\/h3>\n\t\t\n\t\t<a class=\"elementor-post__read-more\" href=\"https:\/\/sooma.ca\/fr\/ce-que-signifie-fournir-des-soins-daffirmation-du-genre-partie-1\/\" aria-label=\"En savoir plus sur Ce que signifie fournir des soins d\u2019affirmation du genre \u2013 Partie 1\" tabindex=\"-1\">\n\t\t\tRead More \u00bb\t\t<\/a>\n\n\t\t\t\t<\/div>\n\t\t\t\t\t<\/div>\n\t\t<\/article>\n\t\t\t\t<article class=\"elementor-post elementor-grid-item post-4969 post type-post status-publish format-standard has-post-thumbnail hentry category-non-categorise tag-amenorhee tag-regle tag-regles tag-trouble-alimentaire\" role=\"listitem\">\n\t\t\t<div class=\"elementor-post__card\">\n\t\t\t\t<a class=\"elementor-post__thumbnail__link\" href=\"https:\/\/sooma.ca\/fr\/avez-vous-perdu-vos-regles-et-pensez-que-cest-genial-pensez-y-plus-loin\/\" tabindex=\"-1\"><div class=\"elementor-post__thumbnail\"><img loading=\"lazy\" decoding=\"async\" width=\"1080\" height=\"1080\" src=\"https:\/\/sooma.ca\/wp-content\/uploads\/2025\/06\/Untitled-design-6.png\" class=\"attachment-full size-full wp-image-4970\" alt=\"\" srcset=\"https:\/\/sooma.ca\/wp-content\/uploads\/2025\/06\/Untitled-design-6.png 1080w, https:\/\/sooma.ca\/wp-content\/uploads\/2025\/06\/Untitled-design-6-300x300.png 300w, https:\/\/sooma.ca\/wp-content\/uploads\/2025\/06\/Untitled-design-6-1024x1024.png 1024w, https:\/\/sooma.ca\/wp-content\/uploads\/2025\/06\/Untitled-design-6-150x150.png 150w, https:\/\/sooma.ca\/wp-content\/uploads\/2025\/06\/Untitled-design-6-768x768.png 768w\" sizes=\"(max-width: 1080px) 100vw, 1080px\" \/><\/div><\/a>\n\t\t\t\t<div class=\"elementor-post__text\">\n\t\t\t\t<h3 class=\"elementor-post__title\">\n\t\t\t<a href=\"https:\/\/sooma.ca\/fr\/avez-vous-perdu-vos-regles-et-pensez-que-cest-genial-pensez-y-plus-loin\/\">\n\t\t\t\tAvez-vous perdu vos r\u00e8gles et pensez que c\u2019est g\u00e9nial? Pensez-y plus loin\t\t\t<\/a>\n\t\t<\/h3>\n\t\t\n\t\t<a class=\"elementor-post__read-more\" href=\"https:\/\/sooma.ca\/fr\/avez-vous-perdu-vos-regles-et-pensez-que-cest-genial-pensez-y-plus-loin\/\" aria-label=\"En savoir plus sur Avez-vous perdu vos r\u00e8gles et pensez que c\u2019est g\u00e9nial? Pensez-y plus loin\" tabindex=\"-1\">\n\t\t\tRead More \u00bb\t\t<\/a>\n\n\t\t\t\t<\/div>\n\t\t\t\t\t<\/div>\n\t\t<\/article>\n\t\t\t\t<article class=\"elementor-post elementor-grid-item post-4930 post type-post status-publish format-standard has-post-thumbnail hentry category-alimentation-intuitive category-non-categorise tag-anti-diet-2 tag-anti-regime tag-culture-des-dietes\" role=\"listitem\">\n\t\t\t<div class=\"elementor-post__card\">\n\t\t\t\t<a class=\"elementor-post__thumbnail__link\" href=\"https:\/\/sooma.ca\/fr\/ce-quil-faut-savoir-avant-dentreprendre-une-demarche-anti-regime\/\" tabindex=\"-1\"><div class=\"elementor-post__thumbnail\"><img loading=\"lazy\" decoding=\"async\" width=\"1080\" height=\"1080\" src=\"https:\/\/sooma.ca\/wp-content\/uploads\/2025\/06\/38.png\" class=\"attachment-full size-full wp-image-4913\" alt=\"\" srcset=\"https:\/\/sooma.ca\/wp-content\/uploads\/2025\/06\/38.png 1080w, https:\/\/sooma.ca\/wp-content\/uploads\/2025\/06\/38-300x300.png 300w, https:\/\/sooma.ca\/wp-content\/uploads\/2025\/06\/38-1024x1024.png 1024w, https:\/\/sooma.ca\/wp-content\/uploads\/2025\/06\/38-150x150.png 150w, https:\/\/sooma.ca\/wp-content\/uploads\/2025\/06\/38-768x768.png 768w\" sizes=\"(max-width: 1080px) 100vw, 1080px\" \/><\/div><\/a>\n\t\t\t\t<div class=\"elementor-post__text\">\n\t\t\t\t<h3 class=\"elementor-post__title\">\n\t\t\t<a href=\"https:\/\/sooma.ca\/fr\/ce-quil-faut-savoir-avant-dentreprendre-une-demarche-anti-regime\/\">\n\t\t\t\tCe qu\u2019il faut savoir avant d\u2019entreprendre une d\u00e9marche anti-r\u00e9gime\t\t\t<\/a>\n\t\t<\/h3>\n\t\t\n\t\t<a class=\"elementor-post__read-more\" href=\"https:\/\/sooma.ca\/fr\/ce-quil-faut-savoir-avant-dentreprendre-une-demarche-anti-regime\/\" aria-label=\"En savoir plus sur Ce qu\u2019il faut savoir avant d\u2019entreprendre une d\u00e9marche anti-r\u00e9gime\" tabindex=\"-1\">\n\t\t\tRead More \u00bb\t\t<\/a>\n\n\t\t\t\t<\/div>\n\t\t\t\t\t<\/div>\n\t\t<\/article>\n\t\t\t\t<article class=\"elementor-post elementor-grid-item post-7370 post type-post status-publish format-standard has-post-thumbnail hentry category-alimentation-desordonee category-alimentation-intuitive tag-ado tag-adolescente tag-adolescents tag-nourriture tag-relation-saine-avec-la-nourriture tag-saine-alimentation\" role=\"listitem\">\n\t\t\t<div class=\"elementor-post__card\">\n\t\t\t\t<a class=\"elementor-post__thumbnail__link\" href=\"https:\/\/sooma.ca\/fr\/comment-parler-a-votre-adolescent-e-dune-saine-alimentation-sans-creer-une-preoccupation-avec-la-nourriture\/\" tabindex=\"-1\"><div class=\"elementor-post__thumbnail\"><img loading=\"lazy\" decoding=\"async\" width=\"1080\" height=\"1080\" src=\"https:\/\/sooma.ca\/wp-content\/uploads\/2025\/06\/31.png\" class=\"attachment-full size-full wp-image-4885\" alt=\"\" srcset=\"https:\/\/sooma.ca\/wp-content\/uploads\/2025\/06\/31.png 1080w, https:\/\/sooma.ca\/wp-content\/uploads\/2025\/06\/31-300x300.png 300w, https:\/\/sooma.ca\/wp-content\/uploads\/2025\/06\/31-1024x1024.png 1024w, https:\/\/sooma.ca\/wp-content\/uploads\/2025\/06\/31-150x150.png 150w, https:\/\/sooma.ca\/wp-content\/uploads\/2025\/06\/31-768x768.png 768w\" sizes=\"(max-width: 1080px) 100vw, 1080px\" \/><\/div><\/a>\n\t\t\t\t<div class=\"elementor-post__text\">\n\t\t\t\t<h3 class=\"elementor-post__title\">\n\t\t\t<a href=\"https:\/\/sooma.ca\/fr\/comment-parler-a-votre-adolescent-e-dune-saine-alimentation-sans-creer-une-preoccupation-avec-la-nourriture\/\">\n\t\t\t\tComment parler \u00e0 votre adolescent.e d\u2019une saine alimentation sans cr\u00e9er une pr\u00e9occupation avec la nourriture\t\t\t<\/a>\n\t\t<\/h3>\n\t\t\n\t\t<a class=\"elementor-post__read-more\" href=\"https:\/\/sooma.ca\/fr\/comment-parler-a-votre-adolescent-e-dune-saine-alimentation-sans-creer-une-preoccupation-avec-la-nourriture\/\" aria-label=\"En savoir plus sur Comment parler \u00e0 votre adolescent.e d\u2019une saine alimentation sans cr\u00e9er une pr\u00e9occupation avec la nourriture\" tabindex=\"-1\">\n\t\t\tRead More \u00bb\t\t<\/a>\n\n\t\t\t\t<\/div>\n\t\t\t\t\t<\/div>\n\t\t<\/article>\n\t\t\t\t<article class=\"elementor-post elementor-grid-item post-4532 post type-post status-publish format-standard has-post-thumbnail hentry category-anorexie category-boulimie category-trouble-alimentaire tag-anorexie tag-boulimie tag-enfant tag-tca tag-trouble-alimentaire\" role=\"listitem\">\n\t\t\t<div class=\"elementor-post__card\">\n\t\t\t\t<a class=\"elementor-post__thumbnail__link\" href=\"https:\/\/sooma.ca\/fr\/5-signes-que-votre-enfant-pourrait-avoir-un-trouble-alimentaire\/\" tabindex=\"-1\"><div class=\"elementor-post__thumbnail\"><img loading=\"lazy\" decoding=\"async\" width=\"1080\" height=\"1080\" src=\"https:\/\/sooma.ca\/wp-content\/uploads\/2025\/06\/10-1.png\" class=\"attachment-full size-full wp-image-4508\" alt=\"\" srcset=\"https:\/\/sooma.ca\/wp-content\/uploads\/2025\/06\/10-1.png 1080w, https:\/\/sooma.ca\/wp-content\/uploads\/2025\/06\/10-1-300x300.png 300w, https:\/\/sooma.ca\/wp-content\/uploads\/2025\/06\/10-1-1024x1024.png 1024w, https:\/\/sooma.ca\/wp-content\/uploads\/2025\/06\/10-1-150x150.png 150w, https:\/\/sooma.ca\/wp-content\/uploads\/2025\/06\/10-1-768x768.png 768w\" sizes=\"(max-width: 1080px) 100vw, 1080px\" \/><\/div><\/a>\n\t\t\t\t<div class=\"elementor-post__text\">\n\t\t\t\t<h3 class=\"elementor-post__title\">\n\t\t\t<a href=\"https:\/\/sooma.ca\/fr\/5-signes-que-votre-enfant-pourrait-avoir-un-trouble-alimentaire\/\">\n\t\t\t\t5 signes que votre enfant pourrait avoir un trouble alimentaire\t\t\t<\/a>\n\t\t<\/h3>\n\t\t\n\t\t<a class=\"elementor-post__read-more\" href=\"https:\/\/sooma.ca\/fr\/5-signes-que-votre-enfant-pourrait-avoir-un-trouble-alimentaire\/\" aria-label=\"En savoir plus sur 5 signes que votre enfant pourrait avoir un trouble alimentaire\" tabindex=\"-1\">\n\t\t\tRead More \u00bb\t\t<\/a>\n\n\t\t\t\t<\/div>\n\t\t\t\t\t<\/div>\n\t\t<\/article>\n\t\t\t\t<\/div>\n\t\t\n\t\t\t\t\t\t<\/div>\n\t\t\t\t<\/div>\n\t\t\t\t\t<\/div>\n\t\t\t\t<\/div>\n\t\t<div class=\"elementor-element elementor-element-1d20aeac e-flex e-con-boxed e-con e-parent\" data-id=\"1d20aeac\" data-element_type=\"container\" data-e-type=\"container\">\n\t\t\t\t\t<div class=\"e-con-inner\">\n\t\t\t\t<div class=\"elementor-element elementor-element-74c977c8 elementor-post-navigation-borders-yes elementor-widget elementor-widget-post-navigation\" data-id=\"74c977c8\" data-element_type=\"widget\" data-e-type=\"widget\" data-widget_type=\"post-navigation.default\">\n\t\t\t\t<div class=\"elementor-widget-container\">\n\t\t\t\t\t\t\t<div class=\"elementor-post-navigation\" role=\"navigation\" aria-label=\"Navigation de publication\">\n\t\t\t<div class=\"elementor-post-navigation__prev elementor-post-navigation__link\">\n\t\t\t\t\t\t\t<\/div>\n\t\t\t\t\t\t\t<div class=\"elementor-post-navigation__separator-wrapper\">\n\t\t\t\t\t<div class=\"elementor-post-navigation__separator\"><\/div>\n\t\t\t\t<\/div>\n\t\t\t\t\t\t<div class=\"elementor-post-navigation__next elementor-post-navigation__link\">\n\t\t\t\t<a href=\"https:\/\/sooma.ca\/fr\/comment-parler-a-votre-adolescent-e-dune-saine-alimentation-sans-creer-une-preoccupation-avec-la-nourriture\/\" rel=\"next\"><span class=\"elementor-post-navigation__link__next\"><span class=\"post-navigation__next--label\">Next<\/span><span class=\"post-navigation__next--title\">Comment parler \u00e0 votre adolescent.e d\u2019une saine alimentation sans cr\u00e9er une pr\u00e9occupation avec la nourriture<\/span><\/span><span class=\"post-navigation__arrow-wrapper post-navigation__arrow-next\"><svg aria-hidden=\"true\" class=\"e-font-icon-svg e-fas-angle-right\" viewBox=\"0 0 256 512\" xmlns=\"http:\/\/www.w3.org\/2000\/svg\"><path d=\"M224.3 273l-136 136c-9.4 9.4-24.6 9.4-33.9 0l-22.6-22.6c-9.4-9.4-9.4-24.6 0-33.9l96.4-96.4-96.4-96.4c-9.4-9.4-9.4-24.6 0-33.9L54.3 103c9.4-9.4 24.6-9.4 33.9 0l136 136c9.5 9.4 9.5 24.6.1 34z\"><\/path><\/svg><span class=\"elementor-screen-only\">Suivant<\/span><\/span><\/a>\t\t\t<\/div>\n\t\t<\/div>\n\t\t\t\t\t\t<\/div>\n\t\t\t\t<\/div>\n\t\t\t\t\t<\/div>\n\t\t\t\t<\/div>\n\t\t\t\t<\/div>\n\t\t","protected":false},"excerpt":{"rendered":"<p>L\u2019anorexie mentale est un trouble alimentaire grave aux cons\u00e9quences m\u00e9dicales importantes. D\u00e9couvrez les effets possibles sur le cerveau, le c\u0153ur, le syst\u00e8me digestif, les os et plus encore, et comment la r\u00e9cup\u00e9ration peut renverser ces impacts.<\/p>\n","protected":false},"author":3,"featured_media":6865,"comment_status":"open","ping_status":"open","sticky":false,"template":"elementor_header_footer","format":"standard","meta":{"site-sidebar-layout":"default","site-content-layout":"","ast-site-content-layout":"default","site-content-style":"default","site-sidebar-style":"default","ast-global-header-display":"","ast-banner-title-visibility":"","ast-main-header-display":"","ast-hfb-above-header-display":"","ast-hfb-below-header-display":"","ast-hfb-mobile-header-display":"","site-post-title":"","ast-breadcrumbs-content":"","ast-featured-img":"","footer-sml-layout":"","ast-disable-related-posts":"","theme-transparent-header-meta":"","adv-header-id-meta":"","stick-header-meta":"","header-above-stick-meta":"","header-main-stick-meta":"","header-below-stick-meta":"","astra-migrate-meta-layouts":"set","ast-page-background-enabled":"default","ast-page-background-meta":{"desktop":{"background-color":"","background-image":"","background-repeat":"repeat","background-position":"center center","background-size":"auto","background-attachment":"scroll","background-type":"","background-media":"","overlay-type":"","overlay-color":"","overlay-opacity":"","overlay-gradient":""},"tablet":{"background-color":"","background-image":"","background-repeat":"repeat","background-position":"center center","background-size":"auto","background-attachment":"scroll","background-type":"","background-media":"","overlay-type":"","overlay-color":"","overlay-opacity":"","overlay-gradient":""},"mobile":{"background-color":"","background-image":"","background-repeat":"repeat","background-position":"center center","background-size":"auto","background-attachment":"scroll","background-type":"","background-media":"","overlay-type":"","overlay-color":"","overlay-opacity":"","overlay-gradient":""}},"ast-content-background-meta":{"desktop":{"background-color":"var(--ast-global-color-5)","background-image":"","background-repeat":"repeat","background-position":"center center","background-size":"auto","background-attachment":"scroll","background-type":"","background-media":"","overlay-type":"","overlay-color":"","overlay-opacity":"","overlay-gradient":""},"tablet":{"background-color":"var(--ast-global-color-5)","background-image":"","background-repeat":"repeat","background-position":"center center","background-size":"auto","background-attachment":"scroll","background-type":"","background-media":"","overlay-type":"","overlay-color":"","overlay-opacity":"","overlay-gradient":""},"mobile":{"background-color":"var(--ast-global-color-5)","background-image":"","background-repeat":"repeat","background-position":"center center","background-size":"auto","background-attachment":"scroll","background-type":"","background-media":"","overlay-type":"","overlay-color":"","overlay-opacity":"","overlay-gradient":""}},"footnotes":""},"categories":[88,79],"tags":[86,284,283,252,84,82],"class_list":["post-6886","post","type-post","status-publish","format-standard","has-post-thumbnail","hentry","category-anorexie","category-trouble-alimentaire","tag-anorexie","tag-anorexie-mentale","tag-exercice-compulsif","tag-restriction-2","tag-tca","tag-trouble-alimentaire"],"_links":{"self":[{"href":"https:\/\/sooma.ca\/fr\/wp-json\/wp\/v2\/posts\/6886","targetHints":{"allow":["GET"]}}],"collection":[{"href":"https:\/\/sooma.ca\/fr\/wp-json\/wp\/v2\/posts"}],"about":[{"href":"https:\/\/sooma.ca\/fr\/wp-json\/wp\/v2\/types\/post"}],"author":[{"embeddable":true,"href":"https:\/\/sooma.ca\/fr\/wp-json\/wp\/v2\/users\/3"}],"replies":[{"embeddable":true,"href":"https:\/\/sooma.ca\/fr\/wp-json\/wp\/v2\/comments?post=6886"}],"version-history":[{"count":16,"href":"https:\/\/sooma.ca\/fr\/wp-json\/wp\/v2\/posts\/6886\/revisions"}],"predecessor-version":[{"id":9021,"href":"https:\/\/sooma.ca\/fr\/wp-json\/wp\/v2\/posts\/6886\/revisions\/9021"}],"wp:featuredmedia":[{"embeddable":true,"href":"https:\/\/sooma.ca\/fr\/wp-json\/wp\/v2\/media\/6865"}],"wp:attachment":[{"href":"https:\/\/sooma.ca\/fr\/wp-json\/wp\/v2\/media?parent=6886"}],"wp:term":[{"taxonomy":"category","embeddable":true,"href":"https:\/\/sooma.ca\/fr\/wp-json\/wp\/v2\/categories?post=6886"},{"taxonomy":"post_tag","embeddable":true,"href":"https:\/\/sooma.ca\/fr\/wp-json\/wp\/v2\/tags?post=6886"}],"curies":[{"name":"wp","href":"https:\/\/api.w.org\/{rel}","templated":true}]}}